{"id":241724,"date":"2025-11-17T23:14:09","date_gmt":"2025-11-17T23:14:09","guid":{"rendered":"https:\/\/www.europesays.com\/es\/241724\/"},"modified":"2025-11-17T23:14:09","modified_gmt":"2025-11-17T23:14:09","slug":"maria-patino-a-kiko-matamoros-tras-la-marcha-de-belen-esteban-de-no-somos-nadie-somos-la-resistencia","status":"publish","type":"post","link":"https:\/\/www.europesays.com\/es\/241724\/","title":{"rendered":"Mar\u00eda Pati\u00f1o, a Kiko Matamoros tras la marcha de Bel\u00e9n Esteban de &#8216;No somos nadie&#8217;: \u00abSomos la resistencia\u00bb"},"content":{"rendered":"<p class=\"c-paragraph\"><a href=\"https:\/\/www.20minutos.es\/tags\/personas\/belen-esteban.html\" title=\"Bel\u00e9n Esteban\" rel=\"nofollow noopener\" target=\"_blank\">Bel\u00e9n Esteban<\/a> dijo adi\u00f3s este 14 de noviembre a <a href=\"https:\/\/www.20minutos.es\/tags\/temas\/no-somos-nadie.html\" title=\"No somos nadie\" rel=\"nofollow noopener\" target=\"_blank\">No somos nadie<\/a>. La salida, en principio temporal por la grabaci\u00f3n del nuevo talent de reposter\u00eda <a href=\"https:\/\/www.20minutos.es\/tags\/instituciones-empresas\/top-chef.html\" title=\"Top Chef\" rel=\"nofollow noopener\" target=\"_blank\">Top Chef: dulces y famosos<\/a>,\u00a0dej\u00f3 la sensaci\u00f3n de ser definitiva. Algunas frases ambiguas y la celebraci\u00f3n de una fiesta posterior, generaron dudas entre los espectadores sobre si realmente &#8216;La patrona&#8217; tiene intenci\u00f3n de volver.<\/p>\n<p class=\"c-paragraph\">Dos d\u00edas despu\u00e9s, ya con Esteban fuera del plat\u00f3, sus compa\u00f1eros <a href=\"https:\/\/www.20minutos.es\/tags\/personas\/maria-patino.html\" title=\"Mar\u00eda Pati\u00f1o\" rel=\"nofollow noopener\" target=\"_blank\">Mar\u00eda Pati\u00f1o<\/a> y <a href=\"https:\/\/www.20minutos.es\/tags\/personas\/kiko-matamoros.html\" title=\"Kiko Matamoros\" rel=\"nofollow noopener\" target=\"_blank\">Kiko Matamoros<\/a> mantuvieron una conversaci\u00f3n para <b>poner en valor su permanencia en Canal Quickie<\/b> tras el final de\u00a0S\u00e1lvame.<\/p>\n<p class=\"c-paragraph\">\u201cHe pensado que t\u00fa y yo <b>somos la resistencia<\/b>, \u00bflo sabes, no?\u201d, dijo Pati\u00f1o para despu\u00e9s mencionar\u00a0<a href=\"https:\/\/www.20minutos.es\/tags\/temas\/la-casa-de-papel.html\" title=\"La casa de papel\" rel=\"nofollow noopener\" target=\"_blank\">La casa de papel<\/a>: \u00abIban muriendo y qued\u00f3 la resistencia\u00bb.<\/p>\n<p class=\"c-paragraph\">El exparticipante de <a href=\"https:\/\/www.20minutos.es\/tags\/temas\/supervivientes.html\" title=\"Supervivientes\" rel=\"nofollow noopener\" target=\"_blank\">Supervivientes<\/a> respondi\u00f3 con optimismo, dando a entender que otros rostros del antiguo programa de Telecinco <b>podr\u00edan regresar al magac\u00edn donde trabajan<\/b>: \u00abHay actores que no han vuelto y, en cualquier momento, pueden volver a nuestras vidas\u00bb.<\/p>\n<p class=\"c-paragraph\">A continuaci\u00f3n, confes\u00f3 echar \u00abmuch\u00edsimo de menos\u00bb a <a href=\"https:\/\/www.20minutos.es\/tags\/personas\/chelo-garcia-cortes.html\" title=\"Chelo Garc\u00eda-Cort\u00e9s\" rel=\"nofollow noopener\" target=\"_blank\">Chelo Garc\u00eda Cort\u00e9s<\/a> y <a href=\"https:\/\/www.20minutos.es\/tags\/personas\/kiko-hernandez.html\" title=\"Kiko Hern\u00e1ndez\" rel=\"nofollow noopener\" target=\"_blank\">Kiko Hern\u00e1ndez<\/a>. Pati\u00f1o mencion\u00f3 entonces a V\u00edctor Sandoval, pero Matamoros, firme, <b>dej\u00f3 claro que no comparte esa nostalgia<\/b>.<\/p>\n","protected":false},"excerpt":{"rendered":"Bel\u00e9n Esteban dijo adi\u00f3s este 14 de noviembre a No somos nadie. La salida, en principio temporal por&hellip;\n","protected":false},"author":2,"featured_media":241725,"comment_status":"","ping_status":"","sticky":false,"template":"","format":"standard","meta":{"footnotes":""},"categories":[174],"tags":[255,146,147,25,24,256,3523,1932,15185,8014,23,575],"class_list":{"0":"post-241724","1":"post","2":"type-post","3":"status-publish","4":"format-standard","5":"has-post-thumbnail","7":"category-famosos","8":"tag-celebrities","9":"tag-entertainment","10":"tag-entretenimiento","11":"tag-es","12":"tag-espana","13":"tag-famosos","14":"tag-kiko","15":"tag-maria","16":"tag-matamoros","17":"tag-patino","18":"tag-spain","19":"tag-tras"},"share_on_mastodon":{"url":"https:\/\/pubeurope.com\/@es\/115567582572820315","error":""},"_links":{"self":[{"href":"https:\/\/www.europesays.com\/es\/wp-json\/wp\/v2\/posts\/241724","targetHints":{"allow":["GET"]}}],"collection":[{"href":"https:\/\/www.europesays.com\/es\/wp-json\/wp\/v2\/posts"}],"about":[{"href":"https:\/\/www.europesays.com\/es\/wp-json\/wp\/v2\/types\/post"}],"author":[{"embeddable":true,"href":"https:\/\/www.europesays.com\/es\/wp-json\/wp\/v2\/users\/2"}],"replies":[{"embeddable":true,"href":"https:\/\/www.europesays.com\/es\/wp-json\/wp\/v2\/comments?post=241724"}],"version-history":[{"count":0,"href":"https:\/\/www.europesays.com\/es\/wp-json\/wp\/v2\/posts\/241724\/revisions"}],"wp:featuredmedia":[{"embeddable":true,"href":"https:\/\/www.europesays.com\/es\/wp-json\/wp\/v2\/media\/241725"}],"wp:attachment":[{"href":"https:\/\/www.europesays.com\/es\/wp-json\/wp\/v2\/media?parent=241724"}],"wp:term":[{"taxonomy":"category","embeddable":true,"href":"https:\/\/www.europesays.com\/es\/wp-json\/wp\/v2\/categories?post=241724"},{"taxonomy":"post_tag","embeddable":true,"href":"https:\/\/www.europesays.com\/es\/wp-json\/wp\/v2\/tags?post=241724"}],"curies":[{"name":"wp","href":"https:\/\/api.w.org\/{rel}","templated":true}]}}