{"id":241726,"date":"2025-11-17T23:15:45","date_gmt":"2025-11-17T23:15:45","guid":{"rendered":"https:\/\/www.europesays.com\/es\/241726\/"},"modified":"2025-11-17T23:15:45","modified_gmt":"2025-11-17T23:15:45","slug":"unicaja-acerca-su-legado-artistico-a-gijon-con-una-exposicion-unica-en-el-palacio-de-revillagigedo","status":"publish","type":"post","link":"https:\/\/www.europesays.com\/es\/241726\/","title":{"rendered":"Unicaja acerca su legado art\u00edstico a Gij\u00f3n con una exposici\u00f3n \u00fanica en el Palacio de Revillagigedo"},"content":{"rendered":"<p class=\"ft-text ft-helper-align-justify\">Hasta el 28 de diciembre, el Palacio de Revillagigedo acoge la exposici\u00f3n \u2018La pintura contempor\u00e1nea en la Colecci\u00f3n Unicaja (1865\u20132000)\u2019, <strong>una muestra excepcional que re\u00fane 84 obras de destacados artistas nacionales e internacionales, junto a una nutrida representaci\u00f3n de creadores asturianos.<\/strong><\/p>\n<p class=\"ft-text ft-helper-align-justify\"><strong>Comisariada por Gretel Piquer y con la selecci\u00f3n experta de Javier Bar\u00f3n, jefe de Pintura del Siglo XIX del Museo del Prado,<\/strong> la exposici\u00f3n propone un recorrido por siglo y medio de historia del arte a trav\u00e9s de siete secciones tem\u00e1ticas que abarcan desde el realismo decimon\u00f3nico hasta la nueva figuraci\u00f3n de finales del siglo XX.<\/p>\n<p class=\"ft-text ft-helper-align-justify\">Desde el realismo y simbolismo de Federico Madrazo o Dionisio Fierros, hasta el postimpresionismo de Dar\u00edo de Regoyos y Evaristo Valle, pasando por las vanguardias de Mar\u00eda Blanchard o Pancho Coss\u00edo, y la modernidad de posguerra representada por \u00c1lvaro Delgado o Joaqu\u00edn Vaquero Palacios, la muestra por el foco en los a\u00f1os que transformaron el arte desde finales del XIX. Con obras que dialogan entre estilos, t\u00e9cnicas y discursos, Piquer y su equipo han vestido las paredes del Revillagigedo con una narrativa que adentrar\u00e1 al visitante, de manera amena y fluida, por siglo y medio de historia del arte contempor\u00e1neo.<\/p>\n<p><img decoding=\"async\" src=\"https:\/\/www.europesays.com\/es\/wp-content\/uploads\/2025\/11\/cbfe29e1-8d52-41cf-b716-e662baa5d6c3_alta-libre-aspect-ratio_default_0.jpg\" width=\"1200\" height=\"800\" alt=\"ExpoUnicaja Gij\u00f3n\" class=\"ft-helper-img-rd\" loading=\"lazy\"\/><\/p>\n<p class=\"ft-helper-fontColor-quaternary ft-helper-fontSize-body-S ft-helper-spacer-t-xxs\">ExpoUnicaja Gij\u00f3n  \/ Cedida a LNE<\/p>\n<p class=\"ft-text ft-helper-align-justify\"><strong>La exposici\u00f3n estar\u00e1 abierta al p\u00fablico en el Palacio de Revillagigedo (Plaza del Marqu\u00e9s, 2) hasta el 28 de diciembre, de martes a domingo, en horario de 11:00 a 14:00 y de 17:00 a 20:00 horas.<\/strong><\/p>\n<p class=\"ft-text ft-helper-align-justify\">Esta iniciativa refuerza el compromiso de Unicaja con la cultura y el patrimonio asturiano, y supone una oportunidad \u00fanica para disfrutar en Gij\u00f3n de obras que, en muchos casos, se exhiben por primera vez en la regi\u00f3n.<\/p>\n<p>Un recorrido por el arte contempor\u00e1neo<\/p>\n<p class=\"ft-text ft-helper-align-justify\">La muestra discurre por un recorrido en torno a siete secciones contextualizadas. La primera de ellas, que arranca en la segunda mitad del siglo XIX se encuentra a caballo entre el realismo y el simbolismo desvelando obra de autores como Federico Madrazo o Rogelio de Egusquiza, as\u00ed como de Dionisio Fierros o Augusto Junquera.<\/p>\n<p class=\"ft-text ft-helper-align-justify\">A continuaci\u00f3n, la muestra recoge pinturas de artistas que se independizaron de la tradici\u00f3n acad\u00e9mica y ofrecieron nuevas v\u00edas para la pl\u00e1stica, a partir de la \u00faltima d\u00e9cada del siglo XIX con el \u2018Postimpresionismo\u2019. Los pintores asturianos Dar\u00edo de Regoyos o Evaristo Valle son un ejemplo de ello, en di\u00e1logo con obras de autores como Julio Romero de Torres o Jos\u00e9 Guti\u00e9rrez Solana.<\/p>\n<p><img decoding=\"async\" src=\"https:\/\/www.europesays.com\/es\/wp-content\/uploads\/2025\/11\/4af036d2-c9c9-4b50-ab2d-7b1a6dc02306_alta-libre-aspect-ratio_default_0.jpg\" width=\"1200\" height=\"693\" alt=\"La Romer\u00eda, de Evaristo Valle\" class=\"ft-helper-img-rd\" loading=\"lazy\"\/><\/p>\n<p class=\"ft-helper-fontColor-quaternary ft-helper-fontSize-body-S ft-helper-spacer-t-xxs\">La Romer\u00eda, de Evaristo Valle  \/ Cedida a LNE<\/p>\n<p class=\"ft-text ft-helper-align-justify\"><strong>En la secci\u00f3n tercera, \u2018La influencia de las vanguardias\u2019, se presentan creadores cuya obra supuso una renovaci\u00f3n radical frente a las propuestas anteriores. <\/strong>Entre otras, creaciones de Mar\u00eda Guti\u00e9rrez Blanchard, Pancho Coss\u00edo, Benjam\u00edn Palencia o Francisco Bores, tambi\u00e9n con representaci\u00f3n asturiana en la faceta m\u00e1s expresionista del gijon\u00e9s Aurelio Su\u00e1rez.<\/p>\n<p class=\"ft-text ft-helper-align-justify\">En cuarto lugar, \u2018La posguerra\u2019 nos traslada a una modernidad temperada tras la Guerra Civil en creaciones como las de Gerardo de Alvear, Miquel Vill\u00e0 o \u00c1lvaro Delgado. Tambi\u00e9n firmas asturianas como Andr\u00e9s Vidau, Joaqu\u00edn Vaquero Palacios, Paulino Vicente el Mozo o Trinidad Fern\u00e1ndez ejemplificar\u00e1n este per\u00edodo.<\/p>\n<p class=\"ft-text ft-helper-align-justify\"><strong>El recorrido contin\u00faa con el informalismo y la neofiguraci\u00f3n, con piezas de Eduardo \u00darculo, Fernando Z\u00f3bel o Antonio Saura<\/strong>, y se abre a una mirada internacional con autores como Sol LeWitt o Joseph Kosuth. La \u00faltima secci\u00f3n, Vuelta a la pintura, destaca el retorno a la figuraci\u00f3n en los a\u00f1os 80 y 90, con obras de Juan Giralt, Xavier Grau y una amplia representaci\u00f3n de artistas asturianos como Pelayo Ortega, Miguel Galano o Pablo de Lillo.<\/p>\n","protected":false},"excerpt":{"rendered":"Hasta el 28 de diciembre, el Palacio de Revillagigedo acoge la exposici\u00f3n \u2018La pintura contempor\u00e1nea en la Colecci\u00f3n&hellip;\n","protected":false},"author":2,"featured_media":241727,"comment_status":"","ping_status":"","sticky":false,"template":"","format":"standard","meta":{"footnotes":""},"categories":[173],"tags":[944,229,233,14626,231,230,32543,1770,232,234,146,147,25,24,2003,6023,8488,363,474,503,23,2246],"class_list":{"0":"post-241726","1":"post","2":"type-post","3":"status-publish","4":"format-standard","5":"has-post-thumbnail","7":"category-arte-y-diseno","8":"tag-acerca","9":"tag-arte","10":"tag-arte-y-diseno","11":"tag-artistico","12":"tag-arts","13":"tag-arts-and-design","14":"tag-asturianos","15":"tag-asturias","16":"tag-design","17":"tag-diseno","18":"tag-entertainment","19":"tag-entretenimiento","20":"tag-es","21":"tag-espana","22":"tag-exposicion","23":"tag-gijon","24":"tag-joaquin","25":"tag-legado","26":"tag-obras","27":"tag-pintura","28":"tag-spain","29":"tag-unicaja"},"share_on_mastodon":{"url":"https:\/\/pubeurope.com\/@es\/115567586692643900","error":""},"_links":{"self":[{"href":"https:\/\/www.europesays.com\/es\/wp-json\/wp\/v2\/posts\/241726","targetHints":{"allow":["GET"]}}],"collection":[{"href":"https:\/\/www.europesays.com\/es\/wp-json\/wp\/v2\/posts"}],"about":[{"href":"https:\/\/www.europesays.com\/es\/wp-json\/wp\/v2\/types\/post"}],"author":[{"embeddable":true,"href":"https:\/\/www.europesays.com\/es\/wp-json\/wp\/v2\/users\/2"}],"replies":[{"embeddable":true,"href":"https:\/\/www.europesays.com\/es\/wp-json\/wp\/v2\/comments?post=241726"}],"version-history":[{"count":0,"href":"https:\/\/www.europesays.com\/es\/wp-json\/wp\/v2\/posts\/241726\/revisions"}],"wp:featuredmedia":[{"embeddable":true,"href":"https:\/\/www.europesays.com\/es\/wp-json\/wp\/v2\/media\/241727"}],"wp:attachment":[{"href":"https:\/\/www.europesays.com\/es\/wp-json\/wp\/v2\/media?parent=241726"}],"wp:term":[{"taxonomy":"category","embeddable":true,"href":"https:\/\/www.europesays.com\/es\/wp-json\/wp\/v2\/categories?post=241726"},{"taxonomy":"post_tag","embeddable":true,"href":"https:\/\/www.europesays.com\/es\/wp-json\/wp\/v2\/tags?post=241726"}],"curies":[{"name":"wp","href":"https:\/\/api.w.org\/{rel}","templated":true}]}}