{"id":241731,"date":"2025-11-17T23:19:10","date_gmt":"2025-11-17T23:19:10","guid":{"rendered":"https:\/\/www.europesays.com\/es\/241731\/"},"modified":"2025-11-17T23:19:10","modified_gmt":"2025-11-17T23:19:10","slug":"de-entre-los-muertos-con-daniel-craig-topandose-con-la-iglesia","status":"publish","type":"post","link":"https:\/\/www.europesays.com\/es\/241731\/","title":{"rendered":"De entre los muertos, con Daniel Craig top\u00e1ndose con la iglesia"},"content":{"rendered":"<p class=\"c-paragraph\">Este mes llega a los cines\u00a0<a href=\"https:\/\/www.hobbyconsolas.com\/noticias\/punales-espalda-muertos-dara-inesperado-giro-saga-1479801\" title=\"Pu\u00f1ales por la espalda: De entre los muertos le dar\u00e1 un inesperado giro a la saga\" rel=\"nofollow noopener\" target=\"_blank\">Pu\u00f1ales por la espalda: De entre los muertos<\/a>, la nueva\u00a0<b><b>pel\u00edcula<\/b><\/b>\u00a0de\u00a0<a href=\"https:\/\/www.hobbyconsolas.com\/reportajes\/netflix-espana-planes-precio-compartir-cuenta-catalogo-1150345\" title=\"Netflix Espa\u00f1a: planes, precio, compartir cuenta, cat\u00e1logo y m\u00e1s\" rel=\"nofollow noopener\" target=\"_blank\">Netflix<\/a>\u00a0perteneciente a la exitosa saga de comedia e intriga que dirige\u00a0<a href=\"https:\/\/www.hobbyconsolas.com\/listas\/grandes-directores-resulta-incomprensible-nunca-hayan-ganado-oscar-1407551\" title=\"8 grandes directores que resulta incomprensible que nunca hayan ganado un \u00d3scar\" rel=\"nofollow noopener\" target=\"_blank\">Rian Johnson<\/a>.<\/p>\n<p class=\"c-paragraph\">Con\u00a0<b><b>Daniel Craig<\/b><\/b>\u00a0al frente del reparto, cada entrega nos presenta un caso de asesinato que tiene que resolver\u00a0<b>Benoit Blanc<\/b>, un inquisitivo y cort\u00e9s detective de cuya vida personal se sabe muy poco.<\/p>\n<p class=\"c-paragraph\">En aras de seguir abriendo boca, la plataforma de streaming ha presentado un <b>nuevo tr\u00e1iler oficial de Pu\u00f1ales por la espalda: De entre los muertos<\/b>, el cual puedes echar un ojo a trav\u00e9s del v\u00eddeo que te dejamos a continuaci\u00f3n.<\/p>\n<p>Qu\u00e9 podemos esperar de Pu\u00f1ales por la espalda: De entre los muertos, lo nuevo de Rian Johnson para Netflix<\/p>\n<p class=\"c-paragraph\">La trama de la pel\u00edcula lleva a <a href=\"https:\/\/www.hobbyconsolas.com\/listas\/peliculas-misterio-consiguen-mantener-intriga-final-670123\" title=\"Pel\u00edculas de misterio que consiguen mantener la intriga hasta el final\" rel=\"nofollow noopener\" target=\"_blank\">Benoit Blanc<\/a>\u00a0a un peque\u00f1o pueblo en el que <b>se produce un crimen perfectamente imposible en el interior de una iglesia<\/b>.<\/p>\n<p class=\"c-paragraph\">Con todos los parroquianos como sospechosos, el detective une fuerzas con un joven y sincero sacerdote para investigar el asesinato y desentra\u00f1ar toda la verdad.<\/p>\n<p class=\"c-paragraph\">Aparte de\u00a0<a href=\"https:\/\/www.hobbyconsolas.com\/listas\/actores-sintieron-total-repulsion-incluso-asco-companeros-reparto-1341702\" title=\"Actores que sintieron una total repulsi\u00f3n (e incluso asco) por sus compa\u00f1eros de reparto\" rel=\"nofollow noopener\" target=\"_blank\">Daniel Craig<\/a>, la pel\u00edcula cuenta con un nuevo elenco de estrellas formado por\u00a0<b><b>Glenn Close, Jeremy Renner, Andrew Scott, Josh O&#8217;Connor, Cailee Spaeny, Mila Kunis, Kerry Washington, Daryl McCormack, Josh Brolin y Thomas Haden Church<\/b><\/b>, entre otros.<\/p>\n<p class=\"c-paragraph\">Ser\u00e1 el pr\u00f3ximo <b>28 de noviembre de 2025<\/b> cuando el detective Benoit Blanc regrese a la gran pantalla con su nueva entrega.<\/p>\n<p class=\"c-paragraph\">Por su parte, <b>Netflix agregar\u00e1 Pu\u00f1ales por la espalda: De entre los muertos en su cat\u00e1logo a partir del 12 de diciembre de 2025<\/b>. \u00bfQu\u00e9 te ha parecido el nuevo tr\u00e1iler de la\u00a0<a href=\"https:\/\/www.hobbyconsolas.com\/listas\/10-mejores-peliculas-ver-familia-netflix-imprescindible-1225406\" title=\"Las 10 mejores pel\u00edculas de Netflix para ver en familia y una que es imprescindible\" rel=\"nofollow noopener\" target=\"_blank\">pel\u00edcula<\/a>?<\/p>\n","protected":false},"excerpt":{"rendered":"Este mes llega a los cines\u00a0Pu\u00f1ales por la espalda: De entre los muertos, la nueva\u00a0pel\u00edcula\u00a0de\u00a0Netflix\u00a0perteneciente a la exitosa&hellip;\n","protected":false},"author":2,"featured_media":241732,"comment_status":"","ping_status":"","sticky":false,"template":"","format":"standard","meta":{"footnotes":""},"categories":[169],"tags":[177,146,147,25,24,176,2629,175,152,524,62186,23,183],"class_list":{"0":"post-241731","1":"post","2":"type-post","3":"status-publish","4":"format-standard","5":"has-post-thumbnail","7":"category-cine","8":"tag-cine","9":"tag-entertainment","10":"tag-entretenimiento","11":"tag-es","12":"tag-espana","13":"tag-film","14":"tag-lanza","15":"tag-movies","16":"tag-netflix","17":"tag-nuevo","18":"tag-punales","19":"tag-spain","20":"tag-trailer"},"share_on_mastodon":{"url":"https:\/\/pubeurope.com\/@es\/115567602318061201","error":""},"_links":{"self":[{"href":"https:\/\/www.europesays.com\/es\/wp-json\/wp\/v2\/posts\/241731","targetHints":{"allow":["GET"]}}],"collection":[{"href":"https:\/\/www.europesays.com\/es\/wp-json\/wp\/v2\/posts"}],"about":[{"href":"https:\/\/www.europesays.com\/es\/wp-json\/wp\/v2\/types\/post"}],"author":[{"embeddable":true,"href":"https:\/\/www.europesays.com\/es\/wp-json\/wp\/v2\/users\/2"}],"replies":[{"embeddable":true,"href":"https:\/\/www.europesays.com\/es\/wp-json\/wp\/v2\/comments?post=241731"}],"version-history":[{"count":0,"href":"https:\/\/www.europesays.com\/es\/wp-json\/wp\/v2\/posts\/241731\/revisions"}],"wp:featuredmedia":[{"embeddable":true,"href":"https:\/\/www.europesays.com\/es\/wp-json\/wp\/v2\/media\/241732"}],"wp:attachment":[{"href":"https:\/\/www.europesays.com\/es\/wp-json\/wp\/v2\/media?parent=241731"}],"wp:term":[{"taxonomy":"category","embeddable":true,"href":"https:\/\/www.europesays.com\/es\/wp-json\/wp\/v2\/categories?post=241731"},{"taxonomy":"post_tag","embeddable":true,"href":"https:\/\/www.europesays.com\/es\/wp-json\/wp\/v2\/tags?post=241731"}],"curies":[{"name":"wp","href":"https:\/\/api.w.org\/{rel}","templated":true}]}}