{"id":241742,"date":"2025-11-17T23:25:09","date_gmt":"2025-11-17T23:25:09","guid":{"rendered":"https:\/\/www.europesays.com\/es\/241742\/"},"modified":"2025-11-17T23:25:09","modified_gmt":"2025-11-17T23:25:09","slug":"las-famosas-narices-neandertales-ni-tan-singulares-ni-adaptadas-al-frio","status":"publish","type":"post","link":"https:\/\/www.europesays.com\/es\/241742\/","title":{"rendered":"Las famosas narices neandertales, ni tan singulares ni adaptadas al fr\u00edo"},"content":{"rendered":"<p style=\"\">Los <a href=\"https:\/\/www.abc.es\/ciencia\/ludovic-slimak-arqueologo-decimos-neandertales-matamos-segunda-20240321141308-nt.html\" target=\"_self\" data-voc-vtm-id=\"in-text-traffic\" title=\"neandertales\" data-mrf-link=\"www.abc.es\" rel=\"nofollow noopener\">neandertales<\/a>, la especie humana <a href=\"https:\/\/www.abc.es\/ciencia\/investigadores-espanoles-confirman-neandertales-sufrieron-colapso-poblacional-20250226134550-nt.html\" target=\"_self\" data-voc-vtm-id=\"in-text-traffic\" title=\"extinta\" data-mrf-link=\"www.abc.es\" rel=\"nofollow noopener\">extinta<\/a> con la que compartimos tiempo y espacio en Eurasia y con la que incluso <a href=\"https:\/\/www.abc.es\/ciencia\/genomas-humanos-modernos-antiguos-revelan-cruzamos-neandertales-20241211154935-nt.html#vca=modulo-rel-uno&amp;vso=abc&amp;vmc=noticias-rel&amp;vli=ciencia\" target=\"_self\" data-voc-vtm-id=\"in-text-traffic\" title=\"nos cruzamos\" data-mrf-link=\"www.abc.es\" rel=\"nofollow noopener\">nos cruzamos<\/a>, ten\u00edan un rostro inconfundible. La cara estaba proyectada hacia delante, lo que se conoce como prognatismo mediofacial, y sus narices  &#8230; eran <a href=\"https:\/\/www.abc.es\/ciencia\/abci-fealdad-neandertales-culpa-frio-201101170000_noticia.html\" target=\"_self\" data-voc-vtm-id=\"in-text-traffic\" title=\"llamativamente amplias\" data-mrf-link=\"www.abc.es\" rel=\"nofollow noopener\">llamativamente amplias<\/a>, con grandes fosas nasales. Estos rasgos han generado d\u00e9cadas de debate cient\u00edfico, ya que resultaban parad\u00f3jicos: no parec\u00edan estar adaptados al fr\u00edo riguroso del final de Pleistoceno, algo que en cambio s\u00ed reflejaban sus cuerpos robustos y musculosos.<\/p>\n<p class=\"voc-p\" style=\"\">Para explicar esta paradoja, algunos investigadores plantearon la existencia de rasgos internos exclusivos dentro de la cavidad nasal  (autapomorf\u00edas) de los neandertales que habr\u00edan compensado la falta de adaptaci\u00f3n externa. Sin embargo, esos huesos son extremadamente fr\u00e1giles y rara vez se conservan en el registro f\u00f3sil, lo que ha dificultado su estudio directo.<\/p>\n<p class=\"voc-p\" style=\"\">Un equipo de investigadores, liderado por Costantino Buzi, investigador de la Universidad de Perugia y asociado al Institut Catal\u00e1n de Paleoecolog\u00eda Humana y Evoluci\u00f3n Social (IPHES-CERCA), por fin ha podido echar un vistazo al interior de una nariz neandertal y zanjar el debate. Los cient\u00edficos analizaron, con un detalle sin precedentes, las estructuras internas de la nariz del neandertal de Altamura (Italia meridional), descubierto en 1993 y considerado uno de los esqueletos humanos m\u00e1s completos y mejor preservados del mundo. Los resultados son concluyentes: no se detecta ning\u00fan rasgo interno exclusivo de la especie. Las adaptaciones internas propuestas en el pasado (derivadas de observaciones parciales o de f\u00f3siles fragmentarios) no aparecen en este ejemplar.<\/p>\n<p class=\"voc-p\" style=\"\">Datado entre 130.000 y 172.000 a\u00f1os, el f\u00f3sil permanece incrustado en un complejo sistema k\u00e1rstico, lo que ha favorecido su excepcional conservaci\u00f3n. Su estudio ha sido posible gracias al uso de tecnolog\u00eda endosc\u00f3pica de alta resoluci\u00f3n, aplicada directamente en el interior de la cueva.<\/p>\n<p>\nNariz funcional\n<\/p>\n<p class=\"voc-p\" style=\"\">\u00abLa mayor sorpresa ha sido encontrar la nariz interna preservada. Como la hip\u00f3tesis de los rasgos internos exclusivos  creaba grandes divisiones entre los paleoantrop\u00f3logos, para muchos su ausencia no ser\u00e1 una sorpresa sino una confirmaci\u00f3n\u00bb, dice Buzi a este peri\u00f3dico. El investigador aclara que este hallazgo no influye en la fisonom\u00eda exterior de la cara. \u00abEn general, las reconstrucciones que se han hecho de los neandertales no van a cambiar\u00bb, sostiene.<\/p>\n<p class=\"voc-p\" style=\"\">Buzi cree que, a pesar de no tener autapomorf\u00edas, la nariz neandertal \u00abera perfectamente funcional para los duros climas del Pleistoceno superior, aunque con una morfolog\u00eda completamente diferente a la de las poblaciones actuales adaptadas al fr\u00edo. Y eso es porque el cr\u00e1neo de los neandertales era muy diferente al de Homo sapiens\u00ab. La morfolog\u00eda nasal del neandertal de Altamura pudo ser la soluci\u00f3n id\u00f3nea para acondicionar el aire en un cuerpo robusto. <\/p>\n<p>El extraordinario hombre de Altamura<\/p>\n<p class=\"voc-p\">Los restos del neandertal de Altamura son considerados unos de los m\u00e1s extraordinarios del mundo, tanto por el lugar donde se conservan como por su excepcional estado de preservaci\u00f3n. El hallazgo se produjo en 1993, cuando un grupo de espele\u00f3logos exploraba el sistema k\u00e1rstico de Lamalunga, cerca de la ciudad de Altamura, en el sur de Italia. Tras descender m\u00e1s de 15 metros por un conducto vertical, accedieron a una red de pasadizos. Al final de uno de ellos encontraron una peque\u00f1a sala donde, en medio de una gran columna de calcita cubierta de coraloides, sobresal\u00eda un cr\u00e1neo humano  completamente recubierto de concreciones estalagm\u00edticas. Exploraciones posteriores confirmaron que, adem\u00e1s del cr\u00e1neo, hab\u00eda numerosos huesos del mismo individuo.  Inicialmente considerado un Homo heidelbergensis, fue en 2015 cuando un equipo de la Universidad Sapienza de Roma consigui\u00f3 extraer una muestra de la esc\u00e1pula derecha mediante un brazo robotizado. El an\u00e1lisis (incluido ADN mitocondrial) confirm\u00f3 que se trataba de un individuo Homo neanderthalensis datado entre 130.000 y 172.000 a\u00f1os, uno de los neandertales m\u00e1s antiguos conocidos hasta la fecha.<\/p>\n<p class=\"voc-p\" style=\"\">El investigador considera que el caracter\u00edstico prognatismo mediofacial de los neandertales probablemente no se desarroll\u00f3 como una respuesta directa a necesidades respiratorias, sino que respond\u00eda a una combinaci\u00f3n de presiones evolutivas diversas y restricciones morfol\u00f3gicas que, en conjunto, dieron forma a un rostro diferente del nuestro, pero totalmente funcional para el clima que les toc\u00f3 vivir. <\/p>\n<p class=\"voc-p\" style=\"\">La investigaci\u00f3n tambi\u00e9n incluye la generaci\u00f3n de un modelo tridimensional completo de la cavidad nasal a partir de las im\u00e1genes endosc\u00f3picas, una herramienta que abre la puerta a futuros estudios sobre el rendimiento respiratorio de los neandertales y sus adaptaciones fisiol\u00f3gicas.<\/p>\n","protected":false},"excerpt":{"rendered":"Los neandertales, la especie humana extinta con la que compartimos tiempo y espacio en Eurasia y con la&hellip;\n","protected":false},"author":2,"featured_media":241743,"comment_status":"","ping_status":"","sticky":false,"template":"","format":"standard","meta":{"footnotes":""},"categories":[42],"tags":[7177,17,18,62188,13,14,16249,11,61,62,63,64,19,20,62189,33202,9,10,15,16,62190,12,21,22,65,66,67],"class_list":{"0":"post-241742","1":"post","2":"type-post","3":"status-publish","4":"format-standard","5":"has-post-thumbnail","7":"category-internacional","8":"tag-adaptadas","9":"tag-breaking-news","10":"tag-breakingnews","11":"tag-famosas","12":"tag-featured-news","13":"tag-featurednews","14":"tag-frio","15":"tag-headlines","16":"tag-internacional","17":"tag-international","18":"tag-international-news","19":"tag-internationalnews","20":"tag-latest-news","21":"tag-latestnews","22":"tag-narices","23":"tag-neandertales","24":"tag-news","25":"tag-noticias","26":"tag-noticias-destacadas","27":"tag-noticiasdestacadas","28":"tag-singulares","29":"tag-titulares","30":"tag-ultimas-noticias","31":"tag-ultimasnoticias","32":"tag-world","33":"tag-world-news","34":"tag-worldnews"},"share_on_mastodon":{"url":"https:\/\/pubeurope.com\/@es\/115567625815676201","error":""},"_links":{"self":[{"href":"https:\/\/www.europesays.com\/es\/wp-json\/wp\/v2\/posts\/241742","targetHints":{"allow":["GET"]}}],"collection":[{"href":"https:\/\/www.europesays.com\/es\/wp-json\/wp\/v2\/posts"}],"about":[{"href":"https:\/\/www.europesays.com\/es\/wp-json\/wp\/v2\/types\/post"}],"author":[{"embeddable":true,"href":"https:\/\/www.europesays.com\/es\/wp-json\/wp\/v2\/users\/2"}],"replies":[{"embeddable":true,"href":"https:\/\/www.europesays.com\/es\/wp-json\/wp\/v2\/comments?post=241742"}],"version-history":[{"count":0,"href":"https:\/\/www.europesays.com\/es\/wp-json\/wp\/v2\/posts\/241742\/revisions"}],"wp:featuredmedia":[{"embeddable":true,"href":"https:\/\/www.europesays.com\/es\/wp-json\/wp\/v2\/media\/241743"}],"wp:attachment":[{"href":"https:\/\/www.europesays.com\/es\/wp-json\/wp\/v2\/media?parent=241742"}],"wp:term":[{"taxonomy":"category","embeddable":true,"href":"https:\/\/www.europesays.com\/es\/wp-json\/wp\/v2\/categories?post=241742"},{"taxonomy":"post_tag","embeddable":true,"href":"https:\/\/www.europesays.com\/es\/wp-json\/wp\/v2\/tags?post=241742"}],"curies":[{"name":"wp","href":"https:\/\/api.w.org\/{rel}","templated":true}]}}