{"id":241756,"date":"2025-11-17T23:40:14","date_gmt":"2025-11-17T23:40:14","guid":{"rendered":"https:\/\/www.europesays.com\/es\/241756\/"},"modified":"2025-11-17T23:40:14","modified_gmt":"2025-11-17T23:40:14","slug":"la-aventura-de-mario-vaquerizo-y-gotzon-mantuliz-en-la-selva-de-uganda-sonaba-con-algo-asi","status":"publish","type":"post","link":"https:\/\/www.europesays.com\/es\/241756\/","title":{"rendered":"La aventura de Mario Vaquerizo y Gotzon Mantuliz en la selva de Uganda: \u00abSo\u00f1aba con algo as\u00ed\u00bb"},"content":{"rendered":"<p><img fetchpriority=\"high\" class=\"v-a-img\" src=\"https:\/\/www.europesays.com\/es\/wp-content\/uploads\/2025\/11\/gotzon-kj7G-U240261255800VmF-1200x840@El Correo.jpg\" loading=\"eager\" decoding=\"async\" alt=\"La aventura de Mario Vaquerizo y Gotzon Mantuliz en la selva de Uganda: \u00abSo\u00f1aba con algo as\u00ed\u00bb\"  width=\"1200\" height=\"840\"\/><\/p>\n<p>El influencer vizca\u00edno present\u00f3 en &#8216;El Hormiguero&#8217; el nuevo programa &#8216;Cazadores de im\u00e1genes&#8217;, donde se adentra en la naturaleza para fotografiar a los animales m\u00e1s salvajes<\/p>\n<p><a class=\"v-mdl-ath__fig-a\" href=\"https:\/\/www.elcorreo.com\/autor\/marina-leon-6788.html\" title=\"Marina Le\u00f3n\" rel=\"nofollow noopener\" target=\"_blank\"><br \/>\n<img decoding=\"async\" class=\"v-mdl-ath__img\" src=\"https:\/\/www.europesays.com\/es\/wp-content\/uploads\/2025\/09\/autor-6788-foto-1.jpeg\" alt=\"Marina Le\u00f3n\"\/><br \/>\n<\/a><\/p>\n<p class=\"v-mdl-ath__p v-mdl-ath__p--6\">\nLunes, 17 de noviembre 2025, 22:49<\/p>\n<p class=\"v-p\">&#8216;El Hormiguero&#8217; arranca nueva semana con la visita de Gotzon Mantuliz y Mario Vaquerizo. El peculiar d\u00fao acudi\u00f3 al programa de Antena 3 para presentar &#8216;Cazadores de im\u00e1genes&#8217;, el nuevo programa que se emite los martes en La Sexta. En cada entrega, Mantuliz recorre el mundo junto a personas famosas para buscar y fotografiar distintas especies en su h\u00e1bitat natural. Uno de sus primeros acompa\u00f1antes en la aventura ha sido precisamente el marido de Alaska. \u00abDesde muy peque\u00f1o me han flipado los animales. So\u00f1aba con algo as\u00ed\u00bb, explic\u00f3 el influencer vizca\u00edno.<\/p>\n<p class=\"v-p\">\u00abJam\u00e1s hubiese pensado en haber ido a la selva de Uganda. Cuando me lo propusieron dije que s\u00ed, pero entr\u00e9 en crisis a una semana de ir cuando ten\u00eda que ir a ponerme las vacunas. Tuve una especie de crisis de identidad\u00bb, explic\u00f3 Mario Vaquerizo. \u00ab\u00bfQu\u00e9 tal se ha adaptado Mario?\u00bb, pregut\u00f3 Motos. \u00abMe daba un poco de miedo porque son rodajes muy exigentes. Grabamos del amanecer al atardecer sin descansar\u00bb, explic\u00f3 Gotzon. \u00abSon condiciones duras y no sab\u00eda c\u00f3mo se iba a adaptar Mario. Fue una sorpresa. Lo luch\u00f3, lo sufri\u00f3 y todos est\u00e1bamos encantados. Tambi\u00e9n es cierto que comparte con Olvido esa pasi\u00f3n por los gorilas y es algo que le motiv\u00f3\u00bb, asegur\u00f3. \u00abMi mujer se enamor\u00f3 de mi porque me ve un poco simio\u00bb, agreg\u00f3 Vaquerizo entre risas.<\/p>\n<p class=\"v-p\">Producida por Atresmedia en colaboraci\u00f3n con 7 y acci\u00f3n, la serie consta de seis episodios, cada uno centrado en un animal emblem\u00e1tico y en los desaf\u00edos que representa su fotograf\u00eda. \u00abSon momentos m\u00e1gicos y aunque llevo a\u00f1os haciendo esto, se me siguen llenando los ojos de l\u00e1grimas\u00bb, asegur\u00f3 Mantuliz. \u00ab\u00bfC\u00f3mo es ir al ba\u00f1o en la selva?\u00bb, pregunt\u00f3 el presentador. \u00abEstamos muchas horas en mitad de la nada y no te queda otra que hacerlo ah\u00ed mismo\u00bb, dijo. <\/p>\n<p class=\"v-p\">\u00ab\u00bfCon qu\u00e9 animal hab\u00e9is pasado m\u00e1s miedo en toda la temporada?\u00bb, quiso saber Motos. \u00abEn Brasil conseguimos grabar una anaconda de 8 metros debajo del agua, algo que muy poca gente ha conseguido\u00bb, cont\u00f3 el fot\u00f3grafo y aventurero. \u00abAqu\u00ed se juntaron muchos factores: la tensi\u00f3n del momento, que no sab\u00edamos cu\u00e1nto iba a durar, ten\u00edamos que grabar, hacer fotos&#8230;\u00bb, a\u00f1adi\u00f3. \u00abEs algo que llev\u00e1bamos so\u00f1ando mucho tiempo\u00bb.<\/p>\n<p>Reporta un error<\/p>\n","protected":false},"excerpt":{"rendered":"El influencer vizca\u00edno present\u00f3 en &#8216;El Hormiguero&#8217; el nuevo programa &#8216;Cazadores de im\u00e1genes&#8217;, donde se adentra en la&hellip;\n","protected":false},"author":2,"featured_media":241757,"comment_status":"","ping_status":"","sticky":false,"template":"","format":"standard","meta":{"footnotes":""},"categories":[171],"tags":[8771,146,147,25,24,62154,62155,656,52217,7877,23,214,21302,27728],"class_list":{"0":"post-241756","1":"post","2":"type-post","3":"status-publish","4":"format-standard","5":"has-post-thumbnail","7":"category-tv","8":"tag-aventura","9":"tag-entertainment","10":"tag-entretenimiento","11":"tag-es","12":"tag-espana","13":"tag-gotzon","14":"tag-mantuliz","15":"tag-mario","16":"tag-selva","17":"tag-sonaba","18":"tag-spain","19":"tag-tv","20":"tag-uganda","21":"tag-vaquerizo"},"share_on_mastodon":{"url":"https:\/\/pubeurope.com\/@es\/115567685126179411","error":""},"_links":{"self":[{"href":"https:\/\/www.europesays.com\/es\/wp-json\/wp\/v2\/posts\/241756","targetHints":{"allow":["GET"]}}],"collection":[{"href":"https:\/\/www.europesays.com\/es\/wp-json\/wp\/v2\/posts"}],"about":[{"href":"https:\/\/www.europesays.com\/es\/wp-json\/wp\/v2\/types\/post"}],"author":[{"embeddable":true,"href":"https:\/\/www.europesays.com\/es\/wp-json\/wp\/v2\/users\/2"}],"replies":[{"embeddable":true,"href":"https:\/\/www.europesays.com\/es\/wp-json\/wp\/v2\/comments?post=241756"}],"version-history":[{"count":0,"href":"https:\/\/www.europesays.com\/es\/wp-json\/wp\/v2\/posts\/241756\/revisions"}],"wp:featuredmedia":[{"embeddable":true,"href":"https:\/\/www.europesays.com\/es\/wp-json\/wp\/v2\/media\/241757"}],"wp:attachment":[{"href":"https:\/\/www.europesays.com\/es\/wp-json\/wp\/v2\/media?parent=241756"}],"wp:term":[{"taxonomy":"category","embeddable":true,"href":"https:\/\/www.europesays.com\/es\/wp-json\/wp\/v2\/categories?post=241756"},{"taxonomy":"post_tag","embeddable":true,"href":"https:\/\/www.europesays.com\/es\/wp-json\/wp\/v2\/tags?post=241756"}],"curies":[{"name":"wp","href":"https:\/\/api.w.org\/{rel}","templated":true}]}}