{"id":241758,"date":"2025-11-17T23:41:12","date_gmt":"2025-11-17T23:41:12","guid":{"rendered":"https:\/\/www.europesays.com\/es\/241758\/"},"modified":"2025-11-17T23:41:12","modified_gmt":"2025-11-17T23:41:12","slug":"las-fotos-de-buenos-aires-que-saco-la-hija-de-noel-gallagher-anais-durante-la-visita-de-oasis","status":"publish","type":"post","link":"https:\/\/www.europesays.com\/es\/241758\/","title":{"rendered":"Las fotos de Buenos Aires que sac\u00f3 la hija de Noel Gallagher, Ana\u00efs, durante la visita de Oasis"},"content":{"rendered":"<p><img alt=\"Ana\u00efs Gallagher, la hija de\" class=\"global-image\" decoding=\"async\" fetchpriority=\"high\" height=\"1080\" loading=\"eager\" src=\"https:\/\/www.europesays.com\/es\/wp-content\/uploads\/2025\/11\/4NRNZ5257RDGTAJPDCYBMKPUCY.jpg\" width=\"1920\"\/>Ana\u00efs Gallagher, la hija de Noel, es modelo y fot\u00f3grafa<\/p>\n<p class=\"paragraph\">El tour Live\u201925 de <a rel=\"noopener noreferrer nofollow\" href=\"https:\/\/www.infobae.com\/teleshow\/2025\/11\/17\/oasis-se-despidio-a-lo-grande-de-buenos-aires-ovacion-reverencias-y-emocion-en-el-ultimo-show-en-el-pais\/\" target=\"_blank\" title=\"https:\/\/www.infobae.com\/teleshow\/2025\/11\/17\/oasis-se-despidio-a-lo-grande-de-buenos-aires-ovacion-reverencias-y-emocion-en-el-ultimo-show-en-el-pais\/\"><b>Oasis<\/b> <\/a>hizo escala con dos noches memorables en el Monumental de N\u00fa\u00f1ez. Noel y Liam Gallagher hicieron vibrar a fans de ayer, de hoy y de siempre con cl\u00e1sicos inoxidables como<b> \u201cDon\u2019t Look Back In Anger\u201d<\/b>, <b>\u201cStand By Me\u201d<\/b>, <b>\u201cRock \u2018N\u2019 Roll Star\u201d <\/b>y <b>\u201cWonderwall\u201d<\/b>, entre otros. Tras a\u00f1os de peleas fraternales, la imagen de Liam levant\u00e1ndole la mano a Noel es la postal de una paz fraternal que s\u00f3lo ellos saben hasta donde llega.<\/p>\n<p class=\"paragraph\">Pero si hay alguien que conoce muy bien el backstage del reencuentro familiar es <b>Ana\u00efs Gallagher, la hija de Noel, modelo y fot\u00f3grafa de profesi\u00f3n<\/b>, que viene acompa\u00f1ando a su padre y a su t\u00edo en su gira mundial. Por cierto, a modo de despedida, antes de la siguiente escala en Chile, <b>Ana\u00efs most\u00f3 en su Instagram un carrete con fotos que retratan la experiencia porte\u00f1a seg\u00fan su mirada&#8230; <\/b><\/p>\n<p class=\"paragraph\">La presencia de Ana\u00efs Gallagher en Buenos Aires ha captado la atenci\u00f3n de los seguidores de <b>Oasis<\/b> y del p\u00fablico argentino, en un contexto marcado por el regreso de la banda brit\u00e1nica a los escenarios tras m\u00e1s de quince a\u00f1os de separaci\u00f3n. La joven modelo y fot\u00f3grafa, hija de <b>Noel Gallagher y Meg Matthews<\/b>, no solo acompa\u00f1a a su padre y a su t\u00edo Liam en la gira mundial Live \u201925, sino que, seg\u00fan versiones difundidas por medios brit\u00e1nicos, <b>desempe\u00f1\u00f3 un papel fundamental en la reconciliaci\u00f3n familiar que permiti\u00f3 la esperada reuni\u00f3n del grupo.<\/b><\/p>\n<p><img alt=\"Gui\u00f1o futbolero para la hija\" class=\"global-image\" decoding=\"async\" fetchpriority=\"low\" height=\"2396\" loading=\"lazy\" src=\"https:\/\/www.europesays.com\/es\/wp-content\/uploads\/2025\/11\/D3WEFNU2RVDYRFPNYJ6GA4E5FQ.jpg\" width=\"1920\"\/>Gui\u00f1o futbolero para la hija de uno de los rockstar m\u00e1s futboleros<img alt=\"Pap\u00e1 Noel, ampliado por el\" class=\"global-image\" decoding=\"async\" fetchpriority=\"low\" height=\"2396\" loading=\"lazy\" src=\"https:\/\/www.europesays.com\/es\/wp-content\/uploads\/2025\/11\/PC5R4HTDSFH6VLYZZ2J3BGMO7U.jpg\" width=\"1920\"\/>Pap\u00e1 Noel, ampliado por el videowall, exprimiendo su Gibson LesPaul<img alt=\"Recuerdo maradoneano en las calles\" class=\"global-image\" decoding=\"async\" fetchpriority=\"low\" height=\"2396\" loading=\"lazy\" src=\"https:\/\/www.europesays.com\/es\/wp-content\/uploads\/2025\/11\/RKYHYXTWJVGVXPZRVBNJ3KFBQQ.jpg\" width=\"1920\"\/>Recuerdo maradoneano en las calles de Palermo <img alt=\"Para contarle a sus amigos:\" class=\"global-image\" decoding=\"async\" fetchpriority=\"low\" height=\"2396\" loading=\"lazy\" src=\"https:\/\/www.europesays.com\/es\/wp-content\/uploads\/2025\/11\/QESIHVTUVRFY7NNY4OPVZF6VZY.jpg\" width=\"1920\"\/>Para contarle a sus amigos: em-pa-na-das<img alt=\"Buenos Aires tercer mundo\" class=\"global-image\" decoding=\"async\" fetchpriority=\"low\" height=\"2396\" loading=\"lazy\" src=\"https:\/\/www.europesays.com\/es\/wp-content\/uploads\/2025\/11\/VWBXNWWNGRCN5PQJ6BYB4XKPUA.jpg\" width=\"1920\"\/>Buenos Aires tercer mundo<img alt=\"Iconos porte\u00f1os, empezando por el\" class=\"global-image\" decoding=\"async\" fetchpriority=\"low\" height=\"2396\" loading=\"lazy\" src=\"https:\/\/www.europesays.com\/es\/wp-content\/uploads\/2025\/11\/M4Y442BPRNB7TKNXYVJJBL672U.jpg\" width=\"1920\"\/>Iconos porte\u00f1os, empezando por el Papa Francisco<img alt=\"La librer\u00eda Yenny-Grand Splendid, en\" class=\"global-image\" decoding=\"async\" fetchpriority=\"low\" height=\"2396\" loading=\"lazy\" src=\"https:\/\/www.europesays.com\/es\/wp-content\/uploads\/2025\/11\/4ORMLOX4BVGMXOGOOGZVXANCQA.jpg\" width=\"1920\"\/>La librer\u00eda Yenny-Grand Splendid, en Avenida Santa Fe y Callao, \u00fanica en el mundo<\/p>\n<p class=\"paragraph\">El reencuentro de los hermanos Gallagher, que se materializ\u00f3 este fin de semana en el estadio Monumental de Buenos Aires, se produjo despu\u00e9s de un largo per\u00edodo de distanciamiento. Muchos concuerdan en que la intervenci\u00f3n de Ana\u00efs result\u00f3 decisiva tras la disoluci\u00f3n del segundo matrimonio de Noel Gallagher con Sara MacDonald. <\/p>\n<p><img alt=\"En el back, antes del\" class=\"global-image\" decoding=\"async\" fetchpriority=\"low\" height=\"2396\" loading=\"lazy\" src=\"https:\/\/www.europesays.com\/es\/wp-content\/uploads\/2025\/11\/3OTAYZIFTZFITPQMUFNZPNYD6Q.jpg\" width=\"1920\"\/>En el back, antes del primer concierto de pap\u00e1, el s\u00e1bado<\/p>\n<p class=\"paragraph\">En ese momento, <b>la familia experiment\u00f3 una reconfiguraci\u00f3n que abri\u00f3 la puerta<\/b> a la posibilidad de restablecer lazos interrumpidos durante a\u00f1os. Seg\u00fan los medios brit\u00e1nicos, Ana\u00efs percibi\u00f3 el deseo de su padre de recomponer la relaci\u00f3n con sus hermanos Liam y Paul, y, motivada por ese objetivo, habr\u00eda facilitado el primer contacto entre ellos.<\/p>\n<p class=\"paragraph\">La estrategia de Ana\u00efs se apoy\u00f3 en<b> la buena relaci\u00f3n que mantiene con sus primos, los hijos de Liam Gallagher.<\/b> A partir de ese v\u00ednculo, la modelo de veinticinco a\u00f1os habr\u00eda consultado si Liam estar\u00eda dispuesto a acercarse a Noel. Con una respuesta favorable, Ana\u00efs alent\u00f3 a Liam a comunicarse con su hermano, quien siempre manifest\u00f3 su deseo de que Oasis volviera a reunirse. De este modo, la joven brit\u00e1nica se consolid\u00f3 como un apoyo clave para Noel en el proceso posterior a su divorcio, impulsando el acercamiento que deriv\u00f3 en la reuni\u00f3n de la banda.<\/p>\n<p><img alt=\"Recuerdos de su visita a\" class=\"global-image\" decoding=\"async\" fetchpriority=\"low\" height=\"2396\" loading=\"lazy\" src=\"https:\/\/www.europesays.com\/es\/wp-content\/uploads\/2025\/11\/SKYMBPWKGFCQNDJ4KHLPLUVRXQ.jpg\" width=\"1920\"\/>Recuerdos de su visita a la tumba de Eva Per\u00f3n, en el cementerio de La Recoleta<\/p>\n<p class=\"paragraph\">Durante la gira Live \u201925, Ana\u00efs Gallagher no solo acompa\u00f1a a los Gallagher sobre el escenario, sino que tambi\u00e9n comparte con sus seguidores en redes sociales fragmentos de la vida cotidiana y de los preparativos del tour. En su cuenta de Instagram, donde suma m\u00e1s de <b>400 mil seguidores<\/b>, la modelo publica im\u00e1genes de sus viajes, momentos personales y experiencias junto a Oasis. Recientemente, mostr\u00f3 su visita al <b>Cementerio de la Recoleta<\/b>, donde fotografi\u00f3 la tumba de <b>Eva Per\u00f3n<\/b>, uno de los puntos emblem\u00e1ticos del recorrido hist\u00f3rico porte\u00f1o.<\/p>\n<p class=\"paragraph\">La actitud de Ana\u00efs en Buenos Aires ha sido cercana y espont\u00e1nea. La joven se encontr\u00f3 con admiradores de su padre en la calle, se detuvo a conversar, pos\u00f3 para fotograf\u00edas y comparti\u00f3 en redes sociales un video bailando un remix de la canci\u00f3n \u201cNo llores por m\u00ed Argentina\u201d del musical Evita. Su entusiasmo por el pa\u00eds y la calidez del p\u00fablico argentino se reflejaron en su participaci\u00f3n activa durante los conciertos de <b>Oasis<\/b> en el Monumental.<\/p>\n<p class=\"paragraph\">El regreso de la banda brit\u00e1nica a la Argentina termin\u00f3 generando una gran expectativa entre los fan\u00e1ticos. La presencia de Ana\u00efs Gallagher, su rol en la reconciliaci\u00f3n de los hermanos y su interacci\u00f3n con el p\u00fablico local han sumado un matiz personal y familiar al hist\u00f3rico reencuentro de <b>Oasis<\/b> en el marco de la gira Live \u201925.<\/p>\n","protected":false},"excerpt":{"rendered":"Ana\u00efs Gallagher, la hija de Noel, es modelo y fot\u00f3grafa El tour Live\u201925 de Oasis hizo escala con&hellip;\n","protected":false},"author":2,"featured_media":241759,"comment_status":"","ping_status":"","sticky":false,"template":"","format":"standard","meta":{"footnotes":""},"categories":[170],"tags":[146,147,25,24,184,185,23],"class_list":{"0":"post-241758","1":"post","2":"type-post","3":"status-publish","4":"format-standard","5":"has-post-thumbnail","7":"category-musica","8":"tag-entertainment","9":"tag-entretenimiento","10":"tag-es","11":"tag-espana","12":"tag-music","13":"tag-musica","14":"tag-spain"},"share_on_mastodon":{"url":"https:\/\/pubeurope.com\/@es\/115567689011599772","error":""},"_links":{"self":[{"href":"https:\/\/www.europesays.com\/es\/wp-json\/wp\/v2\/posts\/241758","targetHints":{"allow":["GET"]}}],"collection":[{"href":"https:\/\/www.europesays.com\/es\/wp-json\/wp\/v2\/posts"}],"about":[{"href":"https:\/\/www.europesays.com\/es\/wp-json\/wp\/v2\/types\/post"}],"author":[{"embeddable":true,"href":"https:\/\/www.europesays.com\/es\/wp-json\/wp\/v2\/users\/2"}],"replies":[{"embeddable":true,"href":"https:\/\/www.europesays.com\/es\/wp-json\/wp\/v2\/comments?post=241758"}],"version-history":[{"count":0,"href":"https:\/\/www.europesays.com\/es\/wp-json\/wp\/v2\/posts\/241758\/revisions"}],"wp:featuredmedia":[{"embeddable":true,"href":"https:\/\/www.europesays.com\/es\/wp-json\/wp\/v2\/media\/241759"}],"wp:attachment":[{"href":"https:\/\/www.europesays.com\/es\/wp-json\/wp\/v2\/media?parent=241758"}],"wp:term":[{"taxonomy":"category","embeddable":true,"href":"https:\/\/www.europesays.com\/es\/wp-json\/wp\/v2\/categories?post=241758"},{"taxonomy":"post_tag","embeddable":true,"href":"https:\/\/www.europesays.com\/es\/wp-json\/wp\/v2\/tags?post=241758"}],"curies":[{"name":"wp","href":"https:\/\/api.w.org\/{rel}","templated":true}]}}