{"id":241767,"date":"2025-11-17T23:46:10","date_gmt":"2025-11-17T23:46:10","guid":{"rendered":"https:\/\/www.europesays.com\/es\/241767\/"},"modified":"2025-11-17T23:46:10","modified_gmt":"2025-11-17T23:46:10","slug":"el-equipo-de-resident-evil-requiem-desmiente-los-rumores-sobre-leon-s-kennedy-son-noticias-falsas","status":"publish","type":"post","link":"https:\/\/www.europesays.com\/es\/241767\/","title":{"rendered":"El equipo de Resident Evil Requiem desmiente los rumores sobre Leon S. Kennedy: \u00abson noticias falsas\u00bb"},"content":{"rendered":"<p class=\"c-paragraph\">\u00a1C\u00f3mo pasa el tiempo! <b>Estamos a tan tres meses (y una semana) <\/b>del estreno de <a href=\"https:\/\/www.hobbyconsolas.com\/reportajes\/he-jugado-demo-resident-evil-requiem-gamescom-2025-claro-candidato-juego-terrorifico-2026-gameplay-impresiones-1475477\" title=\"He jugado a la demo de Resident Evil Requiem de Gamescom 2025 y es claro candidato a juego m\u00e1s terror\u00edfico de 2026: gameplay e impresiones\" rel=\"nofollow noopener\" target=\"_blank\">Resident Evil Requiem<\/a> en PS5, Xbox Series X\/S, Nintendo Switch 2 y PC.<\/p>\n<p class=\"c-paragraph\"><b>Capcom quiere asegurarse de que el lanzamiento sea impecable<\/b>, y por ello los responsables del juego prometen que <a href=\"https:\/\/www.hobbyconsolas.com\/videojuegos\/resident-evil-requiem-no-tendra-los-graves-problemas-monster-hunter-wilds-pc-promete-capcom_6898887_0.html\" title=\"Resident Evil Requiem no tendr\u00e1 los graves problemas de Monster Hunter Wilds en PC, promete Capcom\" rel=\"nofollow noopener\" target=\"_blank\">no sufrir\u00e1 los problemas t\u00e9cnicos de Monster Hunter Wilds<\/a>.<\/p>\n<p class=\"c-paragraph\">kLo que pueden prometer es la presencia de <a href=\"https:\/\/www.hobbyconsolas.com\/noticias\/capcom-habla-resident-evil-requiem-rumores-leon-gente-frustra-nosotros-cosas-no-hemos-prometido-1485544\" title=\"Capcom habla de Resident Evil Requiem y los rumores sobre Leon: &quot;La gente se frustra con nosotros por las cosas que no hemos prometido&quot;\" rel=\"nofollow noopener\" target=\"_blank\">Leon S. Kennedy<\/a>; de hecho, <b>desmienten los \u00faltimos rumores que han surgido al respecto<\/b>.<\/p>\n<p><a href=\"https:\/\/www.hobbyconsolas.com\/videojuegos\/resident-evil-requiem\" rel=\"nofollow noopener\" target=\"_blank\"><img decoding=\"async\" loading=\"lazy\" alt=\"\" width=\"640\" height=\"960\" src=\"https:\/\/www.europesays.com\/es\/wp-content\/uploads\/2025\/11\/69049a1121236.jpeg\"\/><\/a><\/p>\n<p class=\"c-passport__description\">Todo sobre Resident Evil Requiem, la novena entrega numerada de la exitosa saga de survival horror de Capcom que se lanzar\u00e1 en PS5, PC y Xbox Series X|S el 27 de febrero de 2026.<\/p>\n<p>Resident Evil Requiem no tendr\u00e1 DLCs cosm\u00e9ticos de Leon<\/p>\n<p class=\"c-paragraph\"><b>Masato Kumazawa, productor de Resident Evil Requiem<\/b>, ha salido al paso de las \u00faltimas informaciones referentes a la presencia de Leon S. Kennedy en el juego. Lo ha hecho en <a href=\"https:\/\/stevivor.com\/features\/interviews\/resident-evil-requiem-interview-leon-is-fake-news-no-demo-and-how-outbreak-fits-in\/\" target=\"_blank\" rel=\"nofollow noreferrer noopener\" title=\"Stevivor\">Stevivor<\/a>.<\/p>\n<p class=\"c-paragraph\">Kumazawa pone el foco en <a href=\"https:\/\/www.hobbyconsolas.com\/noticias\/aspecto-leon-resident-evil-requiem-documento-filtrado-capcom-antes-presentacion-oficial-1484478\" title=\"El aspecto de Leon en Resident Evil Requiem puede haberse filtrado a trav\u00e9s de un documento de Capcom antes de su presentaci\u00f3n oficial\" rel=\"nofollow noopener\" target=\"_blank\">una imagen filtrada<\/a>, que<b> mostraba a Leon con un parche<\/b>, y suger\u00eda que iba a ser un DLC cosm\u00e9tico para el personaje en la edici\u00f3n especial de Requiem.<\/p>\n<p class=\"c-paragraph\"><b>\u201cSon todo \u2018fake news\u2019, noticias falsas\u201d<\/b>, asegura el productor. \u201cAhora que la IA se usa para crear im\u00e1genes y v\u00eddeos, ya no sabemos distinguir lo correcto de aquello que no lo es\u201d.<\/p>\n<p class=\"c-paragraph\"><b>\u00bfDesmiente por completo Kumazawa que Leon vaya a estar en Requiem?<\/b> El directivo prefiere ir de puntillas sobre ese particular.<\/p>\n<p class=\"c-paragraph\">\u201cEs cosa de los jugadores y su labor detectivesca, pero <b>sugiero que no se d\u00e9 nada por sentado respecto al juego<\/b>\u201d, asegura.<\/p>\n<p class=\"c-paragraph\">\u201cPor favor: <b>no podemos daros ninguna confirmaci\u00f3n<\/b>, m\u00e1s all\u00e1 de la informaci\u00f3n oficial que Capcom pueda ofrecer sobre el juego\u201d.<\/p>\n<p class=\"c-paragraph\">Lo cierto es que <b>tanto inter\u00e9s por Leon hace flaco favor a Grace<\/b>.<a href=\"https:\/\/www.hobbyconsolas.com\/noticias\/resident-evil-requiem-profundiza-relacion-grace-ashcroft-famosa-madre-nuevo-trailersin-rastro-leon-kennedy-1479056\" title=\"Resident Evil Requiem profundiza en la relaci\u00f3n entre Grace Ashcroft y su famosa madre con su nuevo tr\u00e1iler...sin rastro de Leon Kennedy\" rel=\"nofollow noopener\" target=\"_blank\"> La nueva hero\u00edna<\/a> merece toda la atenci\u00f3n, ya que lleva sobre sus hombros la responsabilidad de asustar al jugador.<\/p>\n<p class=\"c-paragraph\">As\u00ed lo explica Kumazawa: \u201cescogimos a Grace al ser diferente a Clair o Rebecca. Se asusta m\u00e1s que otros personajes, y<b> gracias a ella podemos experimentar con nuevas formas de terror<\/b>\u201d.<\/p>\n<p class=\"c-paragraph\">En la misma entrevista, el productor trae una mala noticia: <b>Requiem no seguir\u00e1 los pasos de Resident Evil 7 y Village<\/b>.<\/p>\n<p class=\"c-paragraph\">\u201cPor ahora, <b>no tenemos planes de lanzar una demo p\u00fablica<\/b>. Ninguna, en absoluto. Preferimos concentrarnos en completar el juego\u201d, asegura.<\/p>\n<p class=\"c-paragraph\">Dicho queda: el equipo debe dedicarse por completo a tener listo este survival horror. Resident Evil Requiem llegar\u00e1, con o sin Leon,<b> el 27 de febrero de 2026; en PS5, Xbox Series X\/S, Nintendo Switch 2 y PC<\/b>.<\/p>\n","protected":false},"excerpt":{"rendered":"\u00a1C\u00f3mo pasa el tiempo! Estamos a tan tres meses (y una semana) del estreno de Resident Evil Requiem&hellip;\n","protected":false},"author":2,"featured_media":241768,"comment_status":"","ping_status":"","sticky":false,"template":"","format":"standard","meta":{"footnotes":""},"categories":[81],"tags":[119,123,124,10278,622,25,24,21523,13608,21522,117,121,122,23,118,120],"class_list":{"0":"post-241767","1":"post","2":"type-post","3":"status-publish","4":"format-standard","5":"has-post-thumbnail","7":"category-ciencia-y-tecnologia","8":"tag-ciencia","9":"tag-ciencia-y-tecnologia","10":"tag-cienciaytecnologia","11":"tag-desmiente","12":"tag-equipo","13":"tag-es","14":"tag-espana","15":"tag-evil","16":"tag-requiem","17":"tag-resident","18":"tag-science","19":"tag-science-and-technology","20":"tag-scienceandtechnology","21":"tag-spain","22":"tag-technology","23":"tag-tecnologia"},"share_on_mastodon":{"url":"https:\/\/pubeurope.com\/@es\/115567708433740647","error":""},"_links":{"self":[{"href":"https:\/\/www.europesays.com\/es\/wp-json\/wp\/v2\/posts\/241767","targetHints":{"allow":["GET"]}}],"collection":[{"href":"https:\/\/www.europesays.com\/es\/wp-json\/wp\/v2\/posts"}],"about":[{"href":"https:\/\/www.europesays.com\/es\/wp-json\/wp\/v2\/types\/post"}],"author":[{"embeddable":true,"href":"https:\/\/www.europesays.com\/es\/wp-json\/wp\/v2\/users\/2"}],"replies":[{"embeddable":true,"href":"https:\/\/www.europesays.com\/es\/wp-json\/wp\/v2\/comments?post=241767"}],"version-history":[{"count":0,"href":"https:\/\/www.europesays.com\/es\/wp-json\/wp\/v2\/posts\/241767\/revisions"}],"wp:featuredmedia":[{"embeddable":true,"href":"https:\/\/www.europesays.com\/es\/wp-json\/wp\/v2\/media\/241768"}],"wp:attachment":[{"href":"https:\/\/www.europesays.com\/es\/wp-json\/wp\/v2\/media?parent=241767"}],"wp:term":[{"taxonomy":"category","embeddable":true,"href":"https:\/\/www.europesays.com\/es\/wp-json\/wp\/v2\/categories?post=241767"},{"taxonomy":"post_tag","embeddable":true,"href":"https:\/\/www.europesays.com\/es\/wp-json\/wp\/v2\/tags?post=241767"}],"curies":[{"name":"wp","href":"https:\/\/api.w.org\/{rel}","templated":true}]}}