{"id":241770,"date":"2025-11-17T23:48:11","date_gmt":"2025-11-17T23:48:11","guid":{"rendered":"https:\/\/www.europesays.com\/es\/241770\/"},"modified":"2025-11-17T23:48:11","modified_gmt":"2025-11-17T23:48:11","slug":"trump-dice-que-hablara-con-maduro-en-algun-momento-y-deja-abierta-la-posibilidad-de-enviar-militares-a-venezuela","status":"publish","type":"post","link":"https:\/\/www.europesays.com\/es\/241770\/","title":{"rendered":"Trump dice que hablar\u00e1 con Maduro en \u201calg\u00fan momento\u201d y deja abierta la posibilidad de enviar militares a Venezuela"},"content":{"rendered":"<p>      CNN<br \/>\n        \u00a0\u2014\u00a0<\/p>\n<p class=\"paragraph inline-placeholder vossi-paragraph\" data-uri=\"es.cms.cnn.com\/_components\/paragraph\/instances\/cmi3loqaf0004356n86bk9u40@published\" data-editable=\"text\" data-component-name=\"paragraph\" data-article-gutter=\"true\">\n            El presidente de EE.UU., Donald Trump, dijo este lunes que hablar\u00eda directamente con su hom\u00f3logo venezolano, Nicol\u00e1s Maduro, mientras sopesa una decisi\u00f3n sobre lanzar ataques en el pa\u00eds.\n    <\/p>\n<p class=\"paragraph inline-placeholder vossi-paragraph\" data-uri=\"es.cms.cnn.com\/_components\/paragraph\/instances\/cmi3loqaf0005356nu5wmf68h@published\" data-editable=\"text\" data-component-name=\"paragraph\" data-article-gutter=\"true\">\n            \u201cS\u00ed, probablemente hablar\u00eda con \u00e9l\u201d, dijo Trump a los periodistas en la Oficina Oval.\n    <\/p>\n<p class=\"paragraph inline-placeholder vossi-paragraph\" data-uri=\"es.cms.cnn.com\/_components\/paragraph\/instances\/cmi3loqaf0006356no08ha91c@published\" data-editable=\"text\" data-component-name=\"paragraph\" data-article-gutter=\"true\">\n            M\u00e1s tarde, dijo que hablar\u00eda con Maduro en \u201calg\u00fan momento\u201d.\n    <\/p>\n<p class=\"paragraph inline-placeholder vossi-paragraph\" data-uri=\"es.cms.cnn.com\/_components\/paragraph\/instances\/cmi3loqaf0007356nkpj0x7hw@published\" data-editable=\"text\" data-component-name=\"paragraph\" data-article-gutter=\"true\">\n            \u201c\u00c9l ha hecho un da\u00f1o tremendo a nuestro pa\u00eds\u201d, dijo Trump, agregando que era una \u201cpregunta dif\u00edcil\u201d si exist\u00eda alg\u00fan escenario en el que Maduro pudiera permanecer en el poder.\n    <\/p>\n<p class=\"paragraph inline-placeholder vossi-paragraph\" data-uri=\"es.cms.cnn.com\/_components\/paragraph\/instances\/cmi3loqaf0008356n09dhgn65@published\" data-editable=\"text\" data-component-name=\"paragraph\" data-article-gutter=\"true\">\n            Un d\u00eda antes, Trump hab\u00eda sugerido que se estaba abriendo una ventana diplom\u00e1tica con Caracas en medio de un enorme despliegue militar estadounidense en la regi\u00f3n.\n    <\/p>\n<p class=\"paragraph inline-placeholder vossi-paragraph\" data-uri=\"es.cms.cnn.com\/_components\/paragraph\/instances\/cmi3loqaf0009356n1lvxbk8v@published\" data-editable=\"text\" data-component-name=\"paragraph\" data-article-gutter=\"true\">\n            El lunes, Trump dijo que a\u00fan no hab\u00eda tomado una decisi\u00f3n sobre si atacar\u00e1 a Venezuela por tierra, seg\u00fan indicaron un funcionario de la Casa Blanca y un alto funcionario estadounidense.\n    <\/p>\n<p class=\"paragraph inline-placeholder vossi-paragraph\" data-uri=\"es.cms.cnn.com\/_components\/paragraph\/instances\/cmi3n4iu2000q3b6n3grb81kx@published\" data-editable=\"text\" data-component-name=\"paragraph\" data-article-gutter=\"true\">\n            Sin embargo, en otro avance en las tensiones entre ambos pa\u00edses, este domingo el secretario de Estado de EE.UU., Marco Rubio, anunci\u00f3 que Estados Unidos designar\u00e1 al Cartel de los Soles como organizaci\u00f3n terrorista extranjera. Estados Unidos alega que el cartel venezolano est\u00e1 dirigido por el presidente de Venezuela Nicol\u00e1s Maduro y otros altos funcionarios del Gobierno de Maduro.\n    <\/p>\n<p class=\"paragraph inline-placeholder vossi-paragraph\" data-uri=\"es.cms.cnn.com\/_components\/paragraph\/instances\/cmi3mti5n00053b6n6pn4mqcd@published\" data-editable=\"text\" data-component-name=\"paragraph\" data-article-gutter=\"true\">\n            El secretario del Ej\u00e9rcito, por su parte, <a href=\"https:\/\/cnnespanol.cnn.com\/2025\/11\/16\/eeuu\/fuerzas-armadas-eeuu-accion-venezuela-trump-trax\" rel=\"nofollow noopener\" target=\"_blank\">dijo que<\/a> las Fuerzas Armadas de EE.UU. est\u00e1n \u201clistas, si se les pide\u201d, para actuar en Venezuela\n    <\/p>\n<p class=\"paragraph inline-placeholder vossi-paragraph\" data-uri=\"es.cms.cnn.com\/_components\/paragraph\/instances\/cmi3mqi0z00003b6n2vwvfjir@published\" data-editable=\"text\" data-component-name=\"paragraph\" data-article-gutter=\"true\">\n            La semana pasada, funcionarios informaron a Trump esta semana sobre diversas opciones de operaciones militares que se podr\u00edan llevar a cabo dentro de Venezuela, seg\u00fan cuatro fuentes consultadas por CNN.\n    <\/p>\n<p class=\"paragraph inline-placeholder vossi-paragraph\" data-uri=\"es.cms.cnn.com\/_components\/paragraph\/instances\/cmi3n08qv000c3b6nsmtmxm2u@published\" data-editable=\"text\" data-component-name=\"paragraph\" data-article-gutter=\"true\">\n            Entre las opciones presentadas estaban incluidos ataques a\u00e9reos contra instalaciones militares o gubernamentales y rutas de narcotr\u00e1fico, o un intento m\u00e1s directo de sacar a Maduro del poder. CNN inform\u00f3 previamente que el presidente consideraba planes para atacar instalaciones de producci\u00f3n de coca\u00edna y rutas de tr\u00e1fico de drogas dentro de Venezuela.\n    <\/p>\n<p class=\"paragraph inline-placeholder vossi-paragraph\" data-uri=\"es.cms.cnn.com\/_components\/paragraph\/instances\/cmi3n0vrb000e3b6n1vt68r1f@published\" data-editable=\"text\" data-component-name=\"paragraph\" data-article-gutter=\"true\">\n            Mientras tanto, las Fuerzas Armadas estadounidenses han desplegado m\u00e1s de una decena de buques de guerra y 15.000 soldados en la regi\u00f3n como parte de lo que el Pent\u00e1gono denomin\u00f3 <a href=\"https:\/\/www.youtube.com\/watch?v=h53hlyh4MN8\" target=\"_blank\" rel=\"noopener noreferrer nofollow\">operaci\u00f3n \u201cLanza del Sur\u201d.<\/a>\n    <\/p>\n<p class=\"paragraph inline-placeholder vossi-paragraph\" data-uri=\"es.cms.cnn.com\/_components\/paragraph\/instances\/cmi3mti5n00023b6nakvuszv1@published\" data-editable=\"text\" data-component-name=\"paragraph\" data-article-gutter=\"true\">\n            Trump espera que la concentraci\u00f3n de fuerzas militares en la regi\u00f3n mientras sea suficiente presi\u00f3n para obligar a Maduro a dimitir sin recurrir a una acci\u00f3n militar directa, indic\u00f3 el funcionario estadounidense.\n    <\/p>\n<p class=\"paragraph inline-placeholder vossi-paragraph\" data-uri=\"es.cms.cnn.com\/_components\/paragraph\/instances\/cmi3n28lj000k3b6nbl6zmsyt@published\" data-editable=\"text\" data-component-name=\"paragraph\" data-article-gutter=\"true\">\n            Sin embargo, tambi\u00e9n es posible que Trump decida no tomar ninguna acci\u00f3n. El mandatario dijo el mes pasado que hab\u00eda autorizado a la CIA a operar en el pa\u00eds, pero funcionarios del Gobierno dijeron a legisladores la semana pasada que Estados Unidos no ten\u00eda una justificaci\u00f3n legal que respaldara ataques contra objetivos terrestres, aunque es posible que puedan generar una. Recientemente, Trump dijo en \u201c60 Minutes\u201d de CBS que no consideraba ataques dentro de Venezuela, a pesar de que antes parec\u00eda abierto a la idea.\n    <\/p>\n<p class=\"paragraph inline-placeholder vossi-paragraph\" data-uri=\"es.cms.cnn.com\/_components\/paragraph\/instances\/cmi3n3hce000n3b6nrwtn0ypy@published\" data-editable=\"text\" data-component-name=\"paragraph\" data-article-gutter=\"true\">\n            De todos modos, Trump dej\u00f3 algo claro: no cree que el Gobierno necesite autorizaci\u00f3n del Congreso para posibles acciones militares dentro de Venezuela. Al mismo tiempo, el presidente dijo que est\u00e1 a favor de mantener informados a los legisladores.\n    <\/p>\n<p class=\"paragraph inline-placeholder vossi-paragraph\" data-uri=\"es.cms.cnn.com\/_components\/paragraph\/instances\/cmi3n4mpx000s3b6n4a7khc9i@published\" data-editable=\"text\" data-component-name=\"paragraph\" data-article-gutter=\"true\">\n            \u201cNos gusta mantener informado al Congreso. Es decir, detenemos a los narcotraficantes y las drogas que entran en nuestro pa\u00eds\u2026 No tenemos que obtener su aprobaci\u00f3n. Pero creo que informarles es bueno\u201d, se\u00f1al\u00f3.\n    <\/p>\n","protected":false},"excerpt":{"rendered":"CNN \u00a0\u2014\u00a0 El presidente de EE.UU., Donald Trump, dijo este lunes que hablar\u00eda directamente con su hom\u00f3logo venezolano,&hellip;\n","protected":false},"author":2,"featured_media":241771,"comment_status":"","ping_status":"","sticky":false,"template":"","format":"standard","meta":{"footnotes":""},"categories":[42],"tags":[17,18,13,14,11,61,62,63,64,19,20,9,10,15,16,12,21,22,65,66,67],"class_list":{"0":"post-241770","1":"post","2":"type-post","3":"status-publish","4":"format-standard","5":"has-post-thumbnail","7":"category-internacional","8":"tag-breaking-news","9":"tag-breakingnews","10":"tag-featured-news","11":"tag-featurednews","12":"tag-headlines","13":"tag-internacional","14":"tag-international","15":"tag-international-news","16":"tag-internationalnews","17":"tag-latest-news","18":"tag-latestnews","19":"tag-news","20":"tag-noticias","21":"tag-noticias-destacadas","22":"tag-noticiasdestacadas","23":"tag-titulares","24":"tag-ultimas-noticias","25":"tag-ultimasnoticias","26":"tag-world","27":"tag-world-news","28":"tag-worldnews"},"share_on_mastodon":{"url":"https:\/\/pubeurope.com\/@es\/115567716446179976","error":""},"_links":{"self":[{"href":"https:\/\/www.europesays.com\/es\/wp-json\/wp\/v2\/posts\/241770","targetHints":{"allow":["GET"]}}],"collection":[{"href":"https:\/\/www.europesays.com\/es\/wp-json\/wp\/v2\/posts"}],"about":[{"href":"https:\/\/www.europesays.com\/es\/wp-json\/wp\/v2\/types\/post"}],"author":[{"embeddable":true,"href":"https:\/\/www.europesays.com\/es\/wp-json\/wp\/v2\/users\/2"}],"replies":[{"embeddable":true,"href":"https:\/\/www.europesays.com\/es\/wp-json\/wp\/v2\/comments?post=241770"}],"version-history":[{"count":0,"href":"https:\/\/www.europesays.com\/es\/wp-json\/wp\/v2\/posts\/241770\/revisions"}],"wp:featuredmedia":[{"embeddable":true,"href":"https:\/\/www.europesays.com\/es\/wp-json\/wp\/v2\/media\/241771"}],"wp:attachment":[{"href":"https:\/\/www.europesays.com\/es\/wp-json\/wp\/v2\/media?parent=241770"}],"wp:term":[{"taxonomy":"category","embeddable":true,"href":"https:\/\/www.europesays.com\/es\/wp-json\/wp\/v2\/categories?post=241770"},{"taxonomy":"post_tag","embeddable":true,"href":"https:\/\/www.europesays.com\/es\/wp-json\/wp\/v2\/tags?post=241770"}],"curies":[{"name":"wp","href":"https:\/\/api.w.org\/{rel}","templated":true}]}}