{"id":241774,"date":"2025-11-17T23:50:12","date_gmt":"2025-11-17T23:50:12","guid":{"rendered":"https:\/\/www.europesays.com\/es\/241774\/"},"modified":"2025-11-17T23:50:12","modified_gmt":"2025-11-17T23:50:12","slug":"muere-un-motorista-tras-un-accidente-en-la-avenida-carlos-v","status":"publish","type":"post","link":"https:\/\/www.europesays.com\/es\/241774\/","title":{"rendered":"Muere un motorista tras un accidente en la avenida Carlos V"},"content":{"rendered":"<p class=\"ft-text\">Una persona ha fallecido este lunes tras perder el control de la moto en la que <strong>circulaba y caer al suelo en la confluencia de la avenida Carlos V con la avenida de la Borbolla, en\u00a0Sevilla\u00a0capital.<\/strong><\/p>\n<p class=\"ft-text\">Seg\u00fan ha informado el Consistorio sevillano a trav\u00e9s de su cuenta oficial Emergencia\u00a0Sevilla\u00a0en la red social X, <strong>el accidente se ha producido en torno a las 18:20 horas<\/strong>, cuando el motorista sufri\u00f3 la ca\u00edda y m\u00faltiples lesiones que le han provocado la muerte.<\/p>\n<p class=\"ft-text\">En el lugar del suceso han intervenido la Polic\u00eda Local y el servicio de emergencias CES061, movilizados por la sala coordinadora, seg\u00fan han detallado fuentes del Servicio de Emergencias 112 Andaluc\u00eda a esta agencia.<\/p>\n<p class=\"ft-text\">Adem\u00e1s, <strong>un equipo especializado en investigaci\u00f3n de siniestros viales de la Polic\u00eda Local se ha hecho cargo del caso.<\/strong> Debido al accidente, se est\u00e1n produciendo desv\u00edos de tr\u00e1fico en la zona, mientras los agentes regulan la circulaci\u00f3n y dan indicaciones a los conductores.<\/p>\n","protected":false},"excerpt":{"rendered":"Una persona ha fallecido este lunes tras perder el control de la moto en la que circulaba y&hellip;\n","protected":false},"author":2,"featured_media":241775,"comment_status":"","ping_status":"","sticky":false,"template":"","format":"standard","meta":{"footnotes":""},"categories":[5],"tags":[4205,5254,14092,17,18,415,62192,25,24,13,14,11,19,20,28699,8938,9,10,15,16,23,12,21,22],"class_list":{"0":"post-241774","1":"post","2":"type-post","3":"status-publish","4":"format-standard","5":"has-post-thumbnail","7":"category-titulares","8":"tag-accidente","9":"tag-accidente-de-trafico","10":"tag-avenida","11":"tag-breaking-news","12":"tag-breakingnews","13":"tag-carlos","14":"tag-emergencias-sevilla","15":"tag-es","16":"tag-espana","17":"tag-featured-news","18":"tag-featurednews","19":"tag-headlines","20":"tag-latest-news","21":"tag-latestnews","22":"tag-motorista","23":"tag-muere","24":"tag-news","25":"tag-noticias","26":"tag-noticias-destacadas","27":"tag-noticiasdestacadas","28":"tag-spain","29":"tag-titulares","30":"tag-ultimas-noticias","31":"tag-ultimasnoticias"},"share_on_mastodon":{"url":"https:\/\/pubeurope.com\/@es\/115567723997182995","error":""},"_links":{"self":[{"href":"https:\/\/www.europesays.com\/es\/wp-json\/wp\/v2\/posts\/241774","targetHints":{"allow":["GET"]}}],"collection":[{"href":"https:\/\/www.europesays.com\/es\/wp-json\/wp\/v2\/posts"}],"about":[{"href":"https:\/\/www.europesays.com\/es\/wp-json\/wp\/v2\/types\/post"}],"author":[{"embeddable":true,"href":"https:\/\/www.europesays.com\/es\/wp-json\/wp\/v2\/users\/2"}],"replies":[{"embeddable":true,"href":"https:\/\/www.europesays.com\/es\/wp-json\/wp\/v2\/comments?post=241774"}],"version-history":[{"count":0,"href":"https:\/\/www.europesays.com\/es\/wp-json\/wp\/v2\/posts\/241774\/revisions"}],"wp:featuredmedia":[{"embeddable":true,"href":"https:\/\/www.europesays.com\/es\/wp-json\/wp\/v2\/media\/241775"}],"wp:attachment":[{"href":"https:\/\/www.europesays.com\/es\/wp-json\/wp\/v2\/media?parent=241774"}],"wp:term":[{"taxonomy":"category","embeddable":true,"href":"https:\/\/www.europesays.com\/es\/wp-json\/wp\/v2\/categories?post=241774"},{"taxonomy":"post_tag","embeddable":true,"href":"https:\/\/www.europesays.com\/es\/wp-json\/wp\/v2\/tags?post=241774"}],"curies":[{"name":"wp","href":"https:\/\/api.w.org\/{rel}","templated":true}]}}