{"id":241782,"date":"2025-11-18T00:00:09","date_gmt":"2025-11-18T00:00:09","guid":{"rendered":"https:\/\/www.europesays.com\/es\/241782\/"},"modified":"2025-11-18T00:00:09","modified_gmt":"2025-11-18T00:00:09","slug":"me-vio-un-poco-simio","status":"publish","type":"post","link":"https:\/\/www.europesays.com\/es\/241782\/","title":{"rendered":"Me vio un poco simio"},"content":{"rendered":"<p class=\"c-paragraph\"><a href=\"https:\/\/www.20minutos.es\/tags\/personas\/mario-vaquerizo.html\" title=\"Mario Vaquerizo\" rel=\"nofollow noopener\" target=\"_blank\">Mario Vaquerizo<\/a> y\u00a0Gotzon Mantuliz son los primeros invitados de la semana en El Hormiguero. El cantante y el fot\u00f3grafo han visitado el programa de Pablo Motos para presentar Cazadores de Im\u00e1genes, un espacio en el que el ganador de la quinta edici\u00f3n de <a href=\"https:\/\/www.20minutos.es\/tags\/temas\/el-desafio-antena-3.html\" title=\"El Desaf\u00edo - Antena 3\" rel=\"nofollow noopener\" target=\"_blank\">El Desaf\u00edo<\/a> recorre el mundo junto con famosos para <b>buscar y fotografiar distintos animales en su h\u00e1bitat natural.<\/b><\/p>\n<p class=\"c-paragraph\">Hablando de su experiencia con los monos y gorilas durante las grabaciones, el vocalista de las Nancys Rubias asegur\u00f3 que se sinti\u00f3<b> \u00abuno m\u00e1s de ellos\u00bb.<\/b>\u00a0Ante ello, desvel\u00f3 una an\u00e9cdota relacionada sobre su relaci\u00f3n con Alaska.<\/p>\n<p class=\"c-paragraph\">\u00abMi mujer se enamor\u00f3 de mi porque me vio un poco mono, es decir, simio\u00bb, apunt\u00f3 Mario Vaquerizo en una primera instancia. Tras ello, revel\u00f3 cu\u00e1l es la parte que m\u00e1s le gusta a la integrante de Fangoria de su cuerpo: \u00abDice que lo que le encanta es <b>la implantaci\u00f3n capilar que tengo en la axila<\/b>\u00ab. \u00abLa tengo como los chimpanc\u00e9s y grito como ellos\u00bb, brome\u00f3.\u00a0<\/p>\n<p class=\"c-paragraph\">\u00ab<b>\u00bfTienes mucho pelo? \u00bfVe en ti en homo sapiens?<\/b>\u00ab, quiso saber Motos. \u00abS\u00ed, ve a un hombre sexy y el mono, simio, es el hombre muy sexy, creo. A partir de ahora me llamar\u00e9 Chita Vaquerizo\u00bb, apunt\u00f3 el invitado.<\/p>\n<p class=\"c-paragraph\">\u00abChita, que era un hombre, adem\u00e1s. Olvido tiene un libro firmado por \u00e9l\u00bb, a\u00f1adi\u00f3 a su respuesta, bajo la atenta mirada de su compa\u00f1ero y el presentador. \u00ab<b>Pero, \u00bfc\u00f3mo que Chita era un hombre? Chita era un mono<\/b>\u00ab, apunt\u00f3 el de Requena. \u00abPero no era una mujer, era macho. Es que te tengo que venir a culturizar aqu\u00ed\u00bb, brome\u00f3 Vaquerizo, para despu\u00e9s explicar c\u00f3mo Alaska conoci\u00f3 a Chita: \u00abHac\u00eda exposiciones, pintaba, e hizo una en Londres. Tiene un libro y dos litograf\u00edas firmadas por Chita\u00bb.<\/p>\n<p class=\"c-paragraph\">Antes de cambiar de tema, Gotzon Mantuliz quiso lanzar un mensaje sobre la importancia de los animales y su vida y desarrollo en la naturaleza:\u00a0\u00abAprovecho para meter una cu\u00f1a y, donde de verdad hay que disfrutar de los animales, y es lo que transmitimos en el programa, es<b> en su h\u00e1bitat, porque son salvajes y es donde tienen que estar<\/b>\u00ab.<\/p>\n","protected":false},"excerpt":{"rendered":"Mario Vaquerizo y\u00a0Gotzon Mantuliz son los primeros invitados de la semana en El Hormiguero. El cantante y el&hellip;\n","protected":false},"author":2,"featured_media":241783,"comment_status":"","ping_status":"","sticky":false,"template":"","format":"standard","meta":{"footnotes":""},"categories":[174],"tags":[4040,255,5813,146,147,25,24,256,62193,16650,5812,23],"class_list":{"0":"post-241782","1":"post","2":"type-post","3":"status-publish","4":"format-standard","5":"has-post-thumbnail","7":"category-famosos","8":"tag-antena-3","9":"tag-celebrities","10":"tag-el-hormiguero","11":"tag-entertainment","12":"tag-entretenimiento","13":"tag-es","14":"tag-espana","15":"tag-famosos","16":"tag-gotzon-mantuliz","17":"tag-mario-vaquerizo","18":"tag-pablo-motos","19":"tag-spain"},"share_on_mastodon":{"url":"https:\/\/pubeurope.com\/@es\/115567763308507862","error":""},"_links":{"self":[{"href":"https:\/\/www.europesays.com\/es\/wp-json\/wp\/v2\/posts\/241782","targetHints":{"allow":["GET"]}}],"collection":[{"href":"https:\/\/www.europesays.com\/es\/wp-json\/wp\/v2\/posts"}],"about":[{"href":"https:\/\/www.europesays.com\/es\/wp-json\/wp\/v2\/types\/post"}],"author":[{"embeddable":true,"href":"https:\/\/www.europesays.com\/es\/wp-json\/wp\/v2\/users\/2"}],"replies":[{"embeddable":true,"href":"https:\/\/www.europesays.com\/es\/wp-json\/wp\/v2\/comments?post=241782"}],"version-history":[{"count":0,"href":"https:\/\/www.europesays.com\/es\/wp-json\/wp\/v2\/posts\/241782\/revisions"}],"wp:featuredmedia":[{"embeddable":true,"href":"https:\/\/www.europesays.com\/es\/wp-json\/wp\/v2\/media\/241783"}],"wp:attachment":[{"href":"https:\/\/www.europesays.com\/es\/wp-json\/wp\/v2\/media?parent=241782"}],"wp:term":[{"taxonomy":"category","embeddable":true,"href":"https:\/\/www.europesays.com\/es\/wp-json\/wp\/v2\/categories?post=241782"},{"taxonomy":"post_tag","embeddable":true,"href":"https:\/\/www.europesays.com\/es\/wp-json\/wp\/v2\/tags?post=241782"}],"curies":[{"name":"wp","href":"https:\/\/api.w.org\/{rel}","templated":true}]}}