{"id":241786,"date":"2025-11-18T00:04:17","date_gmt":"2025-11-18T00:04:17","guid":{"rendered":"https:\/\/www.europesays.com\/es\/241786\/"},"modified":"2025-11-18T00:04:17","modified_gmt":"2025-11-18T00:04:17","slug":"cuenta-atras-para-el-metalskala-fest","status":"publish","type":"post","link":"https:\/\/www.europesays.com\/es\/241786\/","title":{"rendered":"Cuenta atr\u00e1s para el Metalskala Fest"},"content":{"rendered":"<p><strong>Este s\u00e1bado 22 de noviembre, la sala Jimmy Jazz de Vitoria-Gasteiz acoger\u00e1 la cuarta edici\u00f3n del <a href=\"https:\/\/metalskala.com\/metalskala-fest\/\" rel=\"nofollow noopener\" target=\"_blank\">Metalskala Fest<\/a>, dedicado al hardcore y el metal.<\/strong><\/p>\n<p><a href=\"https:\/\/www.primaverasound.com\/es\/tours\/turnstile-barcelona-sant-jordi-club-madrid-palacio-vistalegre-noviembre-2025?utm_source=rockzone&amp;utm_medium=banner&amp;utm_campaign=turnstile_nov25K\" target=\"_blank\" rel=\"nofollow noopener\"><img decoding=\"async\" src=\"https:\/\/www.europesays.com\/es\/wp-content\/uploads\/2025\/11\/TURNSTILE_Banner_1.gif\"\/><\/a><\/p>\n<p>El cartel de este a\u00f1o lo componen los brit\u00e1nicos <strong>Polar<\/strong> que presentar\u00e1n los himnos metalcore su \u00faltimo disco Five Arrows, publicado en noviembre de 2024,<strong> Hamlet<\/strong>, pesos pesados de la escena estatal repasando los temas m\u00e1s emblem\u00e1ticos de su carrera, los andaluces <strong>Bolu2Death<\/strong> con su fusi\u00f3n de metal, electr\u00f3nica y todo lo que se les ponga por delante, y <strong>Lotura<\/strong>, banda emergente de Euskadi cargada de actitud y contundencia.<\/p>\n<p>Las entradas tienen un precio de 35 euros (+ gastos de distribuci\u00f3n). Puedes hacerte con ellas en <a href=\"https:\/\/entradium.com\/es\/events\/metalskala-fest-vitoria-sala-jimmy-jazz-gasteiz-araba-alava\" rel=\"nofollow noopener\" target=\"_blank\">entradium.com<\/a>.<\/p>\n<p><img fetchpriority=\"high\" decoding=\"async\" class=\"wp-image-47731 aligncenter\" src=\"https:\/\/www.europesays.com\/es\/wp-content\/uploads\/2025\/11\/Metal_Skala-Fest-Jimmy-Jazz-Gasteiz-2025.jpg\" alt=\"\" width=\"487\" height=\"609\"  \/><\/p>\n<p><a href=\"https:\/\/www.ticketmaster.es\/artist\/linkin-park-entradas\/10021?int_cmp_name=LINKIN-PARK&amp;int_cmp_id=ES-Home-501&amp;int_cmp_creative=Home-main-4.0&amp;tm_link=tm_ccp_Home_main_LINKIN-PARK\" target=\"_blank\" rel=\"nofollow noopener\"><img decoding=\"async\" src=\"https:\/\/www.europesays.com\/es\/wp-content\/uploads\/2025\/07\/Banner-Linkin-Park-2-Rock-Zone-1060x200-1.png\"\/><\/a>    <\/p>\n","protected":false},"excerpt":{"rendered":"Este s\u00e1bado 22 de noviembre, la sala Jimmy Jazz de Vitoria-Gasteiz acoger\u00e1 la cuarta edici\u00f3n del Metalskala Fest,&hellip;\n","protected":false},"author":2,"featured_media":241787,"comment_status":"","ping_status":"","sticky":false,"template":"","format":"standard","meta":{"footnotes":""},"categories":[170],"tags":[62194,146,147,25,24,30067,62195,62196,184,185,40491,23],"class_list":{"0":"post-241786","1":"post","2":"type-post","3":"status-publish","4":"format-standard","5":"has-post-thumbnail","7":"category-musica","8":"tag-bolu2death","9":"tag-entertainment","10":"tag-entretenimiento","11":"tag-es","12":"tag-espana","13":"tag-hamlet","14":"tag-lotura","15":"tag-metalskala-fest","16":"tag-music","17":"tag-musica","18":"tag-polar","19":"tag-spain"},"share_on_mastodon":{"url":"https:\/\/pubeurope.com\/@es\/115567779488475494","error":""},"_links":{"self":[{"href":"https:\/\/www.europesays.com\/es\/wp-json\/wp\/v2\/posts\/241786","targetHints":{"allow":["GET"]}}],"collection":[{"href":"https:\/\/www.europesays.com\/es\/wp-json\/wp\/v2\/posts"}],"about":[{"href":"https:\/\/www.europesays.com\/es\/wp-json\/wp\/v2\/types\/post"}],"author":[{"embeddable":true,"href":"https:\/\/www.europesays.com\/es\/wp-json\/wp\/v2\/users\/2"}],"replies":[{"embeddable":true,"href":"https:\/\/www.europesays.com\/es\/wp-json\/wp\/v2\/comments?post=241786"}],"version-history":[{"count":0,"href":"https:\/\/www.europesays.com\/es\/wp-json\/wp\/v2\/posts\/241786\/revisions"}],"wp:featuredmedia":[{"embeddable":true,"href":"https:\/\/www.europesays.com\/es\/wp-json\/wp\/v2\/media\/241787"}],"wp:attachment":[{"href":"https:\/\/www.europesays.com\/es\/wp-json\/wp\/v2\/media?parent=241786"}],"wp:term":[{"taxonomy":"category","embeddable":true,"href":"https:\/\/www.europesays.com\/es\/wp-json\/wp\/v2\/categories?post=241786"},{"taxonomy":"post_tag","embeddable":true,"href":"https:\/\/www.europesays.com\/es\/wp-json\/wp\/v2\/tags?post=241786"}],"curies":[{"name":"wp","href":"https:\/\/api.w.org\/{rel}","templated":true}]}}