{"id":241806,"date":"2025-11-18T00:18:10","date_gmt":"2025-11-18T00:18:10","guid":{"rendered":"https:\/\/www.europesays.com\/es\/241806\/"},"modified":"2025-11-18T00:18:10","modified_gmt":"2025-11-18T00:18:10","slug":"lleyton-hewitt-se-prepara-para-un-dobles-padre-hijo-en-el-challenger-de-sidney-atp-tour","status":"publish","type":"post","link":"https:\/\/www.europesays.com\/es\/241806\/","title":{"rendered":"Lleyton Hewitt se prepara para un dobles padre-hijo en el Challenger de S\u00eddney | ATP Tour"},"content":{"rendered":"<p>        Challenger<br \/>\n    Hewitt se prepara para un dobles padre-hijo en el Challenger de S\u00eddney <\/p>\n<p>El ex No. 1\u00a0del mundo regresa para un memorable dobles en S\u00eddney, donde su hijo Cruz tambi\u00e9n participa en el cuadro principal de singles<\/p>\n<p>November 18, 2025<\/p>\n<p>            <img decoding=\"async\" src=\"https:\/\/www.europesays.com\/es\/wp-content\/uploads\/2025\/11\/hewitt-sydney-challenger-2025-doubles-preview.jpg\" alt=\"\"\/><\/p>\n<p>Getty Images<\/p>\n<p>        By Redacci\u00f3n ATP <\/p>\n<p><a href=\"https:\/\/www.atptour.com\/es\/players\/lleyton-hewitt\/h432\/overview\" rel=\"nofollow noopener\" target=\"_blank\">Lleyton Hewitt<\/a> jugar\u00e1 junto a su hijo <a href=\"https:\/\/www.atptour.com\/es\/players\/cruz-hewitt\/h0k0\/overview\" rel=\"nofollow noopener\" target=\"_blank\">Cruz Hewitt<\/a>, de 16 a\u00f1os, en el <a href=\"https:\/\/www.atptour.com\/es\/scores\/archive\/sydney\/2817\/2025\/results\" rel=\"nofollow noopener\" target=\"_blank\">NSW Open<\/a> de esta semana, un torneo ATP Challenger Tour que se celebra en S\u00eddney.<\/p>\n<p>Hewitt, ex No. 1 del mundo con una brillante carrera que le vali\u00f3 30 t\u00edtulos ATP, est\u00e1 listo para vivir un momento memorable en esta competici\u00f3n padre-hijo en casa. Debutar\u00e1n contra los australianos <a href=\"https:\/\/www.atptour.com\/es\/players\/hayden-jones\/j0d5\/overview\" rel=\"nofollow noopener\" target=\"_blank\">Hayden Jones<\/a> y <a href=\"https:\/\/www.atptour.com\/es\/players\/pavle-marinkov\/m0te\/overview\" rel=\"nofollow noopener\" target=\"_blank\">Pavle Marinkov<\/a>, ambos de 19 a\u00f1os y tambi\u00e9n invitados al torneo. El horario del partido a\u00fan no se ha anunciado.<\/p>\n<p>Cruz tambi\u00e9n competir\u00e1 en el cuadro de singles de S\u00eddney, lo que supondr\u00e1 su tercera participaci\u00f3n en un cuadro principal de un Challenger en su joven carrera. El joven ocupa el puesto 759 en el PIF ATP Ranking.<\/p>\n<p>Los aficionados pueden ver todos los partidos del ATP Challenger Tour en directo y gratis a trav\u00e9s de Challenger TV. <\/p>\n","protected":false},"excerpt":{"rendered":"Challenger Hewitt se prepara para un dobles padre-hijo en el Challenger de S\u00eddney El ex No. 1\u00a0del mundo&hellip;\n","protected":false},"author":2,"featured_media":241807,"comment_status":"","ping_status":"","sticky":false,"template":"","format":"standard","meta":{"footnotes":""},"categories":[274],"tags":[168,25,24,23,167,327,326],"class_list":{"0":"post-241806","1":"post","2":"type-post","3":"status-publish","4":"format-standard","5":"has-post-thumbnail","7":"category-tenis","8":"tag-deportes","9":"tag-es","10":"tag-espana","11":"tag-spain","12":"tag-sports","13":"tag-tenis","14":"tag-tennis"},"share_on_mastodon":{"url":"https:\/\/pubeurope.com\/@es\/115567834725343921","error":""},"_links":{"self":[{"href":"https:\/\/www.europesays.com\/es\/wp-json\/wp\/v2\/posts\/241806","targetHints":{"allow":["GET"]}}],"collection":[{"href":"https:\/\/www.europesays.com\/es\/wp-json\/wp\/v2\/posts"}],"about":[{"href":"https:\/\/www.europesays.com\/es\/wp-json\/wp\/v2\/types\/post"}],"author":[{"embeddable":true,"href":"https:\/\/www.europesays.com\/es\/wp-json\/wp\/v2\/users\/2"}],"replies":[{"embeddable":true,"href":"https:\/\/www.europesays.com\/es\/wp-json\/wp\/v2\/comments?post=241806"}],"version-history":[{"count":0,"href":"https:\/\/www.europesays.com\/es\/wp-json\/wp\/v2\/posts\/241806\/revisions"}],"wp:featuredmedia":[{"embeddable":true,"href":"https:\/\/www.europesays.com\/es\/wp-json\/wp\/v2\/media\/241807"}],"wp:attachment":[{"href":"https:\/\/www.europesays.com\/es\/wp-json\/wp\/v2\/media?parent=241806"}],"wp:term":[{"taxonomy":"category","embeddable":true,"href":"https:\/\/www.europesays.com\/es\/wp-json\/wp\/v2\/categories?post=241806"},{"taxonomy":"post_tag","embeddable":true,"href":"https:\/\/www.europesays.com\/es\/wp-json\/wp\/v2\/tags?post=241806"}],"curies":[{"name":"wp","href":"https:\/\/api.w.org\/{rel}","templated":true}]}}