{"id":241808,"date":"2025-11-18T00:21:12","date_gmt":"2025-11-18T00:21:12","guid":{"rendered":"https:\/\/www.europesays.com\/es\/241808\/"},"modified":"2025-11-18T00:21:12","modified_gmt":"2025-11-18T00:21:12","slug":"el-uemc-baloncesto-valladolid-espera-la-resolucion-de-la-feb","status":"publish","type":"post","link":"https:\/\/www.europesays.com\/es\/241808\/","title":{"rendered":"El UEMC Baloncesto Valladolid espera la resoluci\u00f3n de la FEB"},"content":{"rendered":"<p class=\"paragraph\">La tranquilidad sigue esquivando al UEMC Baloncesto Valladolid. Si algo iba bien o cuanto menos no sufr\u00eda alteraciones extra\u00f1as, la parcela deportiva o m\u00e1s bien los resultados, tambi\u00e9n se va al traste despu\u00e9s de la inesperada y dolorosa derrota sufrida en Ponferrada que le hace perder su condici\u00f3n de invicto de la categor\u00eda.<\/p>\n<p>            <a href=\"#\" title=\"\"><\/p>\n<p>                    <img loading=\"lazy\" decoding=\"async\" data-index=\"\" width=\"140\" height=\"140\" alt=\"Pablo Mar\u00edn intenta lanzar en el partido ante Ponferrada.\" data-full=\"[object Object]\" data-original=\"[object Object]\" src=\"https:\/\/imagenes.diariodevalladolid.es\/files\/related_image\/files\/fp\/uploads\/2025\/11\/16\/691a32e69c2a9.r_d.675-400.jpeg\" data-full-src=\"https:\/\/www.europesays.com\/es\/wp-content\/uploads\/2025\/11\/691a32e69c2a9.jpeg\"\/><\/p>\n<p>            <\/a><\/p>\n<p class=\"paragraph\">Una derrota que escuece m\u00e1s de la cuenta y a la que rodea un interrogante, como es la lesi\u00f3n, prolongada lesi\u00f3n de Pau Carre\u00f1o, que todav\u00eda no ha debutado en Liga. El alero sigue arrastrando unos problemas en su hombro da\u00f1ado en la pretemporada en un partido de la Copa de Espa\u00f1a. Una lesi\u00f3n (acromioclavicular) que los servicios m\u00e9dicos dictaminaron que no hac\u00eda falta pasar por el quir\u00f3fano. Sin embargo, esta lesi\u00f3n, dolorosa y tremendamente inc\u00f3moda, est\u00e1 dando m\u00e1s lata de la esperada como es el hecho de que cualquier golpe sobre la zona da\u00f1ada vuelve a dejar en el dique seco al jugador, que estaba para jugar y que una ca\u00edda le volvi\u00f3 a mandar al dique seco.<\/p>\n<p class=\"paragraph\">Entre tanto y con la noticia de que el Ayuntamiento ya ha comprado las canastas (falta anclarlas al suelo) para activar la opci\u00f3n B de jugar en el pabell\u00f3n Pilar Fern\u00e1ndez Valderrama si sigue lloviendo y la pintura pl\u00e1stica no tapona las goteras de Pisuerga, el club espera la resoluci\u00f3n de la FEB respecto al partido suspendido por las goteras del  pasado 1 de noviembre ante la Cultural y Deportiva Leonesa. Tras las alegaciones solicitadas por la FEB a ambos clubes, el CBC Valladolid espera el escrito que confirme la multa (solo multa) y los pagos que tendr\u00e1 que hacerse cargo para repetir el partido.\u00a0<\/p>\n<p>La ventana indiscreta<\/p>\n<p><b>\u00bfOJOS QUENO VEN&#8230; ABOMBAMIENTO QUE NO SE SIENTE?<\/b> Las goteras de Pisuerga siguen haciendo de las suyas por culpa de una lluvia que no da descanso. La \u00faltima, abombar una parte del parquet, tapado por una mampara, en el que se han colocado contrapesos.<\/p>\n<p class=\"c-detail__media__subtitle\">\n<p>        Imagen de los calderos y los contrapesos puestos encima de la zona abombada del parquet del pabell\u00f3n Pisuerga.G. V.<\/p>\n<p class=\"paragraph\">Un derbi que espera d\u00eda para poder jugarlo y cuya primera fecha libre, el  fin de semana del 29 y 30 de noviembre que hay par\u00f3n por las Ventanas FIBA, parece no haber cuadrado en los intereses de ambos clubes. Un partido que hay que jugar antes del t\u00e9rmino de la primera vuelta y que podr\u00eda fijarse el 17 de diciembre. Un mi\u00e9rcoles que estar\u00eda a caballo entre los partidos, tambi\u00e9n en Pisuerga (o en el Pilar Fern\u00e1ndez Valderrama si no se solucionara completamente  lo de las goteras),  ante Ja\u00e9n el s\u00e1bado 13 de diciembre y ante C\u00e1ceres el s\u00e1bado 20 de diciembre. Dos partidos que llevar\u00edan a un nuevo par\u00f3n de una semana provocado por las fechas navide\u00f1as, ya que el siguiente partido, tambi\u00e9n en casa se jugar\u00eda el s\u00e1bado d\u00eda 3 de enero ante el ISB Azpeitia, que cierra la primera vuelta.<\/p>\n","protected":false},"excerpt":{"rendered":"La tranquilidad sigue esquivando al UEMC Baloncesto Valladolid. Si algo iba bien o cuanto menos no sufr\u00eda alteraciones&hellip;\n","protected":false},"author":2,"featured_media":241809,"comment_status":"","ping_status":"","sticky":false,"template":"","format":"standard","meta":{"footnotes":""},"categories":[269],"tags":[299,298,168,25,24,8252,5273,531,16148,23,167],"class_list":{"0":"post-241808","1":"post","2":"type-post","3":"status-publish","4":"format-standard","5":"has-post-thumbnail","7":"category-baloncesto","8":"tag-baloncesto","9":"tag-basketball","10":"tag-deportes","11":"tag-es","12":"tag-espana","13":"tag-lesion","14":"tag-multa","15":"tag-once","16":"tag-ponferrada","17":"tag-spain","18":"tag-sports"},"share_on_mastodon":{"url":"https:\/\/pubeurope.com\/@es\/115567846292415000","error":""},"_links":{"self":[{"href":"https:\/\/www.europesays.com\/es\/wp-json\/wp\/v2\/posts\/241808","targetHints":{"allow":["GET"]}}],"collection":[{"href":"https:\/\/www.europesays.com\/es\/wp-json\/wp\/v2\/posts"}],"about":[{"href":"https:\/\/www.europesays.com\/es\/wp-json\/wp\/v2\/types\/post"}],"author":[{"embeddable":true,"href":"https:\/\/www.europesays.com\/es\/wp-json\/wp\/v2\/users\/2"}],"replies":[{"embeddable":true,"href":"https:\/\/www.europesays.com\/es\/wp-json\/wp\/v2\/comments?post=241808"}],"version-history":[{"count":0,"href":"https:\/\/www.europesays.com\/es\/wp-json\/wp\/v2\/posts\/241808\/revisions"}],"wp:featuredmedia":[{"embeddable":true,"href":"https:\/\/www.europesays.com\/es\/wp-json\/wp\/v2\/media\/241809"}],"wp:attachment":[{"href":"https:\/\/www.europesays.com\/es\/wp-json\/wp\/v2\/media?parent=241808"}],"wp:term":[{"taxonomy":"category","embeddable":true,"href":"https:\/\/www.europesays.com\/es\/wp-json\/wp\/v2\/categories?post=241808"},{"taxonomy":"post_tag","embeddable":true,"href":"https:\/\/www.europesays.com\/es\/wp-json\/wp\/v2\/tags?post=241808"}],"curies":[{"name":"wp","href":"https:\/\/api.w.org\/{rel}","templated":true}]}}