{"id":241812,"date":"2025-11-18T00:23:18","date_gmt":"2025-11-18T00:23:18","guid":{"rendered":"https:\/\/www.europesays.com\/es\/241812\/"},"modified":"2025-11-18T00:23:18","modified_gmt":"2025-11-18T00:23:18","slug":"cuando-nos-mudamos-no-teniamos-nada-nos-vinimos-con-la-tienda-y-el-saco-de-dormir","status":"publish","type":"post","link":"https:\/\/www.europesays.com\/es\/241812\/","title":{"rendered":"Cuando nos mudamos no ten\u00edamos nada, nos vinimos con la tienda y el saco de dormir"},"content":{"rendered":"<p><strong>Gotzon Mantuliz<\/strong> es conocido por muchas facetas: dise\u00f1ador, modelo, comentarista y presentador de televisi\u00f3n, adem\u00e1s de ganador de la quinta edici\u00f3n del programa \u201cEl conquistador del fin del mundo\u201d. Su vida siempre ha estado vinculada al deporte, la aventura y la creatividad, lo que lo ha llevado a convertirse en un influencer con m\u00e1s de 700 mil seguidores en Instagram que admiran su estilo de vida activo y la est\u00e9tica de todas las fotograf\u00edas de paisajes que comparte.<\/p>\n<p>En 2022, <strong>Forbes Espa\u00f1a lo reconoci\u00f3 con el premio Best Travel Influencer<\/strong>, consolid\u00e1ndolo como una referencia en la creaci\u00f3n de contenido. Sin embargo, detr\u00e1s de la imagen p\u00fablica del aventurero se esconde alguien que valora profundamente la calma y la simplicidad, as\u00ed lo demuestra en su <strong>casa minimalista en Artaza, Vizcaya<\/strong>, donde vive desde el a\u00f1o 2021.<\/p>\n<p>&#13;<img decoding=\"async\" src=\"https:\/\/www.europesays.com\/es\/wp-content\/uploads\/2025\/11\/1763345653_724_salon-con-sofas-en-l-comodos-y-neutros_1f10718c_00586324_251031125859_600x600.webp.webp\" alt=\"Sal\u00f3n con sof\u00e1s en L c\u00f3modos y neutros\" class=\"image lazyload\"\/><\/p>\n<p class=\"epigraph\">Piensa en el futuro<\/p>\n<p><a href=\"https:\/\/www.elmueble.com\/actualidad\/ana-garcia-interiorista-si-tuviera-65-anos-mi-casa-pensaria-que-barato-sale-caro-invertir-principio-buenos-acabados-evita-muchas-reformas-futuras_62437\" rel=\"nofollow noopener\" target=\"_blank\">Los 60 es la etapa en la que invertir en los mejores materiales<\/a><br \/>\nUna casa moderna en tonos neutros<\/p>\n<p>Gotzon vive con su esposa Patricia (con quien contrajo matrimonio en 2019, seg\u00fan recoge el medio Divinity), su hija Vera y su perrita Noa, a la que, como ha comentado en Instagram, considera \u201cuna m\u00e1s de la familia\u201d. Los cuatro conviven en una <strong>casa de estilo minimalista<\/strong>, caracterizada por una <strong>paleta de <a href=\"https:\/\/www.elmueble.com\/decoracion\/secretos-revista-mueble-razones-para-decorar-tu-casa-colores-neutros-triunfar_46801\" rel=\"nofollow noopener\" target=\"_blank\">colores neutros<\/a><\/strong>.<\/p>\n<p><img loading=\"lazy\" decoding=\"async\" src=\"https:\/\/www.europesays.com\/es\/wp-content\/uploads\/2025\/11\/mudanza-de-gotzon-mantuliz_63964bd8_251117114139_1000x1250.webp.webp\" alt=\"Mudanza de Gotzon Mantuliz\" class=\"lazyload\" width=\"1000\" height=\"1250\" data-aspectratio=\"1000\/1250\"\/>&#13;Instagram: @gotzonmantuliz<\/p>\n<p>\u201cCuando nos mudamos no ten\u00edamos nada, nos vinimos con la tienda y el saco de dormir\u201d, explic\u00f3. Sin embargo, hoy la vivienda transmite paz y autenticidad a trav\u00e9s de <strong>detalles muy cuidados<\/strong>, desde los textiles hasta el mobiliario.<\/p>\n<p>El sal\u00f3n de la casa de Gotzon Mantuliz destaca por el uso de <strong>blancos, beiges y <a href=\"https:\/\/www.elmueble.com\/decoracion\/color-marron_46102\" rel=\"nofollow noopener\" target=\"_blank\">marrones\u00a0<\/a><\/strong><a href=\"https:\/\/www.elmueble.com\/decoracion\/color-marron_46102\" rel=\"nofollow noopener\" target=\"_blank\"><strong>suaves<\/strong><\/a>, que crean un ambiente unificado y facilitan la sensaci\u00f3n de orden. Estos tonos no solo aportan una sensaci\u00f3n acogedora, sino que tambi\u00e9n permiten que la luz natural se refleje mejor y que el espacio parezca m\u00e1s amplio.<\/p>\n<p><img loading=\"lazy\" decoding=\"async\" src=\"https:\/\/www.europesays.com\/es\/wp-content\/uploads\/2025\/11\/gotzon-mantuliz-mascota_7c4baac9_251117114820_1000x1246.webp.webp\" alt=\"gotzon mantuliz mascota\" class=\"lazyload\" width=\"1000\" height=\"1246\" data-aspectratio=\"1000\/1246\"\/>&#13;Instagram: @gotzonmantuliz<\/p>\n<p><strong>Los textiles son protagonistas en esta est\u00e9tica<\/strong>, desde las alfombras hasta las mantas o los cojines. Como podemos observar en la imagen, la textura juega un papel clave: desde tejidos naturales y suaves hasta estampados de l\u00edneas que conectan uniformemente.<\/p>\n<p>&#13;<img decoding=\"async\" src=\"https:\/\/www.europesays.com\/es\/wp-content\/uploads\/2025\/11\/teresa-andres-gonzalvo-e-ignacio-ayllon_510844b5_250919133145_600x600.webp.webp\" alt=\"Teresa Andr\u00e9s Gonzalvo e Ignacio Ayll\u00f3n\" class=\"image lazyload\"\/><\/p>\n<p class=\"epigraph\">\u00a1Vamos a verla!<\/p>\n<p><a href=\"https:\/\/www.elmueble.com\/casas\/famosos\/casa-influencer-teresa-andres-gonzalvo-refugio-mediterraneo-disenado-medida_61840\" rel=\"nofollow noopener\" target=\"_blank\">Entramos en la casa de la influencer Teresa Andr\u00e9s Gonzalvo<\/a><br \/>\n<img loading=\"lazy\" decoding=\"async\" src=\"https:\/\/www.europesays.com\/es\/wp-content\/uploads\/2025\/11\/sofa-de-la-casa-de-gotzon-mantuliz_acec8697_251117114915_1000x1170.webp.webp\" alt=\"Sof\u00e1 de la casa de Gotzon Mantuliz\" class=\"lazyload\" width=\"1000\" height=\"1170\" data-aspectratio=\"1000\/1170\"\/>&#13;Instagram: @gotzonmantuliz<br \/>\nUn sal\u00f3n para descansar<\/p>\n<p>En el sal\u00f3n encontramos un <strong>sof\u00e1 en L de color <\/strong><strong>nude<\/strong>y cojines a juego que refuerzan el estilo minimalista. Este espacio est\u00e1 dise\u00f1ado para el descanso, la lectura y la convivencia familiar.<\/p>\n<p>El suelo con una <a href=\"https:\/\/www.elmueble.com\/decoracion\/mas-alla-alfombras-textiles-espacios-pequenos-bano-recibidor-cocina_62557\" rel=\"nofollow noopener\" target=\"_blank\">gran alfombra<\/a> a\u00f1ade una sensaci\u00f3n extra de confort y continuidad est\u00e9tica. Es un elemento que encaja a la perfecci\u00f3n como parte de un ambiente que prioriza la suavidad y la acogida.<\/p>\n<p><img loading=\"lazy\" decoding=\"async\" src=\"https:\/\/www.europesays.com\/es\/wp-content\/uploads\/2025\/11\/salon-de-la-casa-de-gotzon-mantuliz_56f09c8b_251117114902_1000x1246.webp.webp\" alt=\"Sal\u00f3n de la casa de Gotzon Mantuliz\" class=\"lazyload\" width=\"1000\" height=\"1246\" data-aspectratio=\"1000\/1246\"\/>&#13;Instagram: @gotzonmantuliz<\/p>\n<p>Por su parte, <strong>la decoraci\u00f3n es bastante sencilla<\/strong> y seleccionada de forma cuidadosa, evidenciando el equilibrio visual y ausencia de objetos innecesarios que, tarde o temprano, puedan generar <a href=\"https:\/\/www.elmueble.com\/orden-limpieza-ahorro\/por-que-acumulamos-cosas-estas-son-6-razones_45020\" rel=\"nofollow noopener\" target=\"_blank\">acumulaci\u00f3n<\/a>.<\/p>\n<p>Otro de los elementos protagonistas en la casa de Gotzon Mantuliz es la luz. En el sal\u00f3n, la estancia se presenta <strong>limpia, despejada y abierta<\/strong>, lo que potencia la sensaci\u00f3n de amplitud.<\/p>\n<p><img loading=\"lazy\" decoding=\"async\" src=\"https:\/\/www.europesays.com\/es\/wp-content\/uploads\/2025\/11\/mesa-de-la-casa-de-gotzon-mantuliz_e776a6e6_251117114943_1000x1246.webp.webp\" alt=\"Mesa de la casa de Gotzon Mantuliz\" class=\"lazyload\" width=\"1000\" height=\"1246\" data-aspectratio=\"1000\/1246\"\/>&#13;Instagram: @gotzonmantuliz<br \/>\nRinc\u00f3n destinado a la lectura<\/p>\n<p>En una de las fotograf\u00edas compartidas por Gotzon en su cuenta de Instagram, revel\u00f3 otro de los rincones de su casa: uno dedicado a la lectura, en el que se observa <strong>El libro de la selva<\/strong>, \u201cuna historia fascinante\u201d, indic\u00f3 el influencer en la publicaci\u00f3n. \u201cLa de veces que me habr\u00e9 imaginado siendo Mowgli recorriendo la selva\u2026\u201d, a\u00f1adi\u00f3.<\/p>\n<p>El libro descansa sobre una <strong>mesa de madera clara<\/strong>, ubicada justo al lado de una alfombra que mantiene la coherencia est\u00e9tica del resto de la casa. Adem\u00e1s, en la parte superior, se observan hojas de una <a href=\"https:\/\/www.elmueble.com\/ideas\/decoterapia\/10-plantas-interior-resistentes-y-faciles-mantener_42392\" rel=\"nofollow noopener\" target=\"_blank\">planta de interior<\/a> que introduce un toque de frescura y, por supuesto, la conexi\u00f3n con la naturaleza que tambi\u00e9n forma parte de su estilo de vida.<\/p>\n<p>&#13;<img decoding=\"async\" src=\"https:\/\/www.europesays.com\/es\/wp-content\/uploads\/2025\/11\/jorge-javier-vazquez-disfruta-del-tiempo-de-descanso-en-casa_5ed0034f_250801102835_600x600.webp.webp\" alt=\"Jorge Javier V\u00e1zquez disfruta del tiempo de descanso en casa\" class=\"image lazyload\"\/><\/p>\n<p class=\"epigraph\">REFUGIO <\/p>\n<p><a href=\"https:\/\/www.elmueble.com\/casas\/famosos\/jorge-javier-vazquez-presentador-55-anos-lo-que-mas-me-gusta-es-estar-aqui-no-salir-cuando-tengo-programa-ocho-media-estoy-casa-quince-minutos-mas-tarde-cenando-diez-media-cama_61265\" rel=\"nofollow noopener\" target=\"_blank\">El presentador Jorge Javier V\u00e1zquez habla sobre su casa y sus rutinas<\/a><br \/>\n<img loading=\"lazy\" decoding=\"async\" src=\"https:\/\/www.europesays.com\/es\/wp-content\/uploads\/2025\/11\/exterior-de-la-casa-de-gotzon-mantuliz_71aa9f0a_251117114959_1000x1246.webp.webp\" alt=\"Exterior de la casa de Gotzon Mantuliz\" class=\"lazyload\" width=\"1000\" height=\"1246\" data-aspectratio=\"1000\/1246\"\/>&#13;Instagram: @gotzonmantuliz<br \/>\nExterior para entrenar<\/p>\n<p>El exterior de la casa es un<strong> lugar pensado para el ejercicio f\u00edsico<\/strong>, otro de los hobbies del presentador y comentarista. En \u00e9l observamos un dise\u00f1o limpio y muy funcional que permite realizar deporte sin perder la coherencia est\u00e9tica.<\/p>\n<p>En definitiva, la <strong>casa de Gotzon Mantuliz<\/strong> es un reflejo de su filosof\u00eda de vida: minimalista, luminosa y aventurera, donde reina el orden y la calidez en cada detalle. Cuando el influencer no est\u00e1 en alg\u00fan plat\u00f3 de televisi\u00f3n o viajando por destinos ex\u00f3ticos, disfruta de su sal\u00f3n en tonos nude y de su espacio exterior, mientras entrena y respira el aire fresco de la naturaleza de Vizcaya.<\/p>\n","protected":false},"excerpt":{"rendered":"Gotzon Mantuliz es conocido por muchas facetas: dise\u00f1ador, modelo, comentarista y presentador de televisi\u00f3n, adem\u00e1s de ganador de&hellip;\n","protected":false},"author":2,"featured_media":241813,"comment_status":"","ping_status":"","sticky":false,"template":"","format":"standard","meta":{"footnotes":""},"categories":[174],"tags":[255,146,147,25,24,256,23],"class_list":{"0":"post-241812","1":"post","2":"type-post","3":"status-publish","4":"format-standard","5":"has-post-thumbnail","7":"category-famosos","8":"tag-celebrities","9":"tag-entertainment","10":"tag-entretenimiento","11":"tag-es","12":"tag-espana","13":"tag-famosos","14":"tag-spain"},"share_on_mastodon":{"url":"https:\/\/pubeurope.com\/@es\/115567854157812061","error":""},"_links":{"self":[{"href":"https:\/\/www.europesays.com\/es\/wp-json\/wp\/v2\/posts\/241812","targetHints":{"allow":["GET"]}}],"collection":[{"href":"https:\/\/www.europesays.com\/es\/wp-json\/wp\/v2\/posts"}],"about":[{"href":"https:\/\/www.europesays.com\/es\/wp-json\/wp\/v2\/types\/post"}],"author":[{"embeddable":true,"href":"https:\/\/www.europesays.com\/es\/wp-json\/wp\/v2\/users\/2"}],"replies":[{"embeddable":true,"href":"https:\/\/www.europesays.com\/es\/wp-json\/wp\/v2\/comments?post=241812"}],"version-history":[{"count":0,"href":"https:\/\/www.europesays.com\/es\/wp-json\/wp\/v2\/posts\/241812\/revisions"}],"wp:featuredmedia":[{"embeddable":true,"href":"https:\/\/www.europesays.com\/es\/wp-json\/wp\/v2\/media\/241813"}],"wp:attachment":[{"href":"https:\/\/www.europesays.com\/es\/wp-json\/wp\/v2\/media?parent=241812"}],"wp:term":[{"taxonomy":"category","embeddable":true,"href":"https:\/\/www.europesays.com\/es\/wp-json\/wp\/v2\/categories?post=241812"},{"taxonomy":"post_tag","embeddable":true,"href":"https:\/\/www.europesays.com\/es\/wp-json\/wp\/v2\/tags?post=241812"}],"curies":[{"name":"wp","href":"https:\/\/api.w.org\/{rel}","templated":true}]}}