{"id":241816,"date":"2025-11-18T00:27:13","date_gmt":"2025-11-18T00:27:13","guid":{"rendered":"https:\/\/www.europesays.com\/es\/241816\/"},"modified":"2025-11-18T00:27:13","modified_gmt":"2025-11-18T00:27:13","slug":"hice-ha-nacido-una-estrella-bajo-los-efectos-del-litio-lady-gaga-se-sincera-sobre-el-periodo-mas-duro-de-su-carrera-y-como-consiguio-superarlo","status":"publish","type":"post","link":"https:\/\/www.europesays.com\/es\/241816\/","title":{"rendered":"\u201cHice &#8216;Ha nacido una estrella&#8217; bajo los efectos del litio\u00bb: Lady Gaga se sincera sobre el per\u00edodo m\u00e1s duro de su carrera (y c\u00f3mo consigui\u00f3 superarlo)"},"content":{"rendered":"<p class=\"has-dropcap\">En la carrera de <a href=\"https:\/\/www.revistavanityfair.es\/articulos\/lady-gaga-chappell-roan-discurso-grammy-2025-derechos-trans-lgtbq\" target=\"_blank\" rel=\"nofollow noopener\"><strong>Lady Gaga<\/strong><\/a> hay un antes y un despu\u00e9s en febrero de 2018, cuando la cantante decidi\u00f3 suspender su gira mundial de la noche a la ma\u00f1ana a pesar del \u00e9xito del \u00e1lbum Joanne. \u00abEse era el \u00e1ngulo en cada habitaci\u00f3n de cada sitio al que iba. Yo era un producto, un objeto, un negocio. Una vez me convert\u00ed en un gran negocio para la gente, su prioridad no fue asegurarse de que tuviera una experiencia art\u00edstica digna. Su prioridad era asegurarse de que pod\u00eda ganar dinero lo m\u00e1s r\u00e1pido posible. <strong>Hubo un momento de mi vida en el que dej\u00f3 de haber instrumentos en los sitios a los que iba. Lo importante era controlarme a m\u00ed en tanto que negocio rentable<\/strong>\u00ab, cuenta Lady Gaga en una entrevista para <a data-offer-url=\"https:\/\/www.rollingstone.com\/music\/music-features\/lady-gaga-mayhem-tour-grammys-cover-story-interview-1235460150\/\" class=\"external-link\" data-event-click=\"{&quot;element&quot;:&quot;ExternalLink&quot;,&quot;outgoingURL&quot;:&quot;https:\/\/www.rollingstone.com\/music\/music-features\/lady-gaga-mayhem-tour-grammys-cover-story-interview-1235460150\/&quot;}\" href=\"https:\/\/www.rollingstone.com\/music\/music-features\/lady-gaga-mayhem-tour-grammys-cover-story-interview-1235460150\/\" rel=\"nofollow noopener\" target=\"_blank\">Rolling Stone<\/a>, en la que a\u00f1ade que el momento m\u00e1s duro de su carrera coincidi\u00f3 con el rodaje de la pel\u00edcula Ha nacido una estrella.<\/p>\n<p><img decoding=\"async\" alt=\"\u201cHice 'Ha nacido una estrella' bajo los efectos del litio Lady Gaga se sincera sobre el per\u00edodo ms duro de su carrera\" loading=\"lazy\" class=\"ResponsiveImageContainer-eNxvmU cfBbTk responsive-image__image\"   src=\"https:\/\/www.europesays.com\/es\/wp-content\/uploads\/2025\/11\/a-star-is-born-cooper-gaga.jpg\"\/><\/p>\n<p>Clay Enos<\/p>\n<p><strong>\u00abHice Ha nacido una estrella bajo los efectos del litio\u00bb,<\/strong> dice, refiri\u00e9ndose al f\u00e1rmaco que se utiliza para tratar la depresi\u00f3n y el trastorno bipolar. A su vez, los dolores cr\u00f3nicos causados por su fibromialgia contribuyeron a un deterioro hasta el punto de que padeciese una crisis emocional en toda regla: <strong>\u201cUn d\u00eda<\/strong> <a href=\"https:\/\/www.revistavanityfair.es\/articulos\/natali-germanotta-hermana-dlady-gaga-disenadora\" rel=\"nofollow noopener\" target=\"_blank\">mi hermana<\/a> <strong>me dijo: &#8216;Ya no veo a mi hermana&#8217;, y cancel\u00e9 la gira<\/strong>. Hubo un d\u00eda en el que fui al hospital para recibir tratamiento psiqui\u00e1trico. Necesitaba un descanso. No era capaz de hacer nada\u2026 me derrumb\u00e9 por completo. Fue realmente aterrador. Hubo un momento en que pens\u00e9 que no podr\u00eda mejorar. Me siento muy afortunada de estar viva. S\u00e9 que puede sonar dram\u00e1tico, pero ya sabemos c\u00f3mo puede acabar eso\u201d.<\/p>\n","protected":false},"excerpt":{"rendered":"En la carrera de Lady Gaga hay un antes y un despu\u00e9s en febrero de 2018, cuando la&hellip;\n","protected":false},"author":2,"featured_media":241817,"comment_status":"","ping_status":"","sticky":false,"template":"","format":"standard","meta":{"footnotes":""},"categories":[170],"tags":[177,146,147,25,24,4643,184,185,4474,23],"class_list":{"0":"post-241816","1":"post","2":"type-post","3":"status-publish","4":"format-standard","5":"has-post-thumbnail","7":"category-musica","8":"tag-cine","9":"tag-entertainment","10":"tag-entretenimiento","11":"tag-es","12":"tag-espana","13":"tag-lady-gaga","14":"tag-music","15":"tag-musica","16":"tag-salud-mental","17":"tag-spain"},"share_on_mastodon":{"url":"https:\/\/pubeurope.com\/@es\/115567869834794677","error":""},"_links":{"self":[{"href":"https:\/\/www.europesays.com\/es\/wp-json\/wp\/v2\/posts\/241816","targetHints":{"allow":["GET"]}}],"collection":[{"href":"https:\/\/www.europesays.com\/es\/wp-json\/wp\/v2\/posts"}],"about":[{"href":"https:\/\/www.europesays.com\/es\/wp-json\/wp\/v2\/types\/post"}],"author":[{"embeddable":true,"href":"https:\/\/www.europesays.com\/es\/wp-json\/wp\/v2\/users\/2"}],"replies":[{"embeddable":true,"href":"https:\/\/www.europesays.com\/es\/wp-json\/wp\/v2\/comments?post=241816"}],"version-history":[{"count":0,"href":"https:\/\/www.europesays.com\/es\/wp-json\/wp\/v2\/posts\/241816\/revisions"}],"wp:featuredmedia":[{"embeddable":true,"href":"https:\/\/www.europesays.com\/es\/wp-json\/wp\/v2\/media\/241817"}],"wp:attachment":[{"href":"https:\/\/www.europesays.com\/es\/wp-json\/wp\/v2\/media?parent=241816"}],"wp:term":[{"taxonomy":"category","embeddable":true,"href":"https:\/\/www.europesays.com\/es\/wp-json\/wp\/v2\/categories?post=241816"},{"taxonomy":"post_tag","embeddable":true,"href":"https:\/\/www.europesays.com\/es\/wp-json\/wp\/v2\/tags?post=241816"}],"curies":[{"name":"wp","href":"https:\/\/api.w.org\/{rel}","templated":true}]}}