{"id":241818,"date":"2025-11-18T00:28:17","date_gmt":"2025-11-18T00:28:17","guid":{"rendered":"https:\/\/www.europesays.com\/es\/241818\/"},"modified":"2025-11-18T00:28:17","modified_gmt":"2025-11-18T00:28:17","slug":"los-goonies-2-ke-huy-quan-actualiza-el-estado-de-la-secuela-estan-muy-contentos","status":"publish","type":"post","link":"https:\/\/www.europesays.com\/es\/241818\/","title":{"rendered":"&#8216;Los Goonies 2&#8217;: Ke Huy Quan actualiza el estado de la secuela: \u00abEst\u00e1n muy contentos\u00bb"},"content":{"rendered":"<p>&#8216;<a href=\"https:\/\/www.ecartelera.com\/peliculas\/los-goonies\/\" data-mention-type=\"pelicula\" data-mention-id=\"2571\" rel=\"nofollow noopener\" target=\"_blank\">Los Goonies<\/a>&#8216; es sin lugar a dudas una de las pel\u00edculas m\u00e1s emblem\u00e1ticas de los 80. Su impacto ha prevalecido a lo largo de las d\u00e9cadas y los rumores sobre una secuela, iniciados pr\u00e1cticamente desde que la primera pel\u00edcula se convirtiera en un fen\u00f3meno mundial tras su estreno en 1985, <strong>nunca han llegado a desvanecerse del todo<\/strong>.<\/p>\n<p>Videoclip &#8216;The Goonies &#8216;R&#8217; Good Enough&#8217;<\/p>\n<p><video id=\"vid-10958\" class=\"video-js vjs-default-skin\" data-title=\"Videoclip 'The Goonies 'R' Good Enough'\" poster=\"https:\/\/www.ecartelera.com\/images\/videos\/10900\/10958-m.jpg\" controls=\"\" preload=\"auto\" width=\"640\" height=\"360\" playsinline=\"\" data-vtt=\"\/\/v1.ecartelera.com\/video\/10900\/10958_sprite.vtt\" data-stream=\"1\">El navegador no soporta el tag de v\u00eddeo.<\/video><\/p>\n<p>X<\/p>\n<p>Los fans llevan toda una vida pidiendo y esperando esa continuaci\u00f3n que nunca llega, y aunque empezaba a parecer claro que no pasar\u00eda nunca, finalmente <a href=\"https:\/\/www.ecartelera.com\/noticias\/secuela-los-goonies-79871\/\" target=\"_blank\" rel=\"nofollow noopener\">se confirm\u00f3<\/a> a comienzos de 2025 que, efectivamente, <strong>Warner Bros. estaba preparando &#8216;Los Goonies 2&#8217; y hab\u00eda contratado a un guionista para escribirla<\/strong>.<\/p>\n<p> <strong><a href=\"https:\/\/www.ecartelera.com\/personas\/potsy-ponciroli\/\" rel=\"nofollow noopener\" target=\"_blank\">Potsy Ponciroli<\/a><\/strong> (&#8216;Old Henry&#8217;, &#8216;<a href=\"https:\/\/www.ecartelera.com\/peliculas\/fuera-de-la-ley\/\" rel=\"nofollow noopener\" target=\"_blank\">Fuera de la ley<\/a>&#8216;) <strong>se encarga del gui\u00f3n de esta esperada segunda parte<\/strong>, que adem\u00e1s contar\u00e1 con <strong><a href=\"https:\/\/www.ecartelera.com\/personas\/steven-spielberg\/\" rel=\"nofollow noopener\" target=\"_blank\">Steven Spielberg<\/a><\/strong> de nuevo como productor ejecutivo. <a href=\"https:\/\/www.ecartelera.com\/personas\/chris-columbus\/\" data-mention-type=\"persona\" data-mention-id=\"2494\" rel=\"nofollow noopener\" target=\"_blank\">Chris Columbus<\/a>, guionista de la pel\u00edcula original junto a Spielberg, tambi\u00e9n regresa para desarrollar la secuela con \u00e9l. <\/p>\n<p>\t\t\t\t\t\t\t<img decoding=\"async\" loading=\"lazy\" src=\"https:\/\/www.europesays.com\/es\/wp-content\/uploads\/2025\/11\/241581_los-goonies-josh-brolin-comparte-sus-dudas-sobr.jpg\" alt=\"Corey Feldman y Josh Brolin en 'Los Goonies'\" width=\"1200\" height=\"635\"\/>\t<\/p>\n<p>\t\t\t\t\t\tCorey Feldman y Josh Brolin en &#8216;Los Goonies&#8217; (Warner Bros.)<\/p>\n<p>Sobre el argumento de &#8216;Los Goonies 2&#8217; a\u00fan no hay nada oficial, de la misma manera que <strong>por ahora<\/strong> <strong>desconocemos qu\u00e9 int\u00e9rpretes volver\u00e1n<\/strong>. La pandilla original est\u00e1 formada por Mikey (<a href=\"https:\/\/www.ecartelera.com\/personas\/sean-astin\/\" rel=\"nofollow noopener\" target=\"_blank\">Sean Astin<\/a>), Brand (<a href=\"https:\/\/www.ecartelera.com\/personas\/josh-brolin\/\" rel=\"nofollow noopener\" target=\"_blank\">Josh Brolin<\/a>), Bocazas (<a href=\"https:\/\/www.ecartelera.com\/personas\/corey-feldman\/\" rel=\"nofollow noopener\" target=\"_blank\">Corey Feldman<\/a>), Gordi (<a href=\"https:\/\/www.ecartelera.com\/personas\/jeff-cohen\/\" data-mention-type=\"persona\" data-mention-id=\"25305\" rel=\"nofollow noopener\" target=\"_blank\">Jeff Cohen<\/a>), Andy (Kerri Green), Stef (<a href=\"https:\/\/www.ecartelera.com\/personas\/martha-plimpton\/\" rel=\"nofollow noopener\" target=\"_blank\">Martha Plimpton<\/a>) y Data (<a href=\"https:\/\/www.ecartelera.com\/personas\/jonathan-ke-quan\/\" rel=\"nofollow noopener\" target=\"_blank\">Ke Huy Quan<\/a>), de los cuales Cohen y Green est\u00e1n alejados de la interpretaci\u00f3n. <\/p>\n<p>Sin embargo, el resto sigue en activo y hay un actor en concreto que no solo parece m\u00e1s que dispuesto a volver, sino que est\u00e1 siguiendo muy de cerca lo que est\u00e1n tramando Spielberg y Columbus. Hablamos de <a href=\"https:\/\/www.ecartelera.com\/personas\/jonathan-ke-quan\/\" data-mention-type=\"persona\" data-mention-id=\"697\" rel=\"nofollow noopener\" target=\"_blank\">Ke Huy Quan<\/a>, que dio vida al adorable y resolutivo Data (adem\u00e1s de a Tap\u00f3n en &#8216;<a href=\"https:\/\/www.ecartelera.com\/peliculas\/indiana-jones-y-el-templo-maldito\/\" data-mention-type=\"pelicula\" data-mention-id=\"2196\" rel=\"nofollow noopener\" target=\"_blank\">Indiana Jones y el Templo Maldito<\/a>&#8216;), y que durante una entrevista para <a href=\"https:\/\/comicbook.com\/movies\/news\/goonies-star-offers-major-sequel-update-and-fans-will-be-excited-exclusive\/\" target=\"_blank\" rel=\"nofollow noopener\">ComicBook.com<\/a> con motivo de &#8216;<a href=\"https:\/\/www.ecartelera.com\/peliculas\/zootropolis-2\/\" data-mention-type=\"pelicula\" data-mention-id=\"19152\" rel=\"nofollow noopener\" target=\"_blank\">Zootr\u00f3polis 2<\/a>&#8216;, donde pone voz a uno de los nuevos personajes, <strong>ha ofrecido una muy alentadora actualizaci\u00f3n del proyecto<\/strong>.<\/p>\n<p>\u00abMe enter\u00e9 cuando vi a Steven Spielberg en un evento y estaba muy emocionado\u00bb, cuenta Quan en la entrevista. \u00abEstamos intentando hacerla, as\u00ed que manifest\u00e9moslo. <strong>S\u00e9 que llevamos intent\u00e1ndolo 40 a\u00f1os, pero tengo una buena sensaci\u00f3n<\/strong>. Esta vez, Chris Columbus y Spielberg la est\u00e1n desarrollando, tenemos un guionista incre\u00edble\u00bb. <\/p>\n<p>\t\t\t\t\t\t\t<img decoding=\"async\" loading=\"lazy\" src=\"https:\/\/www.europesays.com\/es\/wp-content\/uploads\/2025\/10\/246466_el-set-lego-de-los-goonies-hara-muy-felices-y-u.jpg\" alt=\"Ke Huy Quan promocionando el set de LEGO de 'Los Goonies'\" width=\"1200\" height=\"675\"\/>\t<\/p>\n<p>\t\t\t\t\t\tKe Huy Quan promocionando el set de LEGO de &#8216;Los Goonies&#8217; (LEGO)<\/p>\n<p>\u00abHe le\u00eddo que <strong>entreg\u00f3 el segundo borrador y est\u00e1n muy contentos con \u00e9l<\/strong>\u00ab, a\u00f1ade el actor, que asegura que \u00abla vamos a hacer\u00bb y propone a su compa\u00f1era de reparto de &#8216;<a href=\"https:\/\/www.ecartelera.com\/peliculas\/zootropolis-2\/\" data-mention-type=\"pelicula\" data-mention-id=\"19152\" rel=\"nofollow noopener\" target=\"_blank\">Zootr\u00f3polis 2<\/a>&#8216;, Fortune Feimster para unirse a la secuela. Para terminar, Quan expresa su deseo de volver a interpretar a Data, algo que no era precisamente un secreto: <strong>\u00ab<\/strong><strong>Me encantar\u00eda retomar ese personaje y vivir otra aventura con mis hermanos y hermanas de Los Goonies\u00bb<\/strong>.<\/p>\n<p>40\u00ba aniversario<\/p>\n<p>Este a\u00f1o marca el 40\u00ba aniversario de &#8216;Los Goonies&#8217;, cl\u00e1sico de aventuras dirigido por <a href=\"https:\/\/www.ecartelera.com\/personas\/richard-donner\/\" data-mention-type=\"persona\" data-mention-id=\"4608\" rel=\"nofollow noopener\" target=\"_blank\">Richard Donner<\/a> y <strong>una de las pel\u00edculas m\u00e1s representativas del cine juvenil de los 80 y el sello Amblin de Spielberg.<\/strong><\/p>\n<p>Y para celebrarlo, qu\u00e9 mejor regalo para los fans, que siguen tan conectados con la pel\u00edcula (y a trav\u00e9s de ella con su infancia), que esa esperada secuela. Aunque <strong>teniendo en cuenta el apego tan grande que se le tiene a la original, grabada a fuego en la memoria millennial<\/strong>, tienen un reto muy complicado por delante.<\/p>\n","protected":false},"excerpt":{"rendered":"&#8216;Los Goonies&#8216; es sin lugar a dudas una de las pel\u00edculas m\u00e1s emblem\u00e1ticas de los 80. Su impacto&hellip;\n","protected":false},"author":2,"featured_media":241819,"comment_status":"","ping_status":"","sticky":false,"template":"","format":"standard","meta":{"footnotes":""},"categories":[169],"tags":[1014,1015,1013,177,1011,146,147,25,24,782,176,1019,1016,175,753,1012,23,1017,1018],"class_list":{"0":"post-241818","1":"post","2":"type-post","3":"status-publish","4":"format-standard","5":"has-post-thumbnail","7":"category-cine","8":"tag-actores","9":"tag-actrices","10":"tag-cartelera","11":"tag-cine","12":"tag-ecartelera","13":"tag-entertainment","14":"tag-entretenimiento","15":"tag-es","16":"tag-espana","17":"tag-estrellas","18":"tag-film","19":"tag-fotogramas","20":"tag-fotos","21":"tag-movies","22":"tag-peliculas","23":"tag-pelis","24":"tag-spain","25":"tag-trailers","26":"tag-videos"},"share_on_mastodon":{"url":"https:\/\/pubeurope.com\/@es\/115567873934996869","error":""},"_links":{"self":[{"href":"https:\/\/www.europesays.com\/es\/wp-json\/wp\/v2\/posts\/241818","targetHints":{"allow":["GET"]}}],"collection":[{"href":"https:\/\/www.europesays.com\/es\/wp-json\/wp\/v2\/posts"}],"about":[{"href":"https:\/\/www.europesays.com\/es\/wp-json\/wp\/v2\/types\/post"}],"author":[{"embeddable":true,"href":"https:\/\/www.europesays.com\/es\/wp-json\/wp\/v2\/users\/2"}],"replies":[{"embeddable":true,"href":"https:\/\/www.europesays.com\/es\/wp-json\/wp\/v2\/comments?post=241818"}],"version-history":[{"count":0,"href":"https:\/\/www.europesays.com\/es\/wp-json\/wp\/v2\/posts\/241818\/revisions"}],"wp:featuredmedia":[{"embeddable":true,"href":"https:\/\/www.europesays.com\/es\/wp-json\/wp\/v2\/media\/241819"}],"wp:attachment":[{"href":"https:\/\/www.europesays.com\/es\/wp-json\/wp\/v2\/media?parent=241818"}],"wp:term":[{"taxonomy":"category","embeddable":true,"href":"https:\/\/www.europesays.com\/es\/wp-json\/wp\/v2\/categories?post=241818"},{"taxonomy":"post_tag","embeddable":true,"href":"https:\/\/www.europesays.com\/es\/wp-json\/wp\/v2\/tags?post=241818"}],"curies":[{"name":"wp","href":"https:\/\/api.w.org\/{rel}","templated":true}]}}