{"id":241820,"date":"2025-11-18T00:29:09","date_gmt":"2025-11-18T00:29:09","guid":{"rendered":"https:\/\/www.europesays.com\/es\/241820\/"},"modified":"2025-11-18T00:29:09","modified_gmt":"2025-11-18T00:29:09","slug":"alcaraz-con-una-sobrecarga-tras-las-atp-finals-descansara-este-martes-y-se-probara-el-miercoles-para-decidir-si-juega-la-copa-davis-tenis","status":"publish","type":"post","link":"https:\/\/www.europesays.com\/es\/241820\/","title":{"rendered":"Alcaraz, con una sobrecarga tras las ATP Finals: descansar\u00e1 este martes y se probar\u00e1 el mi\u00e9rcoles para decidir si juega la Copa Davis | Tenis"},"content":{"rendered":"<p>Carlos Alcaraz ya est\u00e1 en Bolonia <a href=\"https:\/\/cadenaser.com\/nacional\/2025\/11\/16\/carlos-alcaraz-jannik-sinner-en-directo-la-final-de-las-nitto-atp-finals-en-vivo-cadena-ser\/\" target=\"_blank\" rel=\"nofollow noopener\" title=\"https:\/\/cadenaser.com\/nacional\/2025\/11\/16\/carlos-alcaraz-jannik-sinner-en-directo-la-final-de-las-nitto-atp-finals-en-vivo-cadena-ser\/\">tras la final de las Nitto ATP Finals en las que no pudo superar Jannik Sinner (7-6\/7-5)<\/a>. El tenista murciano, como ya adelant\u00f3 \u00e9l mismo <a href=\"\" target=\"_blank\" rel=\"nofollow\" title=\"\">en su entrevista en El Larguero<\/a>, tiene la intenci\u00f3n de estar a las \u00f3rdenes de David Ferrer en la lucha por la Copa David. Sin embargo, su duelo ante el italiano este domingo en Tur\u00edn puede tener consecuencias.<\/p>\n<p>M\u00e1s informaci\u00f3n<\/p>\n<p>El murciano tuvo que ser atendido por problemas musculares durante el primer set de esa final de la Copa de Maestros. Tras ser tratado por el fisio pudo terminar el partido sin m\u00e1s problemas, aunque s\u00ed que arrastraba alguna que otra molestia. \u00abSent\u00ed algo atr\u00e1s, en los isquios, despu\u00e9s de intentar devolver un servicio. Podr\u00eda decir que no me afect\u00f3 demasiado, para ser sincero, porque pod\u00eda correr bien, pod\u00eda llegar bien a las pelotas. Obviamente, a veces me ven\u00eda a la mente la idea de c\u00f3mo ser\u00eda si hiciera las locuras que suelo hacer. Pero pude jugar bien\u00bb, explic\u00f3 el propio Alcaraz en rueda de prensa.<\/p>\n<p>Ha sido a su llegada a Italia cuando ha pasado pruebas m\u00e9dicas y estas han revelado que sufre una sobrecarga muscular. En principio, no hay lesi\u00f3n de m\u00e1s gravedad, aunque el tenista de El Palmar se dar\u00e1 un d\u00eda antes de probarse. Este martes descansar\u00e1 y ser\u00e1 el mi\u00e9rcoles cuando, tras entrenar, tome una decisi\u00f3n definitiva sobre su concurso en la Copa Davis. <\/p>\n<p>El primer compromiso de Espa\u00f1a en la Davis es este jueves. La Armada, comandada por David Ferrer, se mide a Rep\u00fablica Checa. Veremos si Carlos Alcaraz puede tomar parte en el cruce o no. Por lo pronto, la primera prueba a superar ser\u00e1 este mi\u00e9rcoles.<\/p>\n","protected":false},"excerpt":{"rendered":"Carlos Alcaraz ya est\u00e1 en Bolonia tras la final de las Nitto ATP Finals en las que no&hellip;\n","protected":false},"author":2,"featured_media":241821,"comment_status":"","ping_status":"","sticky":false,"template":"","format":"standard","meta":{"footnotes":""},"categories":[93],"tags":[5903,168,25,24,23,167],"class_list":{"0":"post-241820","1":"post","2":"type-post","3":"status-publish","4":"format-standard","5":"has-post-thumbnail","7":"category-deportes","8":"tag-atp-tour-tennis","9":"tag-deportes","10":"tag-es","11":"tag-espana","12":"tag-spain","13":"tag-sports"},"share_on_mastodon":{"url":"https:\/\/pubeurope.com\/@es\/115567877341919497","error":""},"_links":{"self":[{"href":"https:\/\/www.europesays.com\/es\/wp-json\/wp\/v2\/posts\/241820","targetHints":{"allow":["GET"]}}],"collection":[{"href":"https:\/\/www.europesays.com\/es\/wp-json\/wp\/v2\/posts"}],"about":[{"href":"https:\/\/www.europesays.com\/es\/wp-json\/wp\/v2\/types\/post"}],"author":[{"embeddable":true,"href":"https:\/\/www.europesays.com\/es\/wp-json\/wp\/v2\/users\/2"}],"replies":[{"embeddable":true,"href":"https:\/\/www.europesays.com\/es\/wp-json\/wp\/v2\/comments?post=241820"}],"version-history":[{"count":0,"href":"https:\/\/www.europesays.com\/es\/wp-json\/wp\/v2\/posts\/241820\/revisions"}],"wp:featuredmedia":[{"embeddable":true,"href":"https:\/\/www.europesays.com\/es\/wp-json\/wp\/v2\/media\/241821"}],"wp:attachment":[{"href":"https:\/\/www.europesays.com\/es\/wp-json\/wp\/v2\/media?parent=241820"}],"wp:term":[{"taxonomy":"category","embeddable":true,"href":"https:\/\/www.europesays.com\/es\/wp-json\/wp\/v2\/categories?post=241820"},{"taxonomy":"post_tag","embeddable":true,"href":"https:\/\/www.europesays.com\/es\/wp-json\/wp\/v2\/tags?post=241820"}],"curies":[{"name":"wp","href":"https:\/\/api.w.org\/{rel}","templated":true}]}}