{"id":241822,"date":"2025-11-18T00:31:38","date_gmt":"2025-11-18T00:31:38","guid":{"rendered":"https:\/\/www.europesays.com\/es\/241822\/"},"modified":"2025-11-18T00:31:38","modified_gmt":"2025-11-18T00:31:38","slug":"los-casos-de-gripe-superan-el-umbral-de-epidemia-en-zamora-pero-con-intensidad-baja","status":"publish","type":"post","link":"https:\/\/www.europesays.com\/es\/241822\/","title":{"rendered":"Los casos de gripe superan el umbral de epidemia en Zamora, pero con intensidad baja"},"content":{"rendered":"<p class=\"ft-text ft-helper-closenews\">La <strong>gripe <\/strong>ha empezado a repuntar y en la primera semana de este mes ya superaba el umbral <strong>epid\u00e9mico<\/strong>, que viene marcado por la barrera de los 50 casos por cien mil habitantes. El \u00faltimo<strong> informe de vigilancia<\/strong> de las infecciones respiratorias agudas publicado por la<strong> Consejer\u00eda de Sanidad <\/strong>alerta de que \u00abla tasa de <strong>incidencia <\/strong>de s\u00edndromes gripales ha vuelto a superar el <strong>umbral <\/strong>epid\u00e9mico, situ\u00e1ndose en 51 casos por cien mil habitantes\u00bb.<\/p>\n<p class=\"ft-text\">Este aumento, se\u00f1ala, \u00abse produce sobre todo en <strong>ni\u00f1os <\/strong>entre 5 y 14 a\u00f1os. Tambi\u00e9n aumentan las <strong>urgencias <\/strong>y <strong>hospitalizaciones <\/strong>por infecciones respiratorias en los mayores de <strong>75 a\u00f1os<\/strong>\u00ab.<\/p>\n<p class=\"ft-text\">Por encima del <strong>umbral <\/strong>epid\u00e9mico se encontraban tambi\u00e9n las infecciones respiratorias agudas, mientras que los casos de <a class=\"ft-link ft-link--decoration\" href=\"http:\/\/www.laopiniondezamora.es\/www.laopiniondezamora.es\/tags\/coronavirus-en-zamora\/\" rel=\"nofollow noopener\" target=\"_blank\">Covid<\/a> y de<strong> bronquitis y bronquiolitis<\/strong> son m\u00e1s espor\u00e1dicos y todav\u00eda no se ha detectado un aumento por encima del umbral epid\u00e9mico.<\/p>\n<p class=\"ft-text\">Bien es verdad que tanto gripes como <strong>catarros <\/strong>se encuentran en el nivel epid\u00e9mico m\u00e1s <strong>bajo<\/strong>, ya que no es hasta que se detectan 250 casos por cien mil habitantes cuando la intensidad se considera <strong>media<\/strong>.<\/p>\n<p class=\"ft-text\">En la <strong>pasada campa\u00f1a,<\/strong> de hecho no fue hasta principios de <strong>enero <\/strong>cuando los casos de gripe repuntaron significativamente y superaron ese nivel de intensidad media de la epidemia. En esa pasada campa\u00f1a el <strong>pico de la gripe<\/strong> comenz\u00f3 a fraguarse a finales de a\u00f1o, pr\u00e1cticamente en la \u00faltima semana, alcanz\u00f3 el c\u00e9nit hacia la fecha de Reyes y se mantuvo alto otro par de semanas, para bajar algo a principios de <strong>febrero<\/strong>. En ese mes, de hecho, aunque hab\u00eda bajado el pico los casos de gripe continuaron en niveles epid\u00e9micos.<\/p>\n<p>Gripe A<\/p>\n<p class=\"ft-text\">En la situaci\u00f3n actual, en este noviembre de 2025, los <strong>virus <\/strong>que m\u00e1s circulan son los de la <strong>gripe A.<\/strong> \u00abUn 40% de las muestras centinelas y un 9% de las hospitalarias son positivas a gripe A (<strong>tanto H1 como H3<\/strong>). Se mantiene la circulaci\u00f3n de <strong>rinovirus<\/strong>\/enterovirus. El SARS-CoV-2, el <strong>VRS <\/strong>y la gripe B se detectan de manera espor\u00e1dica\u00bb, de acuerdo al \u00faltimo informe.<\/p>\n<p class=\"ft-text\">Con respecto a la <strong>evoluci\u00f3n <\/strong>de la epidemia, lo m\u00e1s habitual es lo que ocurri\u00f3 la pasada campa\u00f1a, que el pico se <strong>produzca <\/strong>ya m\u00e1s hacia final de a\u00f1o o primeros de enero. Sin embargo, hay factores que pueden <strong>adelantar <\/strong>la llegada de la epidemia, como por ejemplo las <strong>olas de fr\u00edo<\/strong> como la que se espera que entre a lo largo de <strong>esta semana,<\/strong> con m\u00ednimas en torno a 1-2 grados a partir del martes y <strong>bajo cero<\/strong> el fin de semana.<\/p>\n<p class=\"ft-text\">Las<strong> bajas temperaturas<\/strong> son las mejores amigas de gripes y catarros, por lo que una ola de fr\u00edo como la que se avecina a partir de media semana puede <strong>adelantar <\/strong>el pico de la gripe o al menos hacer aumentar <strong>mucho <\/strong>los casos.<\/p>\n<p class=\"ft-text\">La campa\u00f1a de <strong>vacunaci\u00f3n <\/strong>anual contra la gripe, por cierto, no est\u00e1 a\u00fan <strong>cerrada<\/strong>, por lo que las personas interesadas est\u00e1n a\u00fan a tiempo de intentar <strong>atenuar <\/strong>las consecuencias de la enfermedad poni\u00e9ndose la inyecci\u00f3n en su consultorio.<\/p>\n<p data-close=\"closedContent\" class=\"subscribeHideForDisplay\">Suscr\u00edbete para seguir leyendo<\/p>\n","protected":false},"excerpt":{"rendered":"La gripe ha empezado a repuntar y en la primera semana de este mes ya superaba el umbral&hellip;\n","protected":false},"author":2,"featured_media":241823,"comment_status":"","ping_status":"","sticky":false,"template":"","format":"standard","meta":{"footnotes":""},"categories":[92],"tags":[858,2272,21303,25,24,7749,165,2218,166,23,17943,62199,2946],"class_list":{"0":"post-241822","1":"post","2":"type-post","3":"status-publish","4":"format-standard","5":"has-post-thumbnail","7":"category-salud","8":"tag-casos","9":"tag-covid-19","10":"tag-epidemia","11":"tag-es","12":"tag-espana","13":"tag-gripe","14":"tag-health","15":"tag-infecciones","16":"tag-salud","17":"tag-spain","18":"tag-superan","19":"tag-umbral","20":"tag-zamora"},"share_on_mastodon":{"url":"https:\/\/pubeurope.com\/@es\/115567885407791364","error":""},"_links":{"self":[{"href":"https:\/\/www.europesays.com\/es\/wp-json\/wp\/v2\/posts\/241822","targetHints":{"allow":["GET"]}}],"collection":[{"href":"https:\/\/www.europesays.com\/es\/wp-json\/wp\/v2\/posts"}],"about":[{"href":"https:\/\/www.europesays.com\/es\/wp-json\/wp\/v2\/types\/post"}],"author":[{"embeddable":true,"href":"https:\/\/www.europesays.com\/es\/wp-json\/wp\/v2\/users\/2"}],"replies":[{"embeddable":true,"href":"https:\/\/www.europesays.com\/es\/wp-json\/wp\/v2\/comments?post=241822"}],"version-history":[{"count":0,"href":"https:\/\/www.europesays.com\/es\/wp-json\/wp\/v2\/posts\/241822\/revisions"}],"wp:featuredmedia":[{"embeddable":true,"href":"https:\/\/www.europesays.com\/es\/wp-json\/wp\/v2\/media\/241823"}],"wp:attachment":[{"href":"https:\/\/www.europesays.com\/es\/wp-json\/wp\/v2\/media?parent=241822"}],"wp:term":[{"taxonomy":"category","embeddable":true,"href":"https:\/\/www.europesays.com\/es\/wp-json\/wp\/v2\/categories?post=241822"},{"taxonomy":"post_tag","embeddable":true,"href":"https:\/\/www.europesays.com\/es\/wp-json\/wp\/v2\/tags?post=241822"}],"curies":[{"name":"wp","href":"https:\/\/api.w.org\/{rel}","templated":true}]}}