{"id":241826,"date":"2025-11-18T00:33:09","date_gmt":"2025-11-18T00:33:09","guid":{"rendered":"https:\/\/www.europesays.com\/es\/241826\/"},"modified":"2025-11-18T00:33:09","modified_gmt":"2025-11-18T00:33:09","slug":"la-nasa-compartira-imagenes-del-cometa-3i-atlas-tomadas-desde-naves-espaciales-y-telescopios","status":"publish","type":"post","link":"https:\/\/www.europesays.com\/es\/241826\/","title":{"rendered":"La NASA compartir\u00e1 im\u00e1genes del cometa 3I\/ATLAS tomadas desde naves espaciales y telescopios"},"content":{"rendered":"<p>Read this press release in English\u00a0<a href=\"https:\/\/www.nasa.gov\/news-release\/nasa-to-share-comet-3i-atlas-images-from-spacecraft-telescopes\/\" rel=\"nofollow noopener\" target=\"_blank\">here<\/a>.<\/p>\n<p>La NASA ofrecer\u00e1 un evento en vivo (en ingl\u00e9s) a las 3 p.m. EST del mi\u00e9rcoles 19 de noviembre para compartir im\u00e1genes del cometa interestelar 3I\/ATLAS captadas por varias misiones de la agencia. El evento tendr\u00e1 lugar en el Centro de Vuelo Espacial Goddard de la NASA, en Greenbelt, Maryland.<\/p>\n<p>El cometa 3I\/ATLAS, descubierto el 1 de julio por el observatorio ATLAS (por las siglas en ingl\u00e9s de Sistema de \u00daltima Alerta de Impacto Terrestre de Asteroides), financiado por la NASA. El cometa es el tercer objeto identificado hasta la fecha que ha entrado en nuestro sistema solar procedente de otra parte de la galaxia. Aunque no supone ninguna amenaza para la Tierra y no se acercar\u00e1 a menos de 273 millones de kil\u00f3metros (170 millones de millas) de nuestro planeta, el cometa pas\u00f3 a menos de 30 millones de kil\u00f3metros (19 millones de millas) de Marte a principios de octubre.<\/p>\n<p>El evento se retransmitir\u00e1 en <a href=\"https:\/\/plus.nasa.gov\/scheduled-video\/nasa-shares-interstellar-comet-3i-atlas-images\/\" target=\"_blank\" rel=\"noreferrer noopener nofollow\">NASA+,<\/a> la aplicaci\u00f3n de la NASA, el <a href=\"https:\/\/www.nasa.gov\/live\" target=\"_blank\" rel=\"noreferrer noopener nofollow\">sitio web<\/a> y el canal de YouTube de la agencia, y Amazon Prime.<\/p>\n<p>Entre los participantes en la sesi\u00f3n informativa, que proceden de la sede central de la NASA en Washington, se encuentran:<\/p>\n<ul class=\"wp-block-list\">\n<li>Amit Kshatriya, administrador asociado de la NASA<\/li>\n<li>Nicky Fox, administradora asociada, Direcci\u00f3n de Misiones Cient\u00edficas<\/li>\n<li>Shawn Domagal-Goldman, director interino, Divisi\u00f3n de Astrof\u00edsica<\/li>\n<li>Tom Statler, cient\u00edfico jefe para cuerpos peque\u00f1os del sistema solar.<\/li>\n<\/ul>\n<p>Para participar virtualmente en el evento NASA Live, los miembros de los medios de comunicaci\u00f3n deben enviar su nombre completo, afiliaci\u00f3n medi\u00e1tica, direcci\u00f3n de correo electr\u00f3nico y n\u00famero de tel\u00e9fono a m\u00e1s tardar dos horas antes del inicio del evento a Molly Wasser: <a href=\"https:\/\/www.nasa.gov\/news-release\/la-nasa-compartira-imagenes-del-cometa-3i-atlas-tomadas-desde-naves-espaciales-y-telescopios\/mailto:molly.l.wasser@nasa.gov\" rel=\"nofollow noopener\" target=\"_blank\">molly.l.wasser@nasa.gov<\/a>. Los miembros del p\u00fablico tambi\u00e9n podr\u00e1n hacer preguntas utilizando #AskNASA en las redes sociales, y sus preguntas podr\u00edan ser respondidas, en ingl\u00e9s y en tiempo real, durante la transmisi\u00f3n. Tambi\u00e9n contamos con un experto en la materia con disponibilidad limitada para entrevistas de seguimiento en espa\u00f1ol. Para solicitar una entrevista en espa\u00f1ol, p\u00f3ngase en contacto con Mar\u00eda Jos\u00e9 Vi\u00f1as: <a href=\"https:\/\/www.nasa.gov\/news-release\/la-nasa-compartira-imagenes-del-cometa-3i-atlas-tomadas-desde-naves-espaciales-y-telescopios\/mailto:maria-jose.vinasgarcia@nasa.gov\" rel=\"nofollow noopener\" target=\"_blank\">maria-jose.vinasgarcia@nasa.gov<\/a><\/p>\n<p>Recursos de misiones cient\u00edficas de la NASA proporcionan a Estados Unidos la capacidad \u00fanica de observar a 3I\/ATLAS pr\u00e1cticamente durante todo el tiempo que permanecer\u00e1 en nuestra vecindad celeste y estudiar, con instrumentos cient\u00edficos complementarios y desde diferentes direcciones, c\u00f3mo se comporta el cometa. Estos instrumentos incluyen tanto naves espaciales en todo el sistema solar como observatorios terrestres.<\/p>\n<p>Para m\u00e1s informaci\u00f3n sobre 3I\/ATLAS, visite:<\/p>\n<p class=\"has-text-align-center\"><a href=\"https:\/\/ciencia.nasa.gov\/sistema-solar\/cometa-3i-atlas\/\" rel=\"noopener nofollow\" target=\"_blank\"><strong>https:\/\/ciencia.nasa.gov\/sistema-solar\/cometa-3i-atlas\/<\/strong><\/a> (espa\u00f1ol)<br \/><a href=\"https:\/\/go.nasa.gov\/3I-ATLAS\" rel=\"noopener nofollow\" target=\"_blank\"><strong>https:\/\/go.nasa.gov\/3I-ATLAS<\/strong><\/a>(ingl\u00e9s)<\/p>\n<p class=\"has-text-align-center\">-fin-<\/p>\n<p>Karen Fox \/ Molly Wasser \/ Mar\u00eda Jos\u00e9 Vi\u00f1as<br \/>Sede central, Washington<br \/>202-358-1600<br \/><a href=\"https:\/\/www.nasa.gov\/news-release\/la-nasa-compartira-imagenes-del-cometa-3i-atlas-tomadas-desde-naves-espaciales-y-telescopios\/mailto:karen.c.fox@nasa.gov\" rel=\"nofollow noopener\" target=\"_blank\">karen.c.fox@nasa.gov<\/a> \/ <a href=\"https:\/\/www.nasa.gov\/news-release\/la-nasa-compartira-imagenes-del-cometa-3i-atlas-tomadas-desde-naves-espaciales-y-telescopios\/mailto:molly.l.wasser@nasa.gov\" rel=\"nofollow noopener\" target=\"_blank\">molly.l.wasser@nasa.gov<\/a> \/ <a href=\"https:\/\/www.nasa.gov\/news-release\/la-nasa-compartira-imagenes-del-cometa-3i-atlas-tomadas-desde-naves-espaciales-y-telescopios\/mailto:maria-jose.vinasgarcia@nasa.gov\" rel=\"nofollow noopener\" target=\"_blank\">maria-jose.vinasgarcia@nasa.gov<\/a><\/p>\n","protected":false},"excerpt":{"rendered":"Read this press release in English\u00a0here. La NASA ofrecer\u00e1 un evento en vivo (en ingl\u00e9s) a las 3&hellip;\n","protected":false},"author":2,"featured_media":227223,"comment_status":"","ping_status":"","sticky":false,"template":"","format":"standard","meta":{"footnotes":""},"categories":[81],"tags":[62200,119,123,124,25,24,42347,117,62201,121,62202,122,23,118,120,62203],"class_list":{"0":"post-241826","1":"post","2":"type-post","3":"status-publish","4":"format-standard","5":"has-post-thumbnail","7":"category-ciencia-y-tecnologia","8":"tag-astrophysics-division","9":"tag-ciencia","10":"tag-ciencia-y-tecnologia","11":"tag-cienciaytecnologia","12":"tag-es","13":"tag-espana","14":"tag-nasa-en-espanol","15":"tag-science","16":"tag-science-research","17":"tag-science-and-technology","18":"tag-science-mission-directorate","19":"tag-scienceandtechnology","20":"tag-spain","21":"tag-technology","22":"tag-tecnologia","23":"tag-the-solar-system"},"share_on_mastodon":{"url":"https:\/\/pubeurope.com\/@es\/115567893230749377","error":""},"_links":{"self":[{"href":"https:\/\/www.europesays.com\/es\/wp-json\/wp\/v2\/posts\/241826","targetHints":{"allow":["GET"]}}],"collection":[{"href":"https:\/\/www.europesays.com\/es\/wp-json\/wp\/v2\/posts"}],"about":[{"href":"https:\/\/www.europesays.com\/es\/wp-json\/wp\/v2\/types\/post"}],"author":[{"embeddable":true,"href":"https:\/\/www.europesays.com\/es\/wp-json\/wp\/v2\/users\/2"}],"replies":[{"embeddable":true,"href":"https:\/\/www.europesays.com\/es\/wp-json\/wp\/v2\/comments?post=241826"}],"version-history":[{"count":0,"href":"https:\/\/www.europesays.com\/es\/wp-json\/wp\/v2\/posts\/241826\/revisions"}],"wp:featuredmedia":[{"embeddable":true,"href":"https:\/\/www.europesays.com\/es\/wp-json\/wp\/v2\/media\/227223"}],"wp:attachment":[{"href":"https:\/\/www.europesays.com\/es\/wp-json\/wp\/v2\/media?parent=241826"}],"wp:term":[{"taxonomy":"category","embeddable":true,"href":"https:\/\/www.europesays.com\/es\/wp-json\/wp\/v2\/categories?post=241826"},{"taxonomy":"post_tag","embeddable":true,"href":"https:\/\/www.europesays.com\/es\/wp-json\/wp\/v2\/tags?post=241826"}],"curies":[{"name":"wp","href":"https:\/\/api.w.org\/{rel}","templated":true}]}}