{"id":241830,"date":"2025-11-18T00:36:13","date_gmt":"2025-11-18T00:36:13","guid":{"rendered":"https:\/\/www.europesays.com\/es\/241830\/"},"modified":"2025-11-18T00:36:13","modified_gmt":"2025-11-18T00:36:13","slug":"montero-plantea-que-la-financiacion-autonomica-penalice-a-las-cc-aa-que-bajen-impuestos","status":"publish","type":"post","link":"https:\/\/www.europesays.com\/es\/241830\/","title":{"rendered":"Montero plantea que la financiaci\u00f3n auton\u00f3mica penalice a las CC.AA. que bajen impuestos"},"content":{"rendered":"<p style=\"\">La vicepresidenta primera y ministra de Hacienda, Mar\u00eda Jes\u00fas Montero, est\u00e1 por la labor de que el pr\u00f3ximo sistema de financiaci\u00f3n auton\u00f3mica <strong>penalice a las comunidades aut\u00f3nomas<\/strong> cuyos gobiernos hayan optado por bajar impuestos. Su argumento es el siguiente: \u00abLa relaci\u00f3n entre el Estado  &#8230; y las comunidades aut\u00f3nomas no puede basarse en que es gratis pedir y es reprochable no dar. Si uno necesita m\u00e1s tiene que estar dispuesto a apoyar al que toma medidas para que tenga m\u00e1s\u00bb, ha dicho este lunes Montero, que consider\u00f3 una anomal\u00eda que haya comunidades aut\u00f3nomas con m\u00e1s recursos que decidan bajar impuestos <a href=\"https:\/\/www.abc.es\/economia\/hacienda-pierde-batalla-donaciones-parientes-cercanos-apenas-20250908195327-nt.html\" target=\"_self\" data-voc-vtm-id=\"in-text-traffic\" title=\"arrastrando, supuestamente, a otras que no los tienen\" rel=\"nofollow noopener\">arrastrando, supuestamente, a otras que no los tienen<\/a> a hacerlo tambi\u00e9n para no perder competitividad y record\u00f3 que si el Gobierno hubiera deflactado el IRPF como exige el PP e hicieron algunas comunidades aut\u00f3nomas el dinero que estar\u00edan recibiendo estas de las entregas a cuenta ser\u00eda menor.<\/p>\n<p class=\"voc-p\" style=\"\">La realidad es que pese a la insistencia de la vicepresidenta en sugerir que las rebajas de impuestos \u00able salen gratis\u00bb a las comunidades aut\u00f3nomas que las ejecutan eso no es as\u00ed, ya que, como recuerda a ABC el inspector de Hacienda y coautor de &#8216;La factura del cupo catal\u00e1n&#8217;, Francisco de la Torre, las autonom\u00edas que deciden bajar impuestos \u00ab<strong>se quedan sin esos menores ingresos<\/strong>, cuyo impacto soportan \u00edntegramente con sus recursos presupuestarios, de modo que cada euro de rebaja de impuestos es un euro menos para la hacienda auton\u00f3mica\u00bb. Adem\u00e1s, la rebaja de su capacidad fiscal respecto a los ingresos que deber\u00edan percibir en ausencia de esas medidas penaliza a las autonom\u00edas m\u00e1s ricas, que reciben recursos del Fondo de Competitividad.<\/p>\n<p class=\"voc-p\" style=\"\">Montero desgran\u00f3 esta argumentaci\u00f3n poco despu\u00e9s de decir que el aumento de la corresponsabilidad fiscal ser\u00e1 una de las \u00abvigas maestras\u00bb que sostendr\u00e1 su propuesta de nuevo sistema de financiaci\u00f3n auton\u00f3mica, que Hacienda ya tiene perfilada, <a href=\"https:\/\/www.abc.es\/economia\/gobierno-ultima-propuesta-financiacion-autonomica-20250901191655-nt.html\" target=\"_self\" data-voc-vtm-id=\"in-text-traffic\" title=\"como avanz\u00f3 ABC a finales de agosto\" rel=\"nofollow noopener\">como avanz\u00f3 ABC a finales de agosto<\/a>, y que <strong>Montero planea presentar en un plazo no superior a tres meses<\/strong>, \u00abentre enero y febrero\u00bb, dijo ayer. La ministra entiende que ese es el plazo razonable para ajustar las grandes cifras que garantizar\u00e1n que, como prometi\u00f3 ayer, todas las comunidades aut\u00f3nomas salgan beneficiadas y todas reciban m\u00e1s recursos de los que reciben a d\u00eda de hoy. <\/p>\n<p class=\"voc-p\" style=\"\">Evit\u00f3, no obstante, comprometerse de forma expl\u00edcita, tanto ante los gobiernos auton\u00f3micos como despu\u00e9s antes los medios de comunicaci\u00f3n, con la cifra de 16.000 millones de euros que estim\u00f3 como infrafinanciaci\u00f3n demostrada de las comunidades aut\u00f3nomas con el actual sistema cuando era consejera de Hacienda de la Junta de Andaluc\u00eda.<\/p>\n<p>\nM\u00e1s IRPF e IVA para las CC.AA.\n<\/p>\n<p class=\"voc-p\" style=\"\">Lo que s\u00ed confirm\u00f3 es que el modelo en que est\u00e1 trabajando prev\u00e9 <strong>aumentar el actual r\u00e9gimen de cesi\u00f3n de impuestos a las CC.AA<\/strong>. A d\u00eda de hoy, el sistema de financiaci\u00f3n auton\u00f3mica prev\u00e9 la transferencia a las comunidades aut\u00f3nomas del 50% de la recaudaci\u00f3n del IRPF y del IVA, y entre el 58% y el 100% de los impuestos especiales. Montero no ha especificado los porcentajes pero s\u00ed ha admitido que la propuesta de Hacienda prev\u00e9 una mayor participaci\u00f3n de las comunidades aut\u00f3nomas en esos grandes impuestos y tambi\u00e9n el ensanchamiento de esa cesta con impuestos cuya recaudaci\u00f3n ya reciben las autonom\u00edas pero que no forman parte del sistema en la actualidad.<\/p>\n<p class=\"voc-p\" style=\"\">Montero <strong>ha descartado que se vayan a crear nuevos impuestos<\/strong> para mejorar los ingresos del sistema, pero s\u00ed ha sugerido la posible incorporaci\u00f3n al mismo del impuesto a la banca, si bien seg\u00fan varios consejeros en la reuni\u00f3n a puerta cerrada ha reconocido que la actual distribuci\u00f3n de la recaudaci\u00f3n de este -acordada in extremis en su d\u00eda con Junts para sacar adelante el \u00faltimo paquete fiscal del Gobierno- no le termina de convencer.<\/p>\n<p class=\"voc-p\" style=\"\">A la salida de la reuni\u00f3n los consejeros del PP cargaron particularmente contra el esquema de negociaci\u00f3n por el que Hacienda ha optado para dar los \u00faltimos toques a su propuesta de nuevo sistema de financiaci\u00f3n, que seg\u00fan avanz\u00f3 la ministra \u00ab<a href=\"https:\/\/www.abc.es\/economia\/montero-tres-meses-plantear-modelo-financiacion-reconocera-20251117165952-nt.html\" target=\"_self\" data-voc-vtm-id=\"in-text-traffic\" title=\"reconocer\u00e1 las singularidades y particularidades de los territorios\" rel=\"nofollow noopener\">reconocer\u00e1 las singularidades y particularidades de los territorios<\/a>\u00bb, lo que responde a las ambiciones de Catalu\u00f1a, y que adem\u00e1s se negociar\u00e1 con las autonom\u00edas afectadas de forma bilateral. Por contra, la propuesta no se someter\u00e1 al Consejo de Pol\u00edtica Fiscal y Financiera hasta que ya est\u00e9 totalmente perfilada en esa negociaci\u00f3n bilateral, lo que indign\u00f3 sobremanera a los gobiernos del PP que consideran que se les ha excluido del dise\u00f1o de un sistema de financiaci\u00f3n que afectar\u00e1 a todas.<\/p>\n<p>\nUn d\u00e9ficit de una d\u00e9cima\n<\/p>\n<p class=\"voc-p\" style=\"\">El Consejo de Pol\u00edtica Fiscal y Financiera de este lunes ha servido tambi\u00e9n para <strong>aprobar el objetivo de estabilidad<\/strong> que se exigir\u00e1 a las comunidades aut\u00f3nomas en los pr\u00f3ximos tres a\u00f1os, que ser\u00e1 de un d\u00e9ficit del 0,1% del PIB. Exactamente el mismo objetivo que se hab\u00eda planteado hace un a\u00f1o y uno mucho m\u00e1s liviano del que resultar\u00eda de la aplicaci\u00f3n estricta de la regla de gasto prevista en la Ley de Estabilidad Presupuestaria, que obligar\u00eda a la mayor\u00eda de las regiones a presentar super\u00e1vit como recalc\u00f3 la Autoridad Fiscal.<\/p>\n<p class=\"voc-p\" style=\"\">El objetivo sali\u00f3 adelante con el \u00fanico apoyo del Estado que lo present\u00f3 y las comunidades aut\u00f3nomas gobernadas por los socialistas.<\/p>\n","protected":false},"excerpt":{"rendered":"La vicepresidenta primera y ministra de Hacienda, Mar\u00eda Jes\u00fas Montero, est\u00e1 por la labor de que el pr\u00f3ximo&hellip;\n","protected":false},"author":2,"featured_media":241831,"comment_status":"","ping_status":"","sticky":false,"template":"","format":"standard","meta":{"footnotes":""},"categories":[8],"tags":[24891,62207,17,18,39225,25,24,13,14,6861,11,766,19,20,2466,9,10,15,16,62206,6859,23,12,21,22],"class_list":{"0":"post-241830","1":"post","2":"type-post","3":"status-publish","4":"format-standard","5":"has-post-thumbnail","7":"category-espana","8":"tag-autonomica","9":"tag-bajen","10":"tag-breaking-news","11":"tag-breakingnews","12":"tag-ccaa","13":"tag-es","14":"tag-espana","15":"tag-featured-news","16":"tag-featurednews","17":"tag-financiacion","18":"tag-headlines","19":"tag-impuestos","20":"tag-latest-news","21":"tag-latestnews","22":"tag-montero","23":"tag-news","24":"tag-noticias","25":"tag-noticias-destacadas","26":"tag-noticiasdestacadas","27":"tag-penalice","28":"tag-plantea","29":"tag-spain","30":"tag-titulares","31":"tag-ultimas-noticias","32":"tag-ultimasnoticias"},"share_on_mastodon":{"url":"https:\/\/pubeurope.com\/@es\/115567905037941946","error":""},"_links":{"self":[{"href":"https:\/\/www.europesays.com\/es\/wp-json\/wp\/v2\/posts\/241830","targetHints":{"allow":["GET"]}}],"collection":[{"href":"https:\/\/www.europesays.com\/es\/wp-json\/wp\/v2\/posts"}],"about":[{"href":"https:\/\/www.europesays.com\/es\/wp-json\/wp\/v2\/types\/post"}],"author":[{"embeddable":true,"href":"https:\/\/www.europesays.com\/es\/wp-json\/wp\/v2\/users\/2"}],"replies":[{"embeddable":true,"href":"https:\/\/www.europesays.com\/es\/wp-json\/wp\/v2\/comments?post=241830"}],"version-history":[{"count":0,"href":"https:\/\/www.europesays.com\/es\/wp-json\/wp\/v2\/posts\/241830\/revisions"}],"wp:featuredmedia":[{"embeddable":true,"href":"https:\/\/www.europesays.com\/es\/wp-json\/wp\/v2\/media\/241831"}],"wp:attachment":[{"href":"https:\/\/www.europesays.com\/es\/wp-json\/wp\/v2\/media?parent=241830"}],"wp:term":[{"taxonomy":"category","embeddable":true,"href":"https:\/\/www.europesays.com\/es\/wp-json\/wp\/v2\/categories?post=241830"},{"taxonomy":"post_tag","embeddable":true,"href":"https:\/\/www.europesays.com\/es\/wp-json\/wp\/v2\/tags?post=241830"}],"curies":[{"name":"wp","href":"https:\/\/api.w.org\/{rel}","templated":true}]}}