{"id":241832,"date":"2025-11-18T00:37:18","date_gmt":"2025-11-18T00:37:18","guid":{"rendered":"https:\/\/www.europesays.com\/es\/241832\/"},"modified":"2025-11-18T00:37:18","modified_gmt":"2025-11-18T00:37:18","slug":"muere-un-motorista-tras-sufrir-un-accidente-en-la-avenida-carlos-v-de-sevilla","status":"publish","type":"post","link":"https:\/\/www.europesays.com\/es\/241832\/","title":{"rendered":"Muere un motorista tras sufrir un accidente en la avenida Carlos V de Sevilla"},"content":{"rendered":"<p>17\/11\/2025<br \/>\n<br \/><strong><br \/>\nActualizado a las 20:09h.<br \/>\n<\/strong><\/p>\n<p class=\"voc-p\" style=\"\">Un hombre ha muerto en la tarde de Sevilla en un accidente de tr\u00e1fico ocurrido en la <strong>confluencia<\/strong> de la avenida Carlos V con la avenida de la Borbolla. Sobre las 18.20 de la tarde, tal y como apuntan desde el servicio de  &#8230; Emergencias en su perfil oficial de X, se han recibido varias llamadas para dar cuenta de que el motorista perd\u00eda el control del veh\u00edculo hasta caer al suelo.<\/p>\n<p class=\"voc-p\" style=\"\">Ha fallecido tal y como establece este mismo \u00f3rgano como consecuencia de las lesiones sufridas en el propio accidente de tr\u00e1fico. Tal y como a\u00f1ade <strong>Emergencias Sevilla<\/strong>, un equipo especializado en la investigaci\u00f3n de siniestros viales de la Polic\u00eda Local se ha hecho cargo del caso y hay desv\u00edos de tr\u00e1fico en esta zona marcada por la alta cantidad de tr\u00e1fico al ser una de las arterias principales de acceso al centro.<\/p>\n<p class=\"voc-p\" style=\"\">Agrega en este mismos sentido Emergencias que un dispositivo tanto de Polic\u00eda Local como del CEST sigue interviniendo en la confluencia de estas dos avenidas de la capital hispalense. Tambi\u00e9n se han personado miembros de <strong>Protecci\u00f3n Civil<\/strong>. Es la segunda v\u00edctima que pierde la vida por un accidente vial en la capital andaluza esta jornada tan triste marcada tambi\u00e9n por otra tragedia en la ma\u00f1ana de este lunes.<\/p>\n<p class=\"voc-p\" style=\"\">Apenas se recuerda un lunes tan tr\u00e1gico en materia de siniestros viales, tras el conocido accidente de la conductora que ha atropellado en Nervi\u00f3n a otro hombre y lo ha desplazado durante varios kil\u00f3metros con el coche en marcha en los bajos del veh\u00edculo y sin darse cuenta. Nada se ha podido hacer por este segundo fallecido en Sevilla en <strong>un lunes sin duda negro<\/strong> para la ciudad.<\/p>\n<p>\nArt\u00edculo solo para suscriptores\n<\/p>\n<p>Reportar un error<\/p>\n","protected":false},"excerpt":{"rendered":"17\/11\/2025 Actualizado a las 20:09h. Un hombre ha muerto en la tarde de Sevilla en un accidente de&hellip;\n","protected":false},"author":2,"featured_media":241833,"comment_status":"","ping_status":"","sticky":false,"template":"","format":"standard","meta":{"footnotes":""},"categories":[5],"tags":[4205,14092,17,18,415,25,24,13,14,11,19,20,28699,8938,9,10,15,16,1171,23,18389,12,575,21,22],"class_list":{"0":"post-241832","1":"post","2":"type-post","3":"status-publish","4":"format-standard","5":"has-post-thumbnail","7":"category-titulares","8":"tag-accidente","9":"tag-avenida","10":"tag-breaking-news","11":"tag-breakingnews","12":"tag-carlos","13":"tag-es","14":"tag-espana","15":"tag-featured-news","16":"tag-featurednews","17":"tag-headlines","18":"tag-latest-news","19":"tag-latestnews","20":"tag-motorista","21":"tag-muere","22":"tag-news","23":"tag-noticias","24":"tag-noticias-destacadas","25":"tag-noticiasdestacadas","26":"tag-sevilla","27":"tag-spain","28":"tag-sufrir","29":"tag-titulares","30":"tag-tras","31":"tag-ultimas-noticias","32":"tag-ultimasnoticias"},"share_on_mastodon":{"url":"https:\/\/pubeurope.com\/@es\/115567908833990852","error":""},"_links":{"self":[{"href":"https:\/\/www.europesays.com\/es\/wp-json\/wp\/v2\/posts\/241832","targetHints":{"allow":["GET"]}}],"collection":[{"href":"https:\/\/www.europesays.com\/es\/wp-json\/wp\/v2\/posts"}],"about":[{"href":"https:\/\/www.europesays.com\/es\/wp-json\/wp\/v2\/types\/post"}],"author":[{"embeddable":true,"href":"https:\/\/www.europesays.com\/es\/wp-json\/wp\/v2\/users\/2"}],"replies":[{"embeddable":true,"href":"https:\/\/www.europesays.com\/es\/wp-json\/wp\/v2\/comments?post=241832"}],"version-history":[{"count":0,"href":"https:\/\/www.europesays.com\/es\/wp-json\/wp\/v2\/posts\/241832\/revisions"}],"wp:featuredmedia":[{"embeddable":true,"href":"https:\/\/www.europesays.com\/es\/wp-json\/wp\/v2\/media\/241833"}],"wp:attachment":[{"href":"https:\/\/www.europesays.com\/es\/wp-json\/wp\/v2\/media?parent=241832"}],"wp:term":[{"taxonomy":"category","embeddable":true,"href":"https:\/\/www.europesays.com\/es\/wp-json\/wp\/v2\/categories?post=241832"},{"taxonomy":"post_tag","embeddable":true,"href":"https:\/\/www.europesays.com\/es\/wp-json\/wp\/v2\/tags?post=241832"}],"curies":[{"name":"wp","href":"https:\/\/api.w.org\/{rel}","templated":true}]}}