{"id":241834,"date":"2025-11-18T00:42:16","date_gmt":"2025-11-18T00:42:16","guid":{"rendered":"https:\/\/www.europesays.com\/es\/241834\/"},"modified":"2025-11-18T00:42:16","modified_gmt":"2025-11-18T00:42:16","slug":"paula-badosa-manda-un-mensaje-a-rosalia-diciendo-su-cancion-preferida-de-lux","status":"publish","type":"post","link":"https:\/\/www.europesays.com\/es\/241834\/","title":{"rendered":"Paula Badosa manda un mensaje a Rosal\u00eda diciendo su canci\u00f3n preferida de Lux:"},"content":{"rendered":"<p>La tenista espa\u00f1ola Paula Badosa, que lleg\u00f3 a alcanzar el segundo puesto en la clasificaci\u00f3n mundial de la WTA, ha sido la invitada de este lunes en La Revuelta. Tras una entrada triunfal en la que ha estado hablando un buen rato con la actriz Candela Pe\u00f1a, a quien ten\u00eda una gran estima y muchas ganas de conocer, <a href=\"https:\/\/www.huffingtonpost.es\/life\/cultura\/rosalia-deja-boca-abierta-jimmy-fallon-interpretacion-la-perla-eres-fenomeno.html\" rel=\"nofollow noopener\" target=\"_blank\">se ha dirigido directamente a Rosal\u00eda<\/a> por <a href=\"https:\/\/www.huffingtonpost.es\/life\/moda\/rosalia-dice-vestido-elegido-primera-actuacion-la-perla.html\" rel=\"nofollow noopener\" target=\"_blank\">una de las canciones de su nuevo disco<\/a>, Lux.<\/p>\n<p>Aseguraba a Broncano que vio el triunfante programa de La Revuelta con Rosal\u00eda y que le llam\u00f3 mucho la atenci\u00f3n cuando este se vanagloriaba con iron\u00eda de haber entrenado a una tenista famosa. Resulta que esta era la propia Badosa, <b>quien ha regalado a Broncano un cuadro con la fotograf\u00eda<\/b> del momento en el que jugaron juntos a tenis, confirmando que era verdad.<\/p>\n<p>\u00abQuer\u00eda mandar un mensaje a Rosal\u00eda, que he visto que tiene los &#8216;outfits&#8217; (conjunto de ropa) para jugar a tenis. <b>Rosal\u00eda, ser\u00eda un honor para m\u00ed jugar, as\u00ed que cuando quieras, te espero<\/b>\u00ab, ha expresado Badosa, dirigi\u00e9ndose directamente hacia la cantante catalana, que ha estado en boca de todos con el lanzamiento del disco, compuesto por 18 canciones.<\/p>\n<p>\u00abMe ha encantado el disc<b>o, sobre todo la canci\u00f3n de La Perla<\/b>\u00ab, ha a\u00f1adido justo despu\u00e9s, con un gui\u00f1o de ojo posterior. \u00ab\u00daltimamente, estoy viendo a miles y miles de chicas diciendo concretamente que la de &#8216;La Perla&#8217; me gusta mucho, me ha tra\u00eddo recuerdos'\u00bb.<\/p>\n<p><b>\u00abEstamos en ese momento de la vida\u00bb,<\/b> ha dicho justo despu\u00e9s Badosa entre risas. Tal y como explica LOS40,<b> la canci\u00f3n est\u00e1 dirigida a un \u00abperla\u00bb,<\/b> cuyo significado en espa\u00f1ol se utiliza para nombrar a un manipulador o &#8216;bandido&#8217;, por lo que lo mencionado por la tenista podr\u00eda ser una clara indirecta al tambi\u00e9n tenista Stefanos Tsitsipas, su expareja.<\/p>\n<p>Poco despu\u00e9s, durante la entrevista, ha afirmado que est\u00e1 soltera, pero que lo han confirmado los medios. Broncano le ha vuelto a recordar lo que le ha dicho de La Perla: \u00abT\u00fa has respondido a eso con una canci\u00f3n de La Perla de Rosal\u00eda\u00bb. Ha provocado la carcajada total de Badosa.<\/p>\n","protected":false},"excerpt":{"rendered":"La tenista espa\u00f1ola Paula Badosa, que lleg\u00f3 a alcanzar el segundo puesto en la clasificaci\u00f3n mundial de la&hellip;\n","protected":false},"author":2,"featured_media":241835,"comment_status":"","ping_status":"","sticky":false,"template":"","format":"standard","meta":{"footnotes":""},"categories":[274],"tags":[9029,168,25,24,29956,9408,4147,23,167,327,326],"class_list":{"0":"post-241834","1":"post","2":"type-post","3":"status-publish","4":"format-standard","5":"has-post-thumbnail","7":"category-tenis","8":"tag-david-broncano","9":"tag-deportes","10":"tag-es","11":"tag-espana","12":"tag-la-revuelta","13":"tag-paula-badosa","14":"tag-rosalia","15":"tag-spain","16":"tag-sports","17":"tag-tenis","18":"tag-tennis"},"share_on_mastodon":{"url":"https:\/\/pubeurope.com\/@es\/115567928615621057","error":""},"_links":{"self":[{"href":"https:\/\/www.europesays.com\/es\/wp-json\/wp\/v2\/posts\/241834","targetHints":{"allow":["GET"]}}],"collection":[{"href":"https:\/\/www.europesays.com\/es\/wp-json\/wp\/v2\/posts"}],"about":[{"href":"https:\/\/www.europesays.com\/es\/wp-json\/wp\/v2\/types\/post"}],"author":[{"embeddable":true,"href":"https:\/\/www.europesays.com\/es\/wp-json\/wp\/v2\/users\/2"}],"replies":[{"embeddable":true,"href":"https:\/\/www.europesays.com\/es\/wp-json\/wp\/v2\/comments?post=241834"}],"version-history":[{"count":0,"href":"https:\/\/www.europesays.com\/es\/wp-json\/wp\/v2\/posts\/241834\/revisions"}],"wp:featuredmedia":[{"embeddable":true,"href":"https:\/\/www.europesays.com\/es\/wp-json\/wp\/v2\/media\/241835"}],"wp:attachment":[{"href":"https:\/\/www.europesays.com\/es\/wp-json\/wp\/v2\/media?parent=241834"}],"wp:term":[{"taxonomy":"category","embeddable":true,"href":"https:\/\/www.europesays.com\/es\/wp-json\/wp\/v2\/categories?post=241834"},{"taxonomy":"post_tag","embeddable":true,"href":"https:\/\/www.europesays.com\/es\/wp-json\/wp\/v2\/tags?post=241834"}],"curies":[{"name":"wp","href":"https:\/\/api.w.org\/{rel}","templated":true}]}}