{"id":241836,"date":"2025-11-18T00:46:38","date_gmt":"2025-11-18T00:46:38","guid":{"rendered":"https:\/\/www.europesays.com\/es\/241836\/"},"modified":"2025-11-18T00:46:38","modified_gmt":"2025-11-18T00:46:38","slug":"crevillent-despide-a-ignacio-pastor-presidente-de-honor-del-crevibasket-y-exdirectivo-de-la-cam","status":"publish","type":"post","link":"https:\/\/www.europesays.com\/es\/241836\/","title":{"rendered":"Crevillent despide a Ignacio Pastor, presidente de honor del Crevibasket y exdirectivo de la CAM"},"content":{"rendered":"<p class=\"ft-text ft-helper-closenews\">El crevillentino <strong>Ignacio Pastor Manch\u00f3n<\/strong>, figura clave en la vida deportiva y social del municipio, ha fallecido a los <strong>70 a\u00f1os de edad<\/strong>, dejando una profunda estela de respeto entre quienes lo conocieron. Se comprometi\u00f3 con su trabajo, con el deporte y con su familia. Pastor deja profundamente emocionados a sus tres nietos, a sus hijos y a su mujer, <strong>Mar\u00eda Teresa L\u00f3pez Pastor<\/strong>, escritora crevillentina y directora de la revista Harmon\u00eda, que edita la tertulia art\u00edstico-literaria <strong>El Cresol<\/strong>.<\/p>\n<p>Trayectoria decisiva en el Crevibasket<\/p>\n<p class=\"ft-text\">Pastor fue durante muchos a\u00f1os presidente del <strong>Crevibasket<\/strong>, etapa en la que el club vivi\u00f3 una aut\u00e9ntica transformaci\u00f3n. Con \u00e9l, la entidad se <strong>profesionaliz\u00f3<\/strong>, atrajo a <strong>los mejores jugadores de la provincia<\/strong> y lleg\u00f3 a convertirse en el <strong>club referencia<\/strong> del baloncesto provincial. En reconocimiento a esa dedicaci\u00f3n incesante, la entidad lo nombr\u00f3 presidente de honor. Seg\u00fan el Crevibasket, \u201cestas su ejemplo, humanidad y entrega al deporte fueron pilares fundamentales en la historia y el crecimiento del club\u201d.<\/p>\n<p><img decoding=\"async\" src=\"https:\/\/www.europesays.com\/es\/wp-content\/uploads\/2025\/11\/9f292e1e-8108-4b77-8836-5357a62b44c6_alta-libre-aspect-ratio_default_0.jpg\" width=\"1200\" height=\"1200\" alt=\"Presentaci\u00f3n del libro del 30 aniversario del Crevibasket, Ignacio Pastor (con chaqueta gris y camisa blanca), rodeado de directivos de su \u00e9poca y de\u00a0la\u00a0actualidad\" class=\"ft-helper-img-rd\" loading=\"lazy\"\/><\/p>\n<p class=\"ft-helper-fontColor-quaternary ft-helper-fontSize-body-S ft-helper-spacer-t-xxs\">Presentaci\u00f3n del libro del 30 aniversario del Crevibasket, Ignacio Pastor (con chaqueta gris y camisa blanca), rodeado de directivos de su \u00e9poca y de\u00a0la\u00a0actualidad  \/ INFORMACI\u00d3N<\/p>\n<p class=\"ft-text\">En un comunicado de lamento, el club expresaba esta lunes que las caracter\u00edsticas detalladas de su presidente de honor \u00ab<strong>dejar\u00e1n una huella imborrable en todos los que formamos parte de la familia del baloncesto. Hoy nos unimos en el dolor por su p\u00e9rdida y enviamos nuestro m\u00e1s sincero p\u00e9same y apoyo a sus familiares y seres queridos<\/strong>\u201d.<\/p>\n<p>Ascensos, liderazgo y una vida conocida por todos<\/p>\n<p class=\"ft-text\">Pastor fue, adem\u00e1s, el presidente que m\u00e1s tiempo estuvo al frente del Crevibasket y, bajo su direcci\u00f3n, el equipo principal logr\u00f3 los ascensos a <strong>Divisi\u00f3n Nacional<\/strong> con el conjunto s\u00e9nior, un hito que marc\u00f3 el devenir deportivo de Crevillent. Su implicaci\u00f3n no se limit\u00f3 al baloncesto: tambi\u00e9n estuvo muy vinculado al <strong>f\u00fatbol a trav\u00e9s de su familia<\/strong>, donde su presencia y criterio eran habituales en las actividades deportivas de la localidad.<\/p>\n<p class=\"ft-text\">M\u00e1s all\u00e1 del \u00e1mbito deportivo, Ignacio Pastor Manch\u00f3n desarroll\u00f3 una conocida trayectoria profesional como <strong>director de oficina de la Caja de Ahorros del Mediterr\u00e1neo<\/strong>, hoy <a class=\"ft-link ft-link--decoration\" href=\"https:\/\/www.informacion.es\/tags\/banco-sabadell\/\" rel=\"nofollow noopener\" target=\"_blank\">Banco Sabadell<\/a>, en Crevillent, lo que contribuy\u00f3 a que fuera un rostro cercano y respetado en diferentes \u00e1mbitos de la vida p\u00fablica.<\/p>\n<p><img decoding=\"async\" src=\"https:\/\/www.europesays.com\/es\/wp-content\/uploads\/2025\/11\/df9f9286-e514-40bd-9d2d-590d200c1980_alta-libre-aspect-ratio_default_0.jpg\" width=\"1200\" height=\"1200\" alt=\"Ignacio Pastor Manch\u00f3n siempre ser\u00e1 recordado en Crevillent por su apoyo al deporte local y, en concreto, al baloncesto\" class=\"ft-helper-img-rd\" loading=\"lazy\"\/><\/p>\n<p class=\"ft-helper-fontColor-quaternary ft-helper-fontSize-body-S ft-helper-spacer-t-xxs\">Ignacio Pastor Manch\u00f3n siempre ser\u00e1 recordado en Crevillent por su apoyo al deporte local y, en concreto, al baloncesto  \/ INFORMACI\u00d3N<\/p>\n<p>Ra\u00edces en las tradiciones crevillentinas<\/p>\n<p class=\"ft-text\">Ligado igualmente a las tradiciones locales, Pastor pertenec\u00eda en <strong>Semana Santa<\/strong> a la <strong>Cofrad\u00eda de la Santa Mujer Ver\u00f3nica<\/strong>, una vinculaci\u00f3n que a\u00f1ad\u00eda un componente emocional a su presencia en la vida social del municipio. Su figura quedar\u00e1 unida a la memoria colectiva de Crevillent, donde su nombre sonaba con familiaridad en el deporte, la cultura y las celebraciones religiosas.<\/p>\n<p class=\"ft-text\">El <strong>velatorio<\/strong> se celebra en el <strong>tanatorio Virgen del Rosario<\/strong>, en la <strong>sala n\u00famero uno<\/strong>. La <strong>misa de cuerpo presente y el sepelio<\/strong> tendr\u00e1n lugar este <strong>martes, 18 de noviembre, a las 16 horas<\/strong> en la <strong>parroquia Nuestra Se\u00f1ora de Bel\u00e9n<\/strong>, donde vecinos, amigos y entidades rendir\u00e1n un \u00faltimo homenaje a un hombre cuya vida deja, como un eco suave en las calles del pueblo, un legado de <strong>compromiso<\/strong>, <strong>bondad<\/strong> y aut\u00e9ntico <strong>servicio a su comunidad<\/strong>.<\/p>\n<p data-close=\"closedContent\" class=\"subscribeHideForDisplay\">Suscr\u00edbete para seguir leyendo<\/p>\n","protected":false},"excerpt":{"rendered":"El crevillentino Ignacio Pastor Manch\u00f3n, figura clave en la vida deportiva y social del municipio, ha fallecido a&hellip;\n","protected":false},"author":2,"featured_media":241837,"comment_status":"","ping_status":"","sticky":false,"template":"","format":"standard","meta":{"footnotes":""},"categories":[269],"tags":[62210,299,298,4273,1798,62209,15075,168,6193,25,24,367,10619,62208,1461,23,167,7803],"class_list":{"0":"post-241836","1":"post","2":"type-post","3":"status-publish","4":"format-standard","5":"has-post-thumbnail","7":"category-baloncesto","8":"tag-ascensos","9":"tag-baloncesto","10":"tag-basketball","11":"tag-cam","12":"tag-club","13":"tag-crevibasket","14":"tag-crevillent","15":"tag-deportes","16":"tag-despide","17":"tag-es","18":"tag-espana","19":"tag-familia","20":"tag-ignacio","21":"tag-pastor","22":"tag-presidente","23":"tag-spain","24":"tag-sports","25":"tag-tradiciones"},"share_on_mastodon":{"url":"https:\/\/pubeurope.com\/@es\/115567945882251408","error":""},"_links":{"self":[{"href":"https:\/\/www.europesays.com\/es\/wp-json\/wp\/v2\/posts\/241836","targetHints":{"allow":["GET"]}}],"collection":[{"href":"https:\/\/www.europesays.com\/es\/wp-json\/wp\/v2\/posts"}],"about":[{"href":"https:\/\/www.europesays.com\/es\/wp-json\/wp\/v2\/types\/post"}],"author":[{"embeddable":true,"href":"https:\/\/www.europesays.com\/es\/wp-json\/wp\/v2\/users\/2"}],"replies":[{"embeddable":true,"href":"https:\/\/www.europesays.com\/es\/wp-json\/wp\/v2\/comments?post=241836"}],"version-history":[{"count":0,"href":"https:\/\/www.europesays.com\/es\/wp-json\/wp\/v2\/posts\/241836\/revisions"}],"wp:featuredmedia":[{"embeddable":true,"href":"https:\/\/www.europesays.com\/es\/wp-json\/wp\/v2\/media\/241837"}],"wp:attachment":[{"href":"https:\/\/www.europesays.com\/es\/wp-json\/wp\/v2\/media?parent=241836"}],"wp:term":[{"taxonomy":"category","embeddable":true,"href":"https:\/\/www.europesays.com\/es\/wp-json\/wp\/v2\/categories?post=241836"},{"taxonomy":"post_tag","embeddable":true,"href":"https:\/\/www.europesays.com\/es\/wp-json\/wp\/v2\/tags?post=241836"}],"curies":[{"name":"wp","href":"https:\/\/api.w.org\/{rel}","templated":true}]}}