{"id":241838,"date":"2025-11-18T00:48:23","date_gmt":"2025-11-18T00:48:23","guid":{"rendered":"https:\/\/www.europesays.com\/es\/241838\/"},"modified":"2025-11-18T00:48:23","modified_gmt":"2025-11-18T00:48:23","slug":"garces-confeso-a-la-fifa-que-desconocia-el-lugar-de-nacimiento-de-sus-abuelos","status":"publish","type":"post","link":"https:\/\/www.europesays.com\/es\/241838\/","title":{"rendered":"Garc\u00e9s confes\u00f3 a la FIFA que desconoc\u00eda el lugar de nacimiento de sus abuelos"},"content":{"rendered":"<p><a class=\"v-mdl-ath__fig-a\" href=\"https:\/\/www.elcorreo.com\/autor\/jon-aroca-2327.html\" title=\"Jon Aroca\" rel=\"nofollow noopener\" target=\"_blank\"><br \/>\n<img decoding=\"async\" class=\"v-mdl-ath__img\" src=\"https:\/\/www.europesays.com\/es\/wp-content\/uploads\/2025\/08\/autor-2327-foto-2.jpeg\" alt=\"Jon Aroca\"\/><br \/>\n<\/a><\/p>\n<p class=\"v-mdl-ath__p v-mdl-ath__p--6\">\nLunes, 17 de noviembre 2025, 19:39<\/p>\n<p>| Actualizado 21:07h.<\/p>\n<p class=\"v-p\">Facundo Garc\u00e9s desconoc\u00eda el origen de sus abuelos. Ese argumento fue uno de los ejes de la apelaci\u00f3n que el defensa del <a href=\"https:\/\/www.elcorreo.com\/alaves\/\" title=\"www.elcorreo.com\" data-voc-vtm-id=\"in-text-traffic\" data-mrf-link=\"www.elcorreo.com\" rel=\"nofollow noopener\" target=\"_blank\">Deportivo Alav\u00e9s<\/a> present\u00f3 ante el Comit\u00e9 de Apelaci\u00f3n de la FIFA, que desestim\u00f3 el recurso contra los 12 meses de inhabilitaci\u00f3n por hacer uso de \u00abdocumentaci\u00f3n manipulada\u00bb para justificar el origen de sus abuelos y poder competir con Malasia. El m\u00e1ximo organismo futbol\u00edstico hizo p\u00fablico este lunes el texto en el que recoge las explicaciones del defensa. Las rechaza y considera que el jugador incurri\u00f3 en una \u00abnegligencia grave\u00bb.<\/p>\n<p class=\"v-p\">El zaguero explic\u00f3 ante el comit\u00e9 que la oportunidad de jugar con el combinado asi\u00e1tico le lleg\u00f3 el pasado mes de enero a trav\u00e9s de su agente, Federico Raspanti. Garc\u00e9s asegura que su representante \u00ablo contact\u00f3 con la oportunidad de representar a Malasia bas\u00e1ndose en un supuesto v\u00ednculo familiar\u00bb. Sin embargo, el jugador \u00abreconoci\u00f3 tener un conocimiento limitado de los antecedentes de su abuelo, a quien solo conoci\u00f3 brevemente en Argentina, y confirm\u00f3 que sus padres hab\u00edan nacido all\u00ed\u00bb. Pese a ello y \u00aba petici\u00f3n del agente\u00bb, Garc\u00e9s \u00abpresent\u00f3 las actas de nacimiento suya, de su padre y de su abuelo, sin revisarlas, confiando plenamente en las instrucciones de su agente\u00bb. La fecha en la que Garc\u00e9s envi\u00f3 por WhatsApp el acta de nacimiento de su abuelo fue el 21 de enero. Raspanti estaba en \u00abcontacto directo con la Federaci\u00f3n\u00bb.<\/p>\n<p class=\"v-p\">Ante el Comit\u00e9 de Apelaci\u00f3n, Garc\u00e9s present\u00f3 en PDF las conversaciones de WhatsApp en las que aparec\u00eda la copia del acta de nacimiento de su abuelo, Carlos Rogelio Garc\u00e9s Fern\u00e1ndez, cuyo origen ubica en Villa Mar\u00eda Selva, Santa Fe de la Cruz, Argentina, y no Malasia. Sin embargo, el certificado presentado por la FAM, creado un d\u00eda antes de que Garc\u00e9s remitiera el suyo, sit\u00faa el origen de Carlos Rogelio Garc\u00e9s Fern\u00e1ndez en \u00abGeorge Town Straits Settlements (British Malaya)\u00bb, la actual Penang. <\/p>\n<p class=\"v-p\">Una vez conocida la sanci\u00f3n, Garc\u00e9s no se dirigi\u00f3 a su agente. El defensa sostuvo ante el Comit\u00e9 que \u00abpresent\u00f3 documentos originales\u00bb y neg\u00f3 \u00abcualquier implicaci\u00f3n en su falsificaci\u00f3n, atribuyendo el problema a errores cometidos por la FAM\u00bb. Asimismo, se\u00f1al\u00f3 que \u00abconfiaba en la gente de su entorno y que desconoc\u00eda cualquier irregularidad hasta despu\u00e9s de que se tomara la medida disciplinaria\u00bb. Eso hizo que no sospechara del evidente contraste. \u00abNo me compete\u00bb, resumi\u00f3.<\/p>\n<p>Cuatro partidas diferentes<\/p>\n<p class=\"v-p\">Esta actitud es afeada por la sentencia. \u00abEl Comit\u00e9 considera inexplicable que ninguno de los actores se atreviera a cuestionar a las personas implicadas (es decir, los agentes\/amigos) qu\u00e9 hab\u00eda pasado con la documentaci\u00f3n, qui\u00e9n la falsific\u00f3 y por qu\u00e9 acabaron suspendidos. Esta falta de curiosidad y rendici\u00f3n de cuentas es inaceptable, y una clara indicaci\u00f3n de que los jugadores podr\u00edan conocer el extra\u00f1o esquema que se concluir\u00eda con la obtenci\u00f3n de la ciudadan\u00eda malaya\u00bb, rechaza.<\/p>\n<p class=\"v-p\">La FIFA contrasta en su texto las diferentes partidas de nacimiento presentadas. Eso le lleva a reafirmarse en que la buena es la que la organizaci\u00f3n obtuvo durante su investigaci\u00f3n y no las dem\u00e1s. El primero que rechaza es el certificado enviado por la FAM en el momento de solicitar el permiso de la FIFA para que pudiera jugar con la selecci\u00f3n. De ese documento censura que figurase un lugar de nacimiento malayo escrito en ingl\u00e9s pero que el resto del texto estuviera en espa\u00f1ol. Algo que \u00abnunca har\u00eda\u00bb un registrador argentino. M\u00e1s graves son las fisuras del documento creado por el Gobierno de Malasia ante, seg\u00fan sus explicaciones, la imposibilidad de dar con el original. Este texto solo incluye el nombre, lugar de nacimiento -de nuevo en el pa\u00eds del sudeste asi\u00e1tico- y sexo. Nada m\u00e1s. Ni direcci\u00f3n ni nombres de los padres, entre otros.<\/p>\n<ul class=\"v-u\">\n<li class=\"v-u__l\">\n<p class=\"v-p\">\n6 de junio<br \/>\nMalasia realiza una consulta a la FIFA sobre la elegibilidad de Garc\u00e9s y presenta un certificado de nacimiento de su abuelo en la ciudad malaya de Penang\n<\/p>\n<\/li>\n<li class=\"v-u__l\">\n<p class=\"v-p\">\n9 de junio<br \/>\nLa FIFA da luz verde a Malasia para alinear a los nacionalizados\n<\/p>\n<\/li>\n<li class=\"v-u__l\">\n<p class=\"v-p\">\n10 de junio<br \/>\nGarc\u00e9s debuta con Malasia contra Vietnam\n<\/p>\n<\/li>\n<li class=\"v-u__l\">\n<p class=\"v-p\">\n11 de junio<br \/>\nLa federaci\u00f3n internacional recibe una queja por la alineaci\u00f3n de los futbolistas. La FIFA inicia una investigaci\u00f3n\n<\/p>\n<\/li>\n<li class=\"v-u__l\">\n<p class=\"v-p\">\n22-28 de agosto<br \/>\nLa FIFA abre el procedimiento por una posible infracci\u00f3n del art\u00edculo 22 de su C\u00f3digo Disciplinario\n<\/p>\n<\/li>\n<li class=\"v-u__l\">\n<p class=\"v-p\">\n22 de septiembre<br \/>\nMalasia y los jugadores presentan sus alegaciones antes del veredicto de la FIFA\n<\/p>\n<\/li>\n<li class=\"v-u__l\">\n<p class=\"v-p\">\n26 de septiembre<br \/>\nLa FIFA anuncia la sanci\u00f3n de 12 meses a Garc\u00e9s y seis compa\u00f1eros de selecci\u00f3n por utilizar \u00abdocumentaci\u00f3n manipulada\u00bb\n<\/p>\n<\/li>\n<li class=\"v-u__l\">\n<p class=\"v-p\">\n6 de octubre<br \/>\nPublicaci\u00f3n del texto de la sentencia\n<\/p>\n<\/li>\n<li class=\"v-u__l\">\n<p class=\"v-p\">\n3 de noviembre<br \/>\nLa FIFA rechaza el recurso de Garc\u00e9s y sus compa\u00f1eros. Mantiene intactos los castigos\n<\/p>\n<\/li>\n<li class=\"v-u__l\">\n<p class=\"v-p\">\n17 de noviembre<br \/>\nLa FIFA publica el texto en el que rechaza la apelaci\u00f3n\n<\/p>\n<\/li>\n<li class=\"v-u__l\">\n<p class=\"v-p\">\nPr\u00f3ximos pasos<br \/>\nEl jugador debe presentar su recurso al Tribunal de Arbitraje Deportivo (TAS) en los pr\u00f3ximos 21 d\u00edas y que en los pr\u00f3ximo meses el organismo decida\n<\/p>\n<\/li>\n<\/ul>\n<p class=\"v-p\">La diferencia entre el proporcionado por Garc\u00e9s y el obtenido por la FIFA es que el \u00faltimo, adem\u00e1s de todos los datos, contiene un c\u00f3digo QR, firma digital y un c\u00f3digo alfanum\u00e9rico. Nada de eso hay en la partida que el defensa envi\u00f3 a su agente. Esos datos, que permiten a cualquier persona validar la autenticidad del texto, resultan claves a juicio de la FIFA para considerarlo aut\u00e9ntico y rechazar los dem\u00e1s. Otro de los argumentos que esgrime es que durante el proceso la FAM envi\u00f3 una partida de nacimiento del padre de Garc\u00e9s en la que figura Argentina como el lugar de nacimiento del abuelo del futbolista. <\/p>\n<p>Falsificador desconocido<\/p>\n<p class=\"v-p\">Todo ello lleva a la FIFA a ratificar punto por punto los castigos impuestos en su sentencia. Vuelve a recalcar la gravedad de infracciones que \u00abafectan a los cimientos mismos de la integridad del f\u00fatbol\u00bb y afea la falta de vigilancia de los futbolistas durante un proceso que, a la fuerza, les exig\u00eda estar encima del mismo. \u00abEl Comit\u00e9 est\u00e1 convencido de que estas acciones les obligaban, como m\u00ednimo, a verificar la legitimidad de los documentos y de los procesos\u00bb, recuerda. \u00abLos jugadores no pod\u00edan simplemente firmar documentos sin leerlos o remitir certificados sin hacer ning\u00fan esfuerzo por verificar su exactitud u origen. Tal conducta est\u00e1 muy por debajo del est\u00e1ndar esperado de un profesional razonable en su posici\u00f3n\u00bb, a\u00f1ade. <\/p>\n<p class=\"v-p\">Por eso la FIFA rechaza el argumento de que los jugadores fueron \u00abv\u00edctimas pasivas\u00bb de todo y asegura que incurrieron en una \u00abnegligencia grave\u00bb. \u00abUn jugador profesional razonable habr\u00eda cuestionado c\u00f3mo pod\u00eda representar a un pa\u00eds con el que no ten\u00eda ninguna conexi\u00f3n genuina\u00bb, recalca. La gran duda, eso s\u00ed, es qui\u00e9n alter\u00f3 los documentos. \u00abMeses despu\u00e9s, la identidad del falsificador sigue siendo desconocida\u00bb.<\/p>\n<p>Reporta un error<\/p>\n","protected":false},"excerpt":{"rendered":"Lunes, 17 de noviembre 2025, 19:39 | Actualizado 21:07h. Facundo Garc\u00e9s desconoc\u00eda el origen de sus abuelos. Ese&hellip;\n","protected":false},"author":2,"featured_media":241839,"comment_status":"","ping_status":"","sticky":false,"template":"","format":"standard","meta":{"footnotes":""},"categories":[268],"tags":[3626,23359,168,62211,25,24,14013,280,282,43915,2676,6755,281,23,167],"class_list":{"0":"post-241838","1":"post","2":"type-post","3":"status-publish","4":"format-standard","5":"has-post-thumbnail","7":"category-futbol","8":"tag-abuelos","9":"tag-confiesa","10":"tag-deportes","11":"tag-desconocia","12":"tag-es","13":"tag-espana","14":"tag-fifa","15":"tag-football","16":"tag-futbol","17":"tag-garces","18":"tag-lugar","19":"tag-nacimiento","20":"tag-soccer","21":"tag-spain","22":"tag-sports"},"share_on_mastodon":{"url":"https:\/\/pubeurope.com\/@es\/115567952371352010","error":""},"_links":{"self":[{"href":"https:\/\/www.europesays.com\/es\/wp-json\/wp\/v2\/posts\/241838","targetHints":{"allow":["GET"]}}],"collection":[{"href":"https:\/\/www.europesays.com\/es\/wp-json\/wp\/v2\/posts"}],"about":[{"href":"https:\/\/www.europesays.com\/es\/wp-json\/wp\/v2\/types\/post"}],"author":[{"embeddable":true,"href":"https:\/\/www.europesays.com\/es\/wp-json\/wp\/v2\/users\/2"}],"replies":[{"embeddable":true,"href":"https:\/\/www.europesays.com\/es\/wp-json\/wp\/v2\/comments?post=241838"}],"version-history":[{"count":0,"href":"https:\/\/www.europesays.com\/es\/wp-json\/wp\/v2\/posts\/241838\/revisions"}],"wp:featuredmedia":[{"embeddable":true,"href":"https:\/\/www.europesays.com\/es\/wp-json\/wp\/v2\/media\/241839"}],"wp:attachment":[{"href":"https:\/\/www.europesays.com\/es\/wp-json\/wp\/v2\/media?parent=241838"}],"wp:term":[{"taxonomy":"category","embeddable":true,"href":"https:\/\/www.europesays.com\/es\/wp-json\/wp\/v2\/categories?post=241838"},{"taxonomy":"post_tag","embeddable":true,"href":"https:\/\/www.europesays.com\/es\/wp-json\/wp\/v2\/tags?post=241838"}],"curies":[{"name":"wp","href":"https:\/\/api.w.org\/{rel}","templated":true}]}}