{"id":241840,"date":"2025-11-18T00:50:19","date_gmt":"2025-11-18T00:50:19","guid":{"rendered":"https:\/\/www.europesays.com\/es\/241840\/"},"modified":"2025-11-18T00:50:19","modified_gmt":"2025-11-18T00:50:19","slug":"yo-era-la-primera-que-tenia-prejuicios","status":"publish","type":"post","link":"https:\/\/www.europesays.com\/es\/241840\/","title":{"rendered":"Yo era la primera que ten\u00eda prejuicios"},"content":{"rendered":"<p data-journey-content=\"true\" data-node-id=\"3\" class=\"css-6wxqfj emevuu60\"><strong data-node-id=\"3.0\">Aldo Comas se convirti\u00f3, sin quererlo, en el protagonista del estreno de <a href=\"https:\/\/www.diezminutos.es\/teleprograma\/programas-tv\/a65804217\/rocio-carrasco-alba-carrillo-aldo-comas-jedet-aeropuerto-viaje-costa-rica-grabaciones-reality-hasta-el-fin-del-mundo-tve\/\" target=\"_blank\" data-vars-ga-outbound-link=\"https:\/\/www.diezminutos.es\/teleprograma\/programas-tv\/a65804217\/rocio-carrasco-alba-carrillo-aldo-comas-jedet-aeropuerto-viaje-costa-rica-grabaciones-reality-hasta-el-fin-del-mundo-tve\/\" data-vars-ga-ux-element=\"Hyperlink\" data-vars-ga-call-to-action=\"&#039;Hasta el fin del mundo&#039;,\" data-node-id=\"3.0.1\" class=\"body-link css-177bzfx emevuu60\" rel=\"nofollow noopener\">&#8216;Hasta el fin del mundo&#8217;,<\/a><\/strong><a href=\"https:\/\/www.diezminutos.es\/teleprograma\/programas-tv\/a65804217\/rocio-carrasco-alba-carrillo-aldo-comas-jedet-aeropuerto-viaje-costa-rica-grabaciones-reality-hasta-el-fin-del-mundo-tve\/\" target=\"_blank\" data-vars-ga-outbound-link=\"https:\/\/www.diezminutos.es\/teleprograma\/programas-tv\/a65804217\/rocio-carrasco-alba-carrillo-aldo-comas-jedet-aeropuerto-viaje-costa-rica-grabaciones-reality-hasta-el-fin-del-mundo-tve\/\" data-vars-ga-ux-element=\"Hyperlink\" data-vars-ga-call-to-action=\" el nuevo reality\" data-node-id=\"3.1\" class=\"body-link css-177bzfx emevuu60\" rel=\"nofollow noopener\"> el nuevo reality<\/a> de La1 presentado por Paula V\u00e1zquez en el que seis parejas de famosos recorren ocho pa\u00edses de Latinoam\u00e9rica con un presupuesto muy limitado, sin veh\u00edculos ni dispositivos electr\u00f3nicos y teniendo que poner en pr\u00e1ctica su ingenio y destreza para ser los primeros en llegar a cada meta. <strong data-node-id=\"3.3\">Las redes sociales se cebaron especialmente contra el artista y su pareja, el actor Jos\u00e9 Lamu\u00f1o<\/strong>. Pasados unos d\u00edas, Aldo se ha sincerado en &#8216;D Coraz\u00f3n&#8217; sobre c\u00f3mo ha vivido esta experiencia y sobre todo c\u00f3mo lleva las cr\u00edticas. <strong data-node-id=\"3.5\">Entre tanto &#8216;hate&#8217;, <a href=\"https:\/\/www.diezminutos.es\/famosos-corazon\/famosos-espanoles\/a65808349\/alba-carrillo-rocio-carrasco-hasta-el-fin-del-mundo-tve\/\" target=\"_blank\" data-vars-ga-outbound-link=\"https:\/\/www.diezminutos.es\/famosos-corazon\/famosos-espanoles\/a65808349\/alba-carrillo-rocio-carrasco-hasta-el-fin-del-mundo-tve\/\" data-vars-ga-ux-element=\"Hyperlink\" data-vars-ga-call-to-action=\"su compa\u00f1era de concurso, Alba Carrillo\" data-node-id=\"3.5.1\" class=\"body-link css-177bzfx emevuu60\" rel=\"nofollow noopener\">su compa\u00f1era de concurso, Alba Carrillo<\/a> ha salido en su defensa<\/strong>, calific\u00e1ndole de ser \u00abuna persona maravillosa\u00bb, aunque reconoc\u00eda: \u00abYo era la primera que ten\u00eda prejuicios\u00bb.<\/p>\n<p><img draggable=\"true\" alt=\"foto grupal de todos los concursantes del reality hasta el fin del mundo, de tve, junto a paula vazquez, presentadora del formato, en el aeropuerto de madrid antes de marcharse a costa rica\" title=\"Foto grupal de todos los concursantes del reality Hasta el fin del mundo, de TVE, junto a Paula Vazquez, presentadora del formato, en el aeropuerto de Madrid antes de marcharse a Costa Rica\" loading=\"lazy\" width=\"3000\" height=\"1974\" decoding=\"async\" data-nimg=\"1\" style=\"color:transparent;width:100%;height:auto;\"   src=\"https:\/\/www.europesays.com\/es\/wp-content\/uploads\/2025\/11\/concursantes-hasta-el-fin-del-mundo-reality-aeropuerto-madrid-68a2efa7269e6.jpg\" class=\"css-0 e1g79fud0\"\/><\/p>\n<p>Gtres<\/p>\n<p data-journey-content=\"true\" data-node-id=\"7\" class=\"css-6wxqfj emevuu60\">Desde un aer\u00f3dromo, a punto de saltar en paraca\u00eddas, <strong data-node-id=\"7.1\">Aldo comentaba que hab\u00eda sido una experiencia \u00abmaravillosa\u00bb<\/strong>. \u00abLlegamos a Panam\u00e1 llorando de la emoci\u00f3n de lo amigos que somos. Tuvimos dos rifirrafes por dormir y por una chorrada que se ha sobredimensionado y parece que hayamos empezado con mal pie, pero es absolutamente mentira\u00bb, dijo sobre su compa\u00f1ero, Jos\u00e9 Lamu\u00f1o. El artista se defendi\u00f3 sobre la imagen que se ve de \u00e9l en pantalla: \u00ab<strong data-node-id=\"7.3\">Ese Aldo que estamos viendo, impulsivo, imprevisible y a veces un poco vehemente y echado para delante, soy bastante as\u00ed<\/strong>, lo que pasa es que cuando me ves acabar las frases o tienes un momento de pausa conmigo, me puedes llegar a entender\u00bb.<\/p>\n<p><img draggable=\"true\" alt=\"aldo comas y jose lamuno\" title=\"aldo  comas y jose lamuno\" loading=\"lazy\" width=\"5504\" height=\"8256\" decoding=\"async\" data-nimg=\"1\" style=\"color:transparent;width:100%;height:auto;\"   src=\"https:\/\/www.europesays.com\/es\/wp-content\/uploads\/2025\/11\/aldo-comas-and-jose-lamu-c3-b1o-during-the-presentation-of-hasta-news-photo-1763411735.pjpeg\" class=\"css-0 e1g79fud0\"\/><\/p>\n<p>Europa Press Entertainment\/\/Getty Images<\/p>\n<p>Alba Carrillo defiende a Aldo Comas de las cr\u00edticas<\/p>\n<p data-journey-content=\"true\" data-node-id=\"11\" class=\"css-6wxqfj emevuu60\">Sobre las cr\u00edticas que est\u00e1 recibiendo y c\u00f3mo las gestiona, <a href=\"https:\/\/www.diezminutos.es\/famosos-corazon\/famosos-espanoles\/a62749850\/aldo-comas-marido-actriz-macarena-gomez-entrevista\/\" target=\"_blank\" data-vars-ga-outbound-link=\"https:\/\/www.diezminutos.es\/famosos-corazon\/famosos-espanoles\/a62749850\/aldo-comas-marido-actriz-macarena-gomez-entrevista\/\" data-vars-ga-ux-element=\"Hyperlink\" data-vars-ga-call-to-action=\"el marido de la actriz Macarena G\u00f3mez\" data-node-id=\"11.1\" class=\"body-link css-177bzfx emevuu60\" rel=\"nofollow noopener\">el marido de la actriz Macarena G\u00f3mez<\/a> reconoci\u00f3 que va por fases. \u00abEs un poco como la muerte: primero negaci\u00f3n, luego aceptaci\u00f3n, luego batalla, rebeld\u00eda&#8230; <strong data-node-id=\"11.3\">hasta que al final te da igual\u00bb, confes\u00f3 Aldo<\/strong>.<\/p>\n<p data-journey-content=\"true\" data-node-id=\"15\" class=\"css-6wxqfj emevuu60\">\u00abAhora mismo, que haya &#8216;hate&#8217; porque me vaya a saltar en paraca\u00eddas y pierdo la din\u00e1mica del programa, <strong data-node-id=\"15.1\">te puedes imaginar lo poco que me importa\u00bb, se\u00f1alaba Comas<\/strong>, que ten\u00eda una premisa a la hora de aceptar participar en el reality:  \u00abJos\u00e9 y yo ten\u00edamos un pacto: vamos a pas\u00e1rnoslo bomba, vamos a disfrutar de cada esquina\u00bb. <\/p>\n<p data-journey-content=\"true\" data-node-id=\"17\" class=\"css-6wxqfj emevuu60\">Alba Carrillo, colaboradora de &#8216;D Coraz\u00f3n&#8217;, defend\u00eda a su compa\u00f1ero. \u00ab<strong data-node-id=\"17.1\">Yo era la primera que ten\u00eda prejuicios hacia ti y ha sido conocerte y me los has derribado todos<\/strong>. As\u00ed que solamente le pido a la gente que te d\u00e9 la oportunidad de conocerte en los dem\u00e1s cap\u00edtulos, porque se van a enamorar de una persona maravillosa como me ha pasado a m\u00ed\u00bb, aseguraba la periodista.<\/p>\n<p><img src=\"https:\/\/www.europesays.com\/es\/wp-content\/uploads\/2025\/11\/edf7d479-6cd4-48bc-8600-bcfd6ef75c9d_1734435678.jpg\" alt=\"Headshot of Magdalena Pi\u00f1ero\" title=\"Headshot of Magdalena Pi\u00f1ero\" width=\"100%\" height=\"100%\" decoding=\"async\" loading=\"lazy\" class=\"css-o0wq4v ev8dhu53\"\/><\/p>\n<p>Magdalena Pi\u00f1ero es periodista experta en coraz\u00f3n, celebridades y sociedad. Licenciada en Periodismo por la Universidad de Sevilla, se mud\u00f3 a Madrid para cursar el M\u00e1ster de Periodismo de la Agencia EFE. Hizo pr\u00e1cticas en la secci\u00f3n de Tribunales y en la de Sociedad y Televisi\u00f3n. En ambas disfrut\u00f3 mucho, pero fue en la segunda en la que descubri\u00f3 que cubrir el estreno de la serie de televisi\u00f3n del momento y entrevistar a sus protagonistas le apasionaba mucho m\u00e1s de lo que jam\u00e1s hubiera imaginado. Sonr\u00ede al recordar sus primeras ruedas de prensa, entre ellas &#8216;El programa de Ana Rosa&#8217;.<br \/>\nLleva m\u00e1s de una d\u00e9cada trabajando en la web de Diezminutos.es, pero es una nost\u00e1lgica y recuerda con cari\u00f1o su etapa en el formato de papel de la revista, en la que estuvo colaborando. Un tiempo en el que ha visto y trabajado en las noticias m\u00e1s destacadas del panorama nacional como la boda de Pilar Rubio y Sergio Ramos; el divorcio de Paula Echavarr\u00eda y David Bustamante; y acontecimientos hist\u00f3ricos como la coronaci\u00f3n de Felipe VI como rey de Espa\u00f1a.<br \/>\nAdem\u00e1s del coraz\u00f3n, le encanta la moda y la belleza. De ah\u00ed que ponga el mismo entusiasmo escribiendo sobre los looks de la Reina Letizia que sobre la crema favorita de Isasaweis. Tiene ojo cl\u00ednico para detectar si dos famosas han llevado el mismo vestido y hacer un tema sobre cu\u00e1l de ellas lo lleva mejor.<br \/>\nEn sus ratos libres, adem\u00e1s de seguir form\u00e1ndose en las \u00faltimas novedades digitales para aplicarlas en su trabajo, le encanta ver realities como &#8216;Supervivientes&#8217; y &#8216;Soy Georgina&#8217; (comparte con Georgina Rodr\u00edguez su amor por los ib\u00e9ricos), programas de coraz\u00f3n y todo lo que se emita en la parrilla televisiva de lo que pueda sacar un buen salseo. \u00bfLa excusa que pone siempre para verlos sin que la molesten? : \u00abLo hago por trabajo\u00bb.<\/p>\n","protected":false},"excerpt":{"rendered":"Aldo Comas se convirti\u00f3, sin quererlo, en el protagonista del estreno de &#8216;Hasta el fin del mundo&#8217;, el&hellip;\n","protected":false},"author":2,"featured_media":241841,"comment_status":"","ping_status":"","sticky":false,"template":"","format":"standard","meta":{"footnotes":""},"categories":[174],"tags":[255,253,146,147,25,24,256,23],"class_list":{"0":"post-241840","1":"post","2":"type-post","3":"status-publish","4":"format-standard","5":"has-post-thumbnail","7":"category-famosos","8":"tag-celebrities","9":"tag-discover","10":"tag-entertainment","11":"tag-entretenimiento","12":"tag-es","13":"tag-espana","14":"tag-famosos","15":"tag-spain"},"share_on_mastodon":{"url":"https:\/\/pubeurope.com\/@es\/115567960585025496","error":""},"_links":{"self":[{"href":"https:\/\/www.europesays.com\/es\/wp-json\/wp\/v2\/posts\/241840","targetHints":{"allow":["GET"]}}],"collection":[{"href":"https:\/\/www.europesays.com\/es\/wp-json\/wp\/v2\/posts"}],"about":[{"href":"https:\/\/www.europesays.com\/es\/wp-json\/wp\/v2\/types\/post"}],"author":[{"embeddable":true,"href":"https:\/\/www.europesays.com\/es\/wp-json\/wp\/v2\/users\/2"}],"replies":[{"embeddable":true,"href":"https:\/\/www.europesays.com\/es\/wp-json\/wp\/v2\/comments?post=241840"}],"version-history":[{"count":0,"href":"https:\/\/www.europesays.com\/es\/wp-json\/wp\/v2\/posts\/241840\/revisions"}],"wp:featuredmedia":[{"embeddable":true,"href":"https:\/\/www.europesays.com\/es\/wp-json\/wp\/v2\/media\/241841"}],"wp:attachment":[{"href":"https:\/\/www.europesays.com\/es\/wp-json\/wp\/v2\/media?parent=241840"}],"wp:term":[{"taxonomy":"category","embeddable":true,"href":"https:\/\/www.europesays.com\/es\/wp-json\/wp\/v2\/categories?post=241840"},{"taxonomy":"post_tag","embeddable":true,"href":"https:\/\/www.europesays.com\/es\/wp-json\/wp\/v2\/tags?post=241840"}],"curies":[{"name":"wp","href":"https:\/\/api.w.org\/{rel}","templated":true}]}}