{"id":241844,"date":"2025-11-18T00:54:17","date_gmt":"2025-11-18T00:54:17","guid":{"rendered":"https:\/\/www.europesays.com\/es\/241844\/"},"modified":"2025-11-18T00:54:17","modified_gmt":"2025-11-18T00:54:17","slug":"billie-eilish-arremete-contra-el-patetico-cobarde-elon-musk-ahora-que-esta-a-punto-de-convertirse-en-trillonario","status":"publish","type":"post","link":"https:\/\/www.europesays.com\/es\/241844\/","title":{"rendered":"Billie Eilish arremete contra el \u00abpat\u00e9tico cobarde\u00bb Elon Musk ahora que est\u00e1 a punto de convertirse en trillonario"},"content":{"rendered":"<p class=\"mb-4 text-lg md:leading-8 break-words\">Billie Eilish ha arremetido contra el \u00abpat\u00e9tico cobarde\u00bb Elon Musk, ahora que est\u00e1 a punto de convertirse en trillonario.<\/p>\n<p class=\"mb-4 text-lg md:leading-8 break-words\">La cantante de Birds of a Feather recurri\u00f3 a sus historias de Instagram para arremeter contra el empresario, llam\u00e1ndolo \u00abun maldito cobarde pat\u00e9tico\u00bb despu\u00e9s de que los accionistas de Tesla aprobaran un paquete salarial que podr\u00eda elevar su fortuna a billones.<\/p>\n<p class=\"mb-4 text-lg md:leading-8 break-words\">El ataque p\u00fablico de Billie se produjo despu\u00e9s de que compartiera una publicaci\u00f3n de Instagram del movimiento My Voice, My Choice, que comenzaba con una imagen del empresario y un texto que dec\u00eda: \u00abElon Musk se convirti\u00f3 en el primer multimillonario del mundo, esto es lo que podr\u00eda hacer con \u00e9l\u00bb.<\/p>\n<p class=\"mb-4 text-lg md:leading-8 break-words\">Las diapositivas siguientes suger\u00edan formas en que Musk podr\u00eda ayudar al mundo, incluyendo afirmaciones de que podr\u00eda \u00abacabar con el hambre en el mundo\u00bb, \u00absalvar especies en peligro de extinci\u00f3n\u00bb y \u00abreconstruir Gaza\u00bb.<\/p>\n<p class=\"mb-4 text-lg md:leading-8 break-words\">Billie sugiri\u00f3 que el hombre m\u00e1s rico del mundo podr\u00eda hacer a\u00fan m\u00e1s, escribiendo: \u00abEtc&#8230;\u00bb.<\/p>\n<p><img alt=\"Billie Eilish attends the WSJ. Magazine Innovator Awards at The Museum of Modern Art on Wednesday, Oct. 29, 2025, in New York. (Photo by Evan Agostini\/Invision\/AP)\" loading=\"lazy\" width=\"960\" height=\"1365\" decoding=\"async\" data-nimg=\"1\" class=\"rounded-lg\" style=\"color:transparent\" src=\"https:\/\/www.europesays.com\/es\/wp-content\/uploads\/2025\/11\/73655500-c3d0-11f0-8b2d-dc5f3a52387a.jpeg\"\/><\/p>\n<p>(Photo by Evan Agostini\/Invision\/AP)<\/p>\n<p class=\"mb-4 text-lg md:leading-8 break-words\">No es la primera vez que la int\u00e9rprete de Bad Guy arremete contra los grandes ricos, ya que el mes pasado inst\u00f3 a los multimillonarios a donar sus fortunas a los necesitados.<\/p>\n<p class=\"mb-4 text-lg md:leading-8 break-words\">En su intervenci\u00f3n en los Premios a la Innovaci\u00f3n del Wall Street Journal, a los que asisti\u00f3 el director ejecutivo de Facebook, Mark Zuckerberg, la cantante de 23 a\u00f1os dijo: \u00abEstamos en un momento en el que el mundo est\u00e1 realmente mal y realmente oscuro, y la gente necesita empat\u00eda y ayuda m\u00e1s que nunca, especialmente en nuestro pa\u00eds. Yo dir\u00eda que si tienes dinero, ser\u00eda estupendo usarlo para buenas causas, y tal vez d\u00e1rselo a algunas personas que lo necesitan\u00bb.<\/p>\n<p class=\"mb-4 text-lg md:leading-8 break-words\">Eilish a\u00f1adi\u00f3: \u00abLos quiero a todos, pero hay algunos aqu\u00ed que tienen mucho m\u00e1s dinero que yo. Si eres multimillonario, \u00bfpor qu\u00e9 lo eres? Sin \u00e1nimo de ofender, pero s\u00ed. \u00a1Regalen ese dinero, mocosos!\u00bb.<\/p>\n<p class=\"mb-4 text-lg md:leading-8 break-words\">Mientras tanto, Billie admiti\u00f3 anteriormente que sue\u00f1a con tener un d\u00eda en el que pueda hacer cosas \u00abnormales\u00bb sin tener que preocuparse por ser reconocida.<\/p>\n<p class=\"mb-4 text-lg md:leading-8 break-words\">A principios de este a\u00f1o declar\u00f3 a la revista Vogue brit\u00e1nica: \u00abMe encantar\u00eda viajar en metro. Me encantar\u00eda simplemente pasear al aire libre durante un d\u00eda, ser\u00eda maravilloso. Me encantar\u00eda hacer cosas normales. Me encantar\u00eda pasear por un barrio bonito y popular o ir a comer algo, sin tener que preocuparme por ocultar mi rostro o mi seguridad, o por que alguien me tome una foto sin que yo lo sepa\u00bb.<\/p>\n<p><a data-ylk=\"ct:story;elm:img;itc:0;\" class=\"stretched-box\" href=\"https:\/\/trib.al\/yG4LVEm\" rel=\"noopener noreferrer nofollow\" target=\"_blank\"><img alt=\"S\u00edguenos en nuestro canal de WhatsApp\" loading=\"lazy\" width=\"728\" height=\"90\" decoding=\"async\" data-nimg=\"1\" class=\"rounded-lg\" style=\"color:transparent\" src=\"https:\/\/www.europesays.com\/es\/wp-content\/uploads\/2025\/08\/1756428142_323_3d6447f0-3275-11f0-8ffa-1f5d930b0349.jpeg\"\/><\/a><\/p>\n<p>S\u00edguenos en nuestro canal de WhatsApp<\/p>\n","protected":false},"excerpt":{"rendered":"Billie Eilish ha arremetido contra el \u00abpat\u00e9tico cobarde\u00bb Elon Musk, ahora que est\u00e1 a punto de convertirse en&hellip;\n","protected":false},"author":2,"featured_media":241845,"comment_status":"","ping_status":"","sticky":false,"template":"","format":"standard","meta":{"footnotes":""},"categories":[170],"tags":[62214,49581,62212,11405,146,147,25,24,62213,184,185,23],"class_list":{"0":"post-241844","1":"post","2":"type-post","3":"status-publish","4":"format-standard","5":"has-post-thumbnail","7":"category-musica","8":"tag-arturo-holmes","9":"tag-billie-eilish","10":"tag-el-hombre-mas-rico-del-mundo","11":"tag-elon-musk","12":"tag-entertainment","13":"tag-entretenimiento","14":"tag-es","15":"tag-espana","16":"tag-especies-en-peligro-de-extincion","17":"tag-music","18":"tag-musica","19":"tag-spain"},"share_on_mastodon":{"url":"https:\/\/pubeurope.com\/@es\/115567977534944202","error":""},"_links":{"self":[{"href":"https:\/\/www.europesays.com\/es\/wp-json\/wp\/v2\/posts\/241844","targetHints":{"allow":["GET"]}}],"collection":[{"href":"https:\/\/www.europesays.com\/es\/wp-json\/wp\/v2\/posts"}],"about":[{"href":"https:\/\/www.europesays.com\/es\/wp-json\/wp\/v2\/types\/post"}],"author":[{"embeddable":true,"href":"https:\/\/www.europesays.com\/es\/wp-json\/wp\/v2\/users\/2"}],"replies":[{"embeddable":true,"href":"https:\/\/www.europesays.com\/es\/wp-json\/wp\/v2\/comments?post=241844"}],"version-history":[{"count":0,"href":"https:\/\/www.europesays.com\/es\/wp-json\/wp\/v2\/posts\/241844\/revisions"}],"wp:featuredmedia":[{"embeddable":true,"href":"https:\/\/www.europesays.com\/es\/wp-json\/wp\/v2\/media\/241845"}],"wp:attachment":[{"href":"https:\/\/www.europesays.com\/es\/wp-json\/wp\/v2\/media?parent=241844"}],"wp:term":[{"taxonomy":"category","embeddable":true,"href":"https:\/\/www.europesays.com\/es\/wp-json\/wp\/v2\/categories?post=241844"},{"taxonomy":"post_tag","embeddable":true,"href":"https:\/\/www.europesays.com\/es\/wp-json\/wp\/v2\/tags?post=241844"}],"curies":[{"name":"wp","href":"https:\/\/api.w.org\/{rel}","templated":true}]}}