{"id":241846,"date":"2025-11-18T00:55:29","date_gmt":"2025-11-18T00:55:29","guid":{"rendered":"https:\/\/www.europesays.com\/es\/241846\/"},"modified":"2025-11-18T00:55:29","modified_gmt":"2025-11-18T00:55:29","slug":"punales-por-la-espalda-3-de-entre-los-muertos-mira-el-trailer","status":"publish","type":"post","link":"https:\/\/www.europesays.com\/es\/241846\/","title":{"rendered":"&#8216;Pu\u00f1ales por la espalda 3: De entre los muertos&#8217;: Mira el tr\u00e1iler"},"content":{"rendered":"<p>El nuevo tr\u00e1iler de <strong><a href=\"https:\/\/hipertextual.com\/cine-television\/trailer-punales-por-la-espalda-3-que-anuncia-fecha-de-estreno\/\" rel=\"nofollow noopener\" target=\"_blank\">Pu\u00f1ales por la espalda 3: De entre los muertos<\/a><\/strong> acaba de ver la luz para celebrar su inminente estreno en cines. La tercera entrega de la exitosa saga de <strong>Rian Johnson<\/strong> para <a href=\"https:\/\/x.com\/netflix\/status\/1990419657765839020\" target=\"_blank\" rel=\"noreferrer noopener nofollow\">Netflix<\/a> presentar\u00e1 al detective <strong>Benoit Blanc<\/strong> (Daniel Craig) con un caso a\u00fan m\u00e1s complejo y enrevesado. Se trata de uno de los estrenos m\u00e1s ambiciosos de la plataforma para este fin de a\u00f1o, por lo que las expectativas est\u00e1n por todo lo alto.<\/p>\n<p>La breve premisa de\u00a0Pu\u00f1ales por la espalda 3: De entre los muertos, que el tr\u00e1iler confirma, anticipa que <a href=\"https:\/\/hipertextual.com\/cine-television\/espectacular-trailer-punales-por-la-espalda-3-de-entre-los-muertos\/\" rel=\"nofollow noopener\" target=\"_blank\">el caso ser\u00e1 el m\u00e1s peligroso de\u00a0<strong>Benoit Blanc<\/strong><\/a>\u00a0hasta la fecha. El personaje de <strong>Josh Brolin<\/strong>, un cura, ser\u00e1 la v\u00edctima en un peque\u00f1o pueblo estadounidense del que nadie parece totalmente libre de sospecha. \u00abUn crimen imposible\u00bb, lo describe el propio protagonista en cierto momento.<\/p>\n<p>Esta vez, el tr\u00e1iler de Pu\u00f1ales por la espalda 3: De entre los muertos pone todas las miradas en el personaje de <strong>Josh O&#8217;Connor<\/strong>, otro cura que, en teor\u00eda, fue el \u00faltimo en ver con vida al hombre asesinado. Por supuesto, todo se ir\u00e1 retorciendo y <a href=\"https:\/\/hipertextual.com\/cine-television\/punales-por-la-espalda-3-titulo-fecha-de-estreno-netflix\/\" rel=\"nofollow noopener\" target=\"_blank\"><strong>Benoit Blanc<\/strong> tendr\u00e1 que dar con la clave<\/a>. Poco a poco, el detective ir\u00e1 uniendo las piezas para desentra\u00f1ar este intrincado truco que se ha cobrado la vida de una persona y pretende incriminar a otra.<\/p>\n<p>Mira el tr\u00e1iler de Pu\u00f1ales por la espalda 3: De entre los muertos<\/p>\n<p>Junto a\u00a0<strong>Daniel Craig<\/strong>\u00a0como Benoit Blanc estar\u00e1n\u00a0<strong>Glenn Close<\/strong>\u00a0(101 d\u00e1lmatas, La buena esposa),\u00a0<strong>Josh Brolin<\/strong>\u00a0(Avengers: Endgame,\u00a0Dune),\u00a0<strong><a href=\"https:\/\/hipertextual.com\/cine-television\/jeremy-renner-knives-out-3\/\" rel=\"nofollow noopener\" target=\"_blank\">Jeremy Renner<\/a><\/strong>\u00a0(Avengers,\u00a0En tierra hostil),\u00a0<strong>Mila Kunis<\/strong>\u00a0(Cisne negro, Con derecho a roce),\u00a0<strong>Josh O\u2019Connor<\/strong>\u00a0(Challengers,\u00a0The Crown),\u00a0<strong>Cailee Spaeny<\/strong>\u00a0(Alien: Romulus, Civil War),\u00a0<strong>Andrew Scott<\/strong>\u00a0(Sherlock,\u00a0Fleabag),\u00a0<strong>Daryl McCormack<\/strong>\u00a0(Buena suerte, Leo Grande),\u00a0<strong>Kerry Washington<\/strong>\u00a0(Django desencadenado,\u00a0El \u00faltimo rey de Escocia) y\u00a0<strong>Thomas Haden Church<\/strong>\u00a0(Spider-Man 3,\u00a0Entre copas).<\/p>\n<p>Pu\u00f1ales por la espalda 3: De entre los muertos se estrena en cines seleccionados el 26 de noviembre y en Netflix el 12 de diciembre.<\/p>\n<p><a href=\"https:\/\/geni.us\/disney-plus-footer\" target=\"_blank\" rel=\" noreferrer noopener nofollow\"><img loading=\"lazy\" decoding=\"async\" width=\"360\" height=\"197\" alt=\"\" class=\"wp-image-1840708 perfmatters-lazy\" style=\"width:100px\" src=\"https:\/\/www.europesays.com\/es\/wp-content\/uploads\/2025\/08\/1756350495_822_disney-logo.jpeg\"  data-\/><\/a><\/p>\n<p class=\"has-text-align-center\" style=\"padding-top:0;padding-right:0;padding-bottom:0;padding-left:0;font-size:18px\">Disfruta de las mejores historias, en cualquier momento y en cualquier lugar. Series, pel\u00edculas y originales que no encontrar\u00e1s en ninguna otra plataforma: cl\u00e1sicos de siempre y los \u00faltimos estrenos. <a href=\"https:\/\/geni.us\/disney-plus-footer\" target=\"_blank\" rel=\"noreferrer noopener nofollow\">M\u00e1s econ\u00f3mico que nunca<\/a> con el nuevo plan con anuncios.<\/p>\n<p class=\"has-text-align-center\">Consejo ofrecido por Disney+<\/p>\n","protected":false},"excerpt":{"rendered":"El nuevo tr\u00e1iler de Pu\u00f1ales por la espalda 3: De entre los muertos acaba de ver la luz&hellip;\n","protected":false},"author":2,"featured_media":241847,"comment_status":"","ping_status":"","sticky":false,"template":"","format":"standard","meta":{"footnotes":""},"categories":[169],"tags":[177,146,147,25,24,176,175,23],"class_list":{"0":"post-241846","1":"post","2":"type-post","3":"status-publish","4":"format-standard","5":"has-post-thumbnail","7":"category-cine","8":"tag-cine","9":"tag-entertainment","10":"tag-entretenimiento","11":"tag-es","12":"tag-espana","13":"tag-film","14":"tag-movies","15":"tag-spain"},"share_on_mastodon":{"url":"https:\/\/pubeurope.com\/@es\/115567980328202018","error":""},"_links":{"self":[{"href":"https:\/\/www.europesays.com\/es\/wp-json\/wp\/v2\/posts\/241846","targetHints":{"allow":["GET"]}}],"collection":[{"href":"https:\/\/www.europesays.com\/es\/wp-json\/wp\/v2\/posts"}],"about":[{"href":"https:\/\/www.europesays.com\/es\/wp-json\/wp\/v2\/types\/post"}],"author":[{"embeddable":true,"href":"https:\/\/www.europesays.com\/es\/wp-json\/wp\/v2\/users\/2"}],"replies":[{"embeddable":true,"href":"https:\/\/www.europesays.com\/es\/wp-json\/wp\/v2\/comments?post=241846"}],"version-history":[{"count":0,"href":"https:\/\/www.europesays.com\/es\/wp-json\/wp\/v2\/posts\/241846\/revisions"}],"wp:featuredmedia":[{"embeddable":true,"href":"https:\/\/www.europesays.com\/es\/wp-json\/wp\/v2\/media\/241847"}],"wp:attachment":[{"href":"https:\/\/www.europesays.com\/es\/wp-json\/wp\/v2\/media?parent=241846"}],"wp:term":[{"taxonomy":"category","embeddable":true,"href":"https:\/\/www.europesays.com\/es\/wp-json\/wp\/v2\/categories?post=241846"},{"taxonomy":"post_tag","embeddable":true,"href":"https:\/\/www.europesays.com\/es\/wp-json\/wp\/v2\/tags?post=241846"}],"curies":[{"name":"wp","href":"https:\/\/api.w.org\/{rel}","templated":true}]}}