{"id":241854,"date":"2025-11-18T01:00:11","date_gmt":"2025-11-18T01:00:11","guid":{"rendered":"https:\/\/www.europesays.com\/es\/241854\/"},"modified":"2025-11-18T01:00:11","modified_gmt":"2025-11-18T01:00:11","slug":"where-winds-meet-noticias-la-tribuna-de-ciudad-real","status":"publish","type":"post","link":"https:\/\/www.europesays.com\/es\/241854\/","title":{"rendered":"Where Winds Meet | Noticias La Tribuna de Ciudad Real"},"content":{"rendered":"<p>Cuando acepta las cookies no solo acepta publicidad personalizada, tambi\u00e9n respalda un servicio gratuito de informaci\u00f3n veraz y contribuye a que <b>La Tribuna de Ciudad Real<\/b> siga ofreci\u00e9ndole con rigor la actualidad de su ciudad y su provincia sin necesidad de pagos ni suscripciones. Si quiere, puede aceptarlas en el bot\u00f3n inferior.<\/p>\n<p>Siempre tendr\u00e1 la opci\u00f3n de volver a rechazarlas a trav\u00e9s del apartado \u2018Privacidad\u2019 que encontrar\u00e1 en la esquina inferior derecha.<\/p>\n","protected":false},"excerpt":{"rendered":"Cuando acepta las cookies no solo acepta publicidad personalizada, tambi\u00e9n respalda un servicio gratuito de informaci\u00f3n veraz y&hellip;\n","protected":false},"author":2,"featured_media":241709,"comment_status":"","ping_status":"","sticky":false,"template":"","format":"standard","meta":{"footnotes":""},"categories":[81],"tags":[517,12942,119,123,124,777,1940,62217,62216,3010,1819,25,24,28915,10,4069,2330,28914,6436,30259,798,117,121,122,23,118,120,3022,43622,1284],"class_list":{"0":"post-241854","1":"post","2":"type-post","3":"status-publish","4":"format-standard","5":"has-post-thumbnail","7":"category-ciencia-y-tecnologia","8":"tag-actualidad","9":"tag-alcazar-de-san-juan","10":"tag-ciencia","11":"tag-ciencia-y-tecnologia","12":"tag-cienciaytecnologia","13":"tag-ciudad","14":"tag-ciudad-real","15":"tag-ciudadrealena","16":"tag-ciudadrealeno","17":"tag-daimiel","18":"tag-diario","19":"tag-es","20":"tag-espana","21":"tag-grupo-promecal","22":"tag-noticias","23":"tag-periodico","24":"tag-prensa","25":"tag-promecal","26":"tag-provincia","27":"tag-puertollano","28":"tag-real","29":"tag-science","30":"tag-science-and-technology","31":"tag-scienceandtechnology","32":"tag-spain","33":"tag-technology","34":"tag-tecnologia","35":"tag-tomelloso","36":"tag-valdepenas","37":"tag-vivir"},"share_on_mastodon":{"url":"https:\/\/pubeurope.com\/@es\/115567999458115678","error":""},"_links":{"self":[{"href":"https:\/\/www.europesays.com\/es\/wp-json\/wp\/v2\/posts\/241854","targetHints":{"allow":["GET"]}}],"collection":[{"href":"https:\/\/www.europesays.com\/es\/wp-json\/wp\/v2\/posts"}],"about":[{"href":"https:\/\/www.europesays.com\/es\/wp-json\/wp\/v2\/types\/post"}],"author":[{"embeddable":true,"href":"https:\/\/www.europesays.com\/es\/wp-json\/wp\/v2\/users\/2"}],"replies":[{"embeddable":true,"href":"https:\/\/www.europesays.com\/es\/wp-json\/wp\/v2\/comments?post=241854"}],"version-history":[{"count":0,"href":"https:\/\/www.europesays.com\/es\/wp-json\/wp\/v2\/posts\/241854\/revisions"}],"wp:featuredmedia":[{"embeddable":true,"href":"https:\/\/www.europesays.com\/es\/wp-json\/wp\/v2\/media\/241709"}],"wp:attachment":[{"href":"https:\/\/www.europesays.com\/es\/wp-json\/wp\/v2\/media?parent=241854"}],"wp:term":[{"taxonomy":"category","embeddable":true,"href":"https:\/\/www.europesays.com\/es\/wp-json\/wp\/v2\/categories?post=241854"},{"taxonomy":"post_tag","embeddable":true,"href":"https:\/\/www.europesays.com\/es\/wp-json\/wp\/v2\/tags?post=241854"}],"curies":[{"name":"wp","href":"https:\/\/api.w.org\/{rel}","templated":true}]}}