{"id":241857,"date":"2025-11-18T01:02:11","date_gmt":"2025-11-18T01:02:11","guid":{"rendered":"https:\/\/www.europesays.com\/es\/241857\/"},"modified":"2025-11-18T01:02:11","modified_gmt":"2025-11-18T01:02:11","slug":"el-gobierno-britanico-endurece-su-politica-de-asilo-e-inmigracion","status":"publish","type":"post","link":"https:\/\/www.europesays.com\/es\/241857\/","title":{"rendered":"El gobierno brit\u00e1nico endurece su pol\u00edtica de asilo e inmigraci\u00f3n"},"content":{"rendered":"<p>    <img src=\"https:\/\/www.europesays.com\/es\/wp-content\/uploads\/2025\/11\/2025-11-17T133A083A44Z-90346740.jpg\" width=\"1024\" height=\"682\" alt=\"\" loading=\"eager\" decoding=\"sync\" fetchpriority=\"high\"\/><\/p>\n<p>            afp_tickers        <\/p>\n<p>        Este contenido fue publicado en    <\/p>\n<p>        17 noviembre 2025 &#8211; 20:33\n<\/p>\n<p>El gobierno laborista brit\u00e1nico present\u00f3 este lunes un plan de reformas para endurecer su pol\u00edtica de asilo e inmigraci\u00f3n y frenar la llegada de personas en peque\u00f1as embarcaciones desde las costas francesas, cuando la extrema derecha encabeza los sondeos de intenci\u00f3n de voto.<\/p>\n<p>Entre las medidas a adoptar, publicadas este lunes, se incluyen la reducci\u00f3n de la protecci\u00f3n a los refugiados, quienes ser\u00e1n \u00abobligados a regresar a su pa\u00eds tan pronto como se considere seguro\u00bb, y la supresi\u00f3n del acceso autom\u00e1tico a las ayudas sociales para los solicitantes de asilo.<\/p>\n<p>Desde el 1 de enero, 39.292 personas llegaron a Reino Unido en peque\u00f1as embarcaciones, m\u00e1s que en todo 2024 (36.816).<\/p>\n<p>Desde 2021 se registraron m\u00e1s de 400.000 solicitudes de asilo, frente a 150.000 entre 2011 y 2015, seg\u00fan cifras oficiales.<\/p>\n<p>\u2013 Ascenso de la extrema derecha \u2013<\/p>\n<p>El partido de extrema derecha, Reform UK, que ha convertido la inmigraci\u00f3n en su principal tema de campa\u00f1a, lidera las encuestas de intenci\u00f3n de voto.<\/p>\n<p>\u00abSi no logramos gestionar esta crisis, arrastraremos a m\u00e1s personas hacia un camino que comienza en ira y termina en odio\u00bb, declar\u00f3 este lunes en el Parlamento la ministra del Interior, Shabana Mahmood.<\/p>\n<p>La ministra critic\u00f3 en su alocuci\u00f3n un sistema percibido como \u00abfuera de control e injusto\u00bb.<\/p>\n<p>Entre las medidas anunciadas, los refugiados deber\u00e1n \u00abregresar a su pa\u00eds tan pronto como se considere seguro\u00bb, por ejemplo en caso de un cambio de r\u00e9gimen en su lugar de origen, y su situaci\u00f3n ser\u00e1 revisada cada 30 meses.<\/p>\n<p>Los demandantes de asilo tendr\u00e1n que esperar veinte a\u00f1os, frente a los cinco actuales, para solicitar la residencia permanente, una medida inspirada en el modelo dan\u00e9s.<\/p>\n<p>En cuanto a las ayudas sociales (vivienda, subsidios econ\u00f3micos), ya no ser\u00e1n autom\u00e1ticas.\u00a0<\/p>\n<p>El gobierno quiere suprimirlas \u00abpara aquellos que tienen derecho a trabajar y pueden mantenerse por s\u00ed mismos\u00bb.<\/p>\n<p>En la actualidad, las autoridades pagan una asignaci\u00f3n semanal y proporcionan alojamiento a los demandantes de asilo.<\/p>\n<p>El costo de los hoteles para alojarlos ha sido muy criticado, especialmente por la extrema derecha.<\/p>\n<p>El gobierno quiere modificar la aplicaci\u00f3n en Reino Unido de la Convenci\u00f3n Europea de Derechos Humanos para facilitar las expulsiones.<\/p>\n<p>De este modo, s\u00f3lo podr\u00e1n permanecer en el pa\u00eds las personas que ya tengan familiares directos en Reino Unido (hijos, padres).<\/p>\n<p>\u00abSi las nuevas propuestas son aceptadas por el Parlamento, es poco probable que tengan un efecto inmediato y directo en los migrantes procedentes de pa\u00edses latinoamericanos\u00bb, analiz\u00f3 el experto en pol\u00edtica brit\u00e1nica y comentarista de medios, Mark Garnett.<\/p>\n<p>\u00abEst\u00e1n destinadas a hacer que Reino Unido parezca un destino mucho menos atractivo para las personas que esperan quedarse aqu\u00ed de forma permanente sin cumplir los requisitos normales, en otras palabras, inmigrantes irregulares, que provienen principalmente de \u00c1frica y Oriente Medio\u00bb, explic\u00f3 Garnett a la AFP.<\/p>\n<p>\u2013 Restricci\u00f3n de visados \u2013<\/p>\n<p>Antes de la publicaci\u00f3n del plan de reformas, el gobierno anunci\u00f3 este lunes que podr\u00eda restringir la concesi\u00f3n de visados a tres pa\u00edses africanos, a los que acusa de no colaborar en la repatriaci\u00f3n de sus ciudadanos en situaci\u00f3n irregular.<\/p>\n<p>El Ministerio del Interior se\u00f1al\u00f3 a Angola, Namibia y la Rep\u00fablica Democr\u00e1tica del Congo, indicando que considera \u00abinaceptable\u00bb su escasa cooperaci\u00f3n en materia de expulsiones.<\/p>\n<p>Los tres pa\u00edses africanos \u00abtienen un mes\u00bb para mejorar la situaci\u00f3n, advirti\u00f3 el gobierno.<\/p>\n<p>Para respaldar la posible medida, el Ministerio de Interior sostiene que \u00abmiles de migrantes en situaci\u00f3n irregular originarios de estos tres pa\u00edses se encuentran actualmente en Reino Unido\u00bb.<\/p>\n<p>Nigel Farage, l\u00edder de Reform UK, celebr\u00f3 los anuncios del gobierno laborista, diciendo que la ministra de Interior \u00abparece una simpatizante\u00bb de su partido.<\/p>\n<p>En cambio, la diputada laborista Stella Creasy calific\u00f3 las medidas como \u00abcrueles\u00bb y \u00abmal calculadas\u00bb desde el punto de vista econ\u00f3mico, en declaraciones al diario The Guardian.<\/p>\n<p>bur-psr\/pc\/an<\/p>\n","protected":false},"excerpt":{"rendered":"afp_tickers Este contenido fue publicado en 17 noviembre 2025 &#8211; 20:33 El gobierno laborista brit\u00e1nico present\u00f3 este lunes&hellip;\n","protected":false},"author":2,"featured_media":241858,"comment_status":"","ping_status":"","sticky":false,"template":"","format":"standard","meta":{"footnotes":""},"categories":[42],"tags":[17,18,83,13,14,4437,11,61,62,63,86,64,19,20,14039,9,10,15,16,88,90,12,21,22,65,66,67],"class_list":{"0":"post-241857","1":"post","2":"type-post","3":"status-publish","4":"format-standard","5":"has-post-thumbnail","7":"category-internacional","8":"tag-breaking-news","9":"tag-breakingnews","10":"tag-diplomacy","11":"tag-featured-news","12":"tag-featurednews","13":"tag-government","14":"tag-headlines","15":"tag-internacional","16":"tag-international","17":"tag-international-news","18":"tag-international-relations","19":"tag-internationalnews","20":"tag-latest-news","21":"tag-latestnews","22":"tag-migration","23":"tag-news","24":"tag-noticias","25":"tag-noticias-destacadas","26":"tag-noticiasdestacadas","27":"tag-politics","28":"tag-ticker","29":"tag-titulares","30":"tag-ultimas-noticias","31":"tag-ultimasnoticias","32":"tag-world","33":"tag-world-news","34":"tag-worldnews"},"share_on_mastodon":{"url":"https:\/\/pubeurope.com\/@es\/115568007477443335","error":""},"_links":{"self":[{"href":"https:\/\/www.europesays.com\/es\/wp-json\/wp\/v2\/posts\/241857","targetHints":{"allow":["GET"]}}],"collection":[{"href":"https:\/\/www.europesays.com\/es\/wp-json\/wp\/v2\/posts"}],"about":[{"href":"https:\/\/www.europesays.com\/es\/wp-json\/wp\/v2\/types\/post"}],"author":[{"embeddable":true,"href":"https:\/\/www.europesays.com\/es\/wp-json\/wp\/v2\/users\/2"}],"replies":[{"embeddable":true,"href":"https:\/\/www.europesays.com\/es\/wp-json\/wp\/v2\/comments?post=241857"}],"version-history":[{"count":0,"href":"https:\/\/www.europesays.com\/es\/wp-json\/wp\/v2\/posts\/241857\/revisions"}],"wp:featuredmedia":[{"embeddable":true,"href":"https:\/\/www.europesays.com\/es\/wp-json\/wp\/v2\/media\/241858"}],"wp:attachment":[{"href":"https:\/\/www.europesays.com\/es\/wp-json\/wp\/v2\/media?parent=241857"}],"wp:term":[{"taxonomy":"category","embeddable":true,"href":"https:\/\/www.europesays.com\/es\/wp-json\/wp\/v2\/categories?post=241857"},{"taxonomy":"post_tag","embeddable":true,"href":"https:\/\/www.europesays.com\/es\/wp-json\/wp\/v2\/tags?post=241857"}],"curies":[{"name":"wp","href":"https:\/\/api.w.org\/{rel}","templated":true}]}}