{"id":241861,"date":"2025-11-18T01:04:08","date_gmt":"2025-11-18T01:04:08","guid":{"rendered":"https:\/\/www.europesays.com\/es\/241861\/"},"modified":"2025-11-18T01:04:08","modified_gmt":"2025-11-18T01:04:08","slug":"leon-xiv-a-las-iglesias-del-sur-global-en-la-cop30-somos-guardianes-de-la-creacion","status":"publish","type":"post","link":"https:\/\/www.europesays.com\/es\/241861\/","title":{"rendered":"Le\u00f3n XIV a las Iglesias del Sur Global en la COP30: \u201cSomos guardianes de la creaci\u00f3n\u201d"},"content":{"rendered":"<p>En un video mensaje el Pont\u00edfice a los representes de las Iglesias del Sur Global reunidas en Bel\u00e9m con motivo de la COP 30, les exhorta \u201ca actuar con rapidez, fe y profec\u00eda\u201d para proteger la casa com\u00fan, \u201cen firme solidaridad con el Acuerdo de Par\u00eds\u201d.  <\/p>\n<p>Johan Pacheco \u2013 Ciudad del Vaticano<\/p>\n<p>El Papa Le\u00f3n XIV env\u00edo un video mensaje a las Iglesias particulares del Sur Global, reunidas en Bel\u00e9m (Brasil) que durante el desarrollo de la <a href=\"https:\/\/www.vaticannews.va\/es\/taglist.cultura-e-societa.Attualita.--COP30.html\" target=\"_blank\" rel=\"nofollow noopener\">COP 30<\/a> han alzado su voz en resguardo de la Amazonia y del cuidado de la casa com\u00fan. Les exhorta a enviar un mensaje claro \u201cunidas en firme solidaridad con el Acuerdo de Par\u00eds y la cooperaci\u00f3n clim\u00e1tica\u201d.<\/p>\n<p>\u201cSaludo a las Iglesias particulares del Sur Global reunidas en el Museo Amaz\u00f3nico de Bel\u00e9m, acompa\u00f1ando la voz prof\u00e9tica de mis hermanos Cardenales en la COP 30, diciendo al mundo con palabras y gestos que el Amazonas sigue siendo un s\u00edmbolo vivo de la creaci\u00f3n con una urgente necesidad de cuidado\u201d, dice el Papa su mensaje.<\/p>\n<p>El Pont\u00edfice resalta los esfuerzos para trabajar en conjunto, \u201custedes eligieron la esperanza y la acci\u00f3n en lugar de la desesperaci\u00f3n, construyendo una comunidad global\u201d.<\/p>\n<p>Y advirti\u00f3 sobre los clamores de la creaci\u00f3n que afecta directamente a las personas: \u201cen inundaciones, sequ\u00edas, tormentas y un calor implacable. Una de cada tres personas vive en gran vulnerabilidad debido a estos cambios. Para ellos, el cambio clim\u00e1tico no es una amenaza distante. Ignorar a estas personas es negar nuestra humanidad compartida\u201d.<\/p>\n<p>Se\u00f1ala el Pont\u00edfice que \u201ca\u00fan hay tiempo para mantener el aumento de la temperatura global por debajo de 1,5 \u00b0C, pero la ventana se est\u00e1 cerrando. Como custodios de la creaci\u00f3n de Dios, estamos llamados a actuar con rapidez, fe y profec\u00eda para proteger el don que \u00c9l nos confi\u00f3\u201d.<\/p>\n<p>Le\u00f3n XIV reconoce el \u201cprogreso real\u201d que ha impulsado el Acuerdo de Par\u00eds, pero lamenta las faltas de repuestas y fallas \u201cen la voluntad pol\u00edtica\u201d. Indica que \u201cel verdadero liderazgo implica servicio y apoyo a una escala que pueda hacer de verdad la diferencia. Acciones clim\u00e1ticas m\u00e1s contundentes crear\u00e1n sistemas econ\u00f3micos m\u00e1s s\u00f3lidos y justos. Medidas pol\u00edticas y clim\u00e1ticas firmes constituyen una inversi\u00f3n en un mundo m\u00e1s justo y estable\u201d.<\/p>\n<p>Invita tambi\u00e9n a caminar junto \u201ca cient\u00edficos, l\u00edderes y pastores de todas las naciones y credos. Somos guardianes de la creaci\u00f3n-dice el Papa-, no rivales por sus bienes. Enviemos juntos un mensaje global claro: las naciones permanecen unidas en firme solidaridad con el Acuerdo de Par\u00eds y la cooperaci\u00f3n clim\u00e1tica\u201d.<\/p>\n<p>\u201cQue este Museo Amaz\u00f3nico sea recordado como el espacio donde la humanidad eligi\u00f3 la cooperaci\u00f3n sobre la divisi\u00f3n y la negaci\u00f3n\u201d, dijo el Pont\u00edfice impartiendo finalmente la bendici\u00f3n.<\/p>\n","protected":false},"excerpt":{"rendered":"En un video mensaje el Pont\u00edfice a los representes de las Iglesias del Sur Global reunidas en Bel\u00e9m&hellip;\n","protected":false},"author":2,"featured_media":241862,"comment_status":"","ping_status":"","sticky":false,"template":"","format":"standard","meta":{"footnotes":""},"categories":[5],"tags":[18067,3216,17,18,1295,40605,25,24,13,14,11,19,20,9,10,15,16,400,23,12,21,22,62218],"class_list":{"0":"post-241861","1":"post","2":"type-post","3":"status-publish","4":"format-standard","5":"has-post-thumbnail","7":"category-titulares","8":"tag-amazonia","9":"tag-brasil","10":"tag-breaking-news","11":"tag-breakingnews","12":"tag-cambio-climatico","13":"tag-cop30","14":"tag-es","15":"tag-espana","16":"tag-featured-news","17":"tag-featurednews","18":"tag-headlines","19":"tag-latest-news","20":"tag-latestnews","21":"tag-news","22":"tag-noticias","23":"tag-noticias-destacadas","24":"tag-noticiasdestacadas","25":"tag-papa-leon-xiv","26":"tag-spain","27":"tag-titulares","28":"tag-ultimas-noticias","29":"tag-ultimasnoticias","30":"tag-video-mensaje"},"share_on_mastodon":{"url":"https:\/\/pubeurope.com\/@es\/115568014971832912","error":""},"_links":{"self":[{"href":"https:\/\/www.europesays.com\/es\/wp-json\/wp\/v2\/posts\/241861","targetHints":{"allow":["GET"]}}],"collection":[{"href":"https:\/\/www.europesays.com\/es\/wp-json\/wp\/v2\/posts"}],"about":[{"href":"https:\/\/www.europesays.com\/es\/wp-json\/wp\/v2\/types\/post"}],"author":[{"embeddable":true,"href":"https:\/\/www.europesays.com\/es\/wp-json\/wp\/v2\/users\/2"}],"replies":[{"embeddable":true,"href":"https:\/\/www.europesays.com\/es\/wp-json\/wp\/v2\/comments?post=241861"}],"version-history":[{"count":0,"href":"https:\/\/www.europesays.com\/es\/wp-json\/wp\/v2\/posts\/241861\/revisions"}],"wp:featuredmedia":[{"embeddable":true,"href":"https:\/\/www.europesays.com\/es\/wp-json\/wp\/v2\/media\/241862"}],"wp:attachment":[{"href":"https:\/\/www.europesays.com\/es\/wp-json\/wp\/v2\/media?parent=241861"}],"wp:term":[{"taxonomy":"category","embeddable":true,"href":"https:\/\/www.europesays.com\/es\/wp-json\/wp\/v2\/categories?post=241861"},{"taxonomy":"post_tag","embeddable":true,"href":"https:\/\/www.europesays.com\/es\/wp-json\/wp\/v2\/tags?post=241861"}],"curies":[{"name":"wp","href":"https:\/\/api.w.org\/{rel}","templated":true}]}}