{"id":241865,"date":"2025-11-18T01:09:09","date_gmt":"2025-11-18T01:09:09","guid":{"rendered":"https:\/\/www.europesays.com\/es\/241865\/"},"modified":"2025-11-18T01:09:09","modified_gmt":"2025-11-18T01:09:09","slug":"lucca-hijo-del-exfutbolista-del-real-madrid-ivan-helguera-inicia-un-triunfal-camino-a-la-elite-del-tenis","status":"publish","type":"post","link":"https:\/\/www.europesays.com\/es\/241865\/","title":{"rendered":"Lucca, hijo del exfutbolista del Real Madrid Iv\u00e1n Helguera, inicia un triunfal camino a la \u00e9lite del tenis"},"content":{"rendered":"<p class=\"c-paragraph\"><b>Lucca Helguera<\/b>, hijo del exfutbolista del Real Madrid <b><a href=\"https:\/\/www.20minutos.es\/tags\/deportes\/ivan-helguera.html\" title=\"Ivan Helguera\" rel=\"nofollow noopener\" target=\"_blank\">Iv\u00e1n Helguera<\/a><\/b>, no ha querido seguir los pasos de su padre. El joven de 19 a\u00f1os apost\u00f3 por el tenis y, ahora, han empezado a llegar los primeros frutos en forma de triunfos.<\/p>\n<p class=\"c-paragraph\">En concreto, el tenista ahora afincado en Valencia conquist\u00f3 el pasado fin de semana su primer t\u00edtulo profesional \u00a0tras vencer en el cuadro de dobles del\u00a0<b><b>ITF M15 de Las Palmas de Gran Canaria<\/b><\/b>\u00a0junto al venezolano Ignacio Parisca.\u00a0<\/p>\n<p class=\"c-paragraph\">Tal y como apunta una informaci\u00f3n publicada por la Federaci\u00f3n Madrile\u00f1a de Tenis (FMT), el joven Helguera cay\u00f3 en la primera ronda del cuadro individual frente al italiano Juan Cruz Mart\u00edn Manzano, segundo cabeza de serie, <b>por un ajustado 6-4 y 7-6(4)<\/b>. Sin embargo, supo resarcirse en el cuadro de las parejas.<\/p>\n<p class=\"c-paragraph\">Es curiosa la coincidencia de que el t\u00edtulo se d\u00e9 en Gran Canaria, una isla con la que la familia Helguera guarda una especial relaci\u00f3n. Y es que Luis Helguera, hermano de Iv\u00e1n y tambi\u00e9n exfutbolista, fue secretario t\u00e9cnico de la UD Las Palmas durante un tiempo, y la visita de los dos j\u00f3venes a la isla para<b> disputar torneos y pasar las vacaciones jugando a tenis eran habituales.\u00a0<\/b><\/p>\n<p class=\"c-paragraph\">De hecho, en una antigua entrevista ofrecida en 2019 a La Provincia con ocasi\u00f3n de un torneo celebrado en el municipio de Telde, Iv\u00e1n Helguera habl\u00f3 largo y tendido sobre el desempe\u00f1o de sus hijos (Lucca y Enzo, el peque\u00f1o): \u00abLes gust\u00f3 m\u00e1s el tenis. Empezaron a practicarlo en el colegio y les agrad\u00f3.<b> Tambi\u00e9n practicaron f\u00fatbol, pero no les hac\u00eda gracia el tema de los contactos.<\/b> Cada uno hace lo que quiere; mientras hagan deporte, yo encantado\u00bb, valor\u00f3 entonces.\u00a0<\/p>\n<p class=\"c-paragraph\">\u00abEllos quieren competir y lo hacen bien, pero yo lo \u00fanico que quiero es que hagan deporte. A todos nos gusta ganar, y que tus hijos sean unos fen\u00f3menos y puedan llegar arriba, <b>pero en el tenis es muy complicado<\/b>\u00ab, apunt\u00f3 tambi\u00e9n en aquella ocasi\u00f3n, palabras que ahora quedan rotas tras ese primer triunfo profesional.<\/p>\n","protected":false},"excerpt":{"rendered":"Lucca Helguera, hijo del exfutbolista del Real Madrid Iv\u00e1n Helguera, no ha querido seguir los pasos de su&hellip;\n","protected":false},"author":2,"featured_media":241866,"comment_status":"","ping_status":"","sticky":false,"template":"","format":"standard","meta":{"footnotes":""},"categories":[274],"tags":[168,25,24,46315,30,62219,205,798,23,167,327,326],"class_list":{"0":"post-241865","1":"post","2":"type-post","3":"status-publish","4":"format-standard","5":"has-post-thumbnail","7":"category-tenis","8":"tag-deportes","9":"tag-es","10":"tag-espana","11":"tag-exfutbolista","12":"tag-hijo","13":"tag-lucca","14":"tag-madrid","15":"tag-real","16":"tag-spain","17":"tag-sports","18":"tag-tenis","19":"tag-tennis"},"share_on_mastodon":{"url":"https:\/\/pubeurope.com\/@es\/115568034650848656","error":""},"_links":{"self":[{"href":"https:\/\/www.europesays.com\/es\/wp-json\/wp\/v2\/posts\/241865","targetHints":{"allow":["GET"]}}],"collection":[{"href":"https:\/\/www.europesays.com\/es\/wp-json\/wp\/v2\/posts"}],"about":[{"href":"https:\/\/www.europesays.com\/es\/wp-json\/wp\/v2\/types\/post"}],"author":[{"embeddable":true,"href":"https:\/\/www.europesays.com\/es\/wp-json\/wp\/v2\/users\/2"}],"replies":[{"embeddable":true,"href":"https:\/\/www.europesays.com\/es\/wp-json\/wp\/v2\/comments?post=241865"}],"version-history":[{"count":0,"href":"https:\/\/www.europesays.com\/es\/wp-json\/wp\/v2\/posts\/241865\/revisions"}],"wp:featuredmedia":[{"embeddable":true,"href":"https:\/\/www.europesays.com\/es\/wp-json\/wp\/v2\/media\/241866"}],"wp:attachment":[{"href":"https:\/\/www.europesays.com\/es\/wp-json\/wp\/v2\/media?parent=241865"}],"wp:term":[{"taxonomy":"category","embeddable":true,"href":"https:\/\/www.europesays.com\/es\/wp-json\/wp\/v2\/categories?post=241865"},{"taxonomy":"post_tag","embeddable":true,"href":"https:\/\/www.europesays.com\/es\/wp-json\/wp\/v2\/tags?post=241865"}],"curies":[{"name":"wp","href":"https:\/\/api.w.org\/{rel}","templated":true}]}}