{"id":241869,"date":"2025-11-18T01:13:11","date_gmt":"2025-11-18T01:13:11","guid":{"rendered":"https:\/\/www.europesays.com\/es\/241869\/"},"modified":"2025-11-18T01:13:11","modified_gmt":"2025-11-18T01:13:11","slug":"el-betis-clama-por-antony-como-olvidado-candidato-al-premio-puskas-parecidos-razonables-con-el-golazo-de-lamine-yamal","status":"publish","type":"post","link":"https:\/\/www.europesays.com\/es\/241869\/","title":{"rendered":"El Betis clama por Antony como olvidado candidato al Premio Puskas: parecidos razonables con el golazo de Lamine Yamal"},"content":{"rendered":"<p class=\"parrafo\">La comparaci\u00f3n estaba servida desde que el pasado jueves, 13 de noviembre, la FIFA hizo p\u00fablico los nombres de los 11 jugadores nominados a mejor gol del a\u00f1o que concede el Premio Puskas. Entre ese selecto grupo de candidatos se encuentra un representante de LaLiga EA Sports como es <strong>Lamine Yamal<\/strong>. La jovenc\u00edsima estrella del FC Barcelona ha sido seleccionado por un golazo que le meti\u00f3 al RCD Espanyol en Cornell\u00e0, un tanto muy similar al que anot\u00f3 <strong>Antony Matheus dos Santos<\/strong> para darle la victoria al Real Betis en el \u00faltimo segundo de un encuentro <strong>ante el mismo rival, en el mismo estadio, al mismo portero (Joan Garc\u00eda) y con el bal\u00f3n entrando incluso por la misma escuadra de la misma porter\u00eda<\/strong>. <\/p>\n<p><a class=\"elementos-rel-t2\" href=\"https:\/\/www.estadiodeportivo.com\/futbol\/barcelona\/lamine-yamal-entre-los-once-candidatos-premio-puskas-por-obra-arte-cornella-20251113-520229.html\" title=\"Lamine Yamal, entre los once candidatos al Premio Puskas por su obra de arte en Cornell\u00e0\" rel=\"nofollow noopener\" target=\"_blank\">Lamine Yamal, entre los once candidatos al Premio Puskas por su obra de arte en Cornell\u00e0<img decoding=\"async\" src=\"https:\/\/www.europesays.com\/es\/wp-content\/uploads\/2025\/11\/dd2fb793-7e63-4995-976e-fda49ed4d582_320x180.jpeg\" alt=\"Lamine Yamal, entre los once candidatos al Premio Puskas por su obra de arte en Cornell\u00e0\"\/><\/a><a class=\"elementos-rel-t2\" href=\"https:\/\/www.estadiodeportivo.com\/futbol\/betis\/antony-solo-marca-golazos-por-eso-estoy-feliz-20250504-493367.html\" title=\"Antony solo marca golazos: &quot;Por eso estoy feliz&quot;\" rel=\"nofollow noopener\" target=\"_blank\">Antony solo marca golazos: \u00abPor eso estoy feliz\u00bb<img decoding=\"async\" src=\"https:\/\/www.europesays.com\/es\/wp-content\/uploads\/2025\/11\/e221c28c-8eeb-4580-8ca7-3eee4919342c_320x180.jpeg\" alt=\"Antony solo marca golazos: &quot;Por eso estoy feliz&quot;\"\/><\/a><a class=\"elementos-rel-t2\" href=\"https:\/\/www.estadiodeportivo.com\/futbol\/betis\/suerte-asi-entrena-antony-sus-bombas-inteligentes-disparos-marca-casa-con-una-formula-mejorada-betis-20251103-518919.html\" title=\"\u00bfSuerte? As\u00ed entrena Antony sus &#039;bombas inteligentes&#039;: disparos marca de la casa con f\u00f3rmula mejorada en el Betis \" rel=\"nofollow noopener\" target=\"_blank\">\u00bfSuerte? As\u00ed entrena Antony sus &#8216;bombas inteligentes&#8217;: disparos marca de la casa con f\u00f3rmula mejorada en el Betis <img decoding=\"async\" src=\"https:\/\/www.europesays.com\/es\/wp-content\/uploads\/2025\/11\/588deda5-275c-40c7-8ccc-8343796b2105_320x180.jpeg\" alt=\"\u00bfSuerte? As\u00ed entrena Antony sus 'bombas inteligentes': disparos marca de la casa con f\u00f3rmula mejorada en el Betis \"\/><\/a>Los golazos de Lamine Yamal y Antony al Espanyol, casi id\u00e9nticos: \u00abEspera un momento\u00bb<\/p>\n<p class=\"parrafo\">En el hervidero de las redes sociales lleva d\u00edas activo el debate de qu\u00e9 tiene el golazo de Lamine que no tenga el de Antony. Para gustos, colores. Habr\u00e1 quien prefiera <strong>el autopase largo y la potencia del letal disparo del atacante cul\u00e9<\/strong>. Otros en cambio le ver\u00e1n m\u00e1s belleza al <strong>recorte en seco y al inveros\u00edmil golpeo con rosca del &#8216;7&#8217; verdiblanco directa al \u00e1ngulo<\/strong>. El Real Betis, siempre activo en este tipo de foros, ha servido en bandeja la comparaci\u00f3n de ambas dianas con jocoso \u00abEspera un momento\u00bb y el v\u00eddeo con ambos tantos. <\/p>\n<p class=\"parrafo\">El de Lamine Yamal fue el primero anotado por el Bar\u00e7a en el derbi barcelon\u00e9s ante el Espanyol, en el minuto 52 de un encuentro disputado el pasado <strong>15 de mayo<\/strong> que <a href=\"https:\/\/www.estadiodeportivo.com\/futbol\/primera-division\/espanyol-barcelona-barca-conquista-liga-20250515-495038.html\" target=\"_blank\" class=\"intext-link\" rel=\"nofollow noopener\">acab\u00f3 con 0-2 a favor del equipo azulgrana<\/a>, que con ese triunfo sentenciado por Ferm\u00edn en el el 90+5&#8242; conquistaba matem\u00e1ticamente el t\u00edtulo de Liga. El de Antony, s\u00f3lo 11 d\u00edas antes, <a href=\"https:\/\/www.estadiodeportivo.com\/futbol\/primera-division\/espanyol-betis-dos-obras-arte-para-renunciar-nada-20250504-493342.html\" target=\"_blank\" class=\"intext-link\" rel=\"nofollow noopener\">puso en el 90+1&#8242; el definitivo 1-2<\/a> para un Betis que hab\u00eda empatado en el 85&#8242; con otro golazo, de Gio Lo Celso, un competido duelo en el que los locales ganaban desde el 28&#8242; con una diana de Roberto Fern\u00e1ndez.    <\/p>\n<p>La lista de 11 nominados al Premio Puskas de la FIFA: con Lamine Yamal pero sin Antony <\/p>\n<p class=\"parrafo\">El Premio Puskas y el Premio Marta reconocen a los mejores goles marcados en el f\u00fatbol masculino y femenino entre el 11 de agosto de 2024 y el 2 de agosto de 2025. Los ganadores ser\u00e1n elegidos tanto por los votos de los aficionados como por las calificaciones de un grupo de expertos FIFA Legends con el mismo peso en la decisi\u00f3n. La votaci\u00f3n est\u00e1 abierta desde el pasado jueves en el portal web de la FIFA y finalizar\u00e1 el pr\u00f3ximo 3 de diciembre. <\/p>\n<p><img decoding=\"async\" src=\"https:\/\/www.europesays.com\/es\/wp-content\/uploads\/2025\/11\/7133540a-8604-41ad-bf59-7df5862c85f0_680x680.png\" loading=\"lazy\"\/><\/p>\n<p class=\"parrafo\">La internacional espa\u00f1ola <strong>Mariona Caldentey<\/strong> est\u00e1 entre las candidatas por el tanto que hizo con el Arsenal en el partido de vuelta de las semifinales de la Liga de Campeones femenina jugado el 27 de abril en el campo del Olympique de Lyon franc\u00e9s (1-4); mientras que <strong>la propia Marta Vieira<\/strong> se encuentra tambi\u00e9n entre las que optan al galard\u00f3n que lleva su nombre por un tanto para Orlando Pride contra Kansas City Current del 22 de marzo en la liga femenina estadounidense. <strong>Los nominados para el premio masculino, con el b\u00e9tico Antony como gran olvidado, son<\/strong>:<\/p>\n<ul class=\"lista-cuerpo\">\n<li><strong>Alerrandro<\/strong> | Vit\u00f3ria-Cruzeiro 19 de agosto de 2024<\/li>\n<li><strong>Alessandro Deiola<\/strong> | Cagliari-Venezia | 18 de mayo de 2025<\/li>\n<li><strong>Pedro de la Vega<\/strong> | Cruz Azul-Seattle Sounders | 31 de julio de 2025<\/li>\n<li><strong>Santiago Montiel<\/strong> | Independiente-Independiente Rivadavia | 11 de mayo de 2025<\/li>\n<li><strong>Amr Nasser<\/strong> | Al Ahly-Pharco | 17 de abril de 2025<\/li>\n<li><strong>Carlos Orrant\u00eda<\/strong> | Quer\u00e9taro-Atlas | 16 de abril de 2025<\/li>\n<li><strong>Lucas Ribeiro<\/strong> | Mamelodi Sundowns-Borussia Dortmund | 21 de junio de 2025<\/li>\n<li><strong>Declan Rice<\/strong> | Arsenal-Real Madrid | 8 de abril de 2025<\/li>\n<li><strong>Rizky Ridho<\/strong> | Persija Jakarta-Arema | 9 de marzo de 2025<\/li>\n<li><strong>K\u00e9vin Rodrigues<\/strong> | Kas\u0131mpa\u015fa-Rizespor | 9 de febrero de 2025<\/li>\n<li><strong>Lamine Yamal<\/strong> | Espanyol-Barcelona | 15 de mayo de 2025 <\/li>\n<\/ul>\n","protected":false},"excerpt":{"rendered":"La comparaci\u00f3n estaba servida desde que el pasado jueves, 13 de noviembre, la FIFA hizo p\u00fablico los nombres&hellip;\n","protected":false},"author":2,"featured_media":241870,"comment_status":"","ping_status":"","sticky":false,"template":"","format":"standard","meta":{"footnotes":""},"categories":[268],"tags":[168,25,24,284,280,282,8138,62220,286,281,23,167],"class_list":{"0":"post-241869","1":"post","2":"type-post","3":"status-publish","4":"format-standard","5":"has-post-thumbnail","7":"category-futbol","8":"tag-deportes","9":"tag-es","10":"tag-espana","11":"tag-estadio-deportivo","12":"tag-football","13":"tag-futbol","14":"tag-lamine-yamal","15":"tag-puskas","16":"tag-real-betis-balompie","17":"tag-soccer","18":"tag-spain","19":"tag-sports"},"share_on_mastodon":{"url":"https:\/\/pubeurope.com\/@es\/115568050983802097","error":""},"_links":{"self":[{"href":"https:\/\/www.europesays.com\/es\/wp-json\/wp\/v2\/posts\/241869","targetHints":{"allow":["GET"]}}],"collection":[{"href":"https:\/\/www.europesays.com\/es\/wp-json\/wp\/v2\/posts"}],"about":[{"href":"https:\/\/www.europesays.com\/es\/wp-json\/wp\/v2\/types\/post"}],"author":[{"embeddable":true,"href":"https:\/\/www.europesays.com\/es\/wp-json\/wp\/v2\/users\/2"}],"replies":[{"embeddable":true,"href":"https:\/\/www.europesays.com\/es\/wp-json\/wp\/v2\/comments?post=241869"}],"version-history":[{"count":0,"href":"https:\/\/www.europesays.com\/es\/wp-json\/wp\/v2\/posts\/241869\/revisions"}],"wp:featuredmedia":[{"embeddable":true,"href":"https:\/\/www.europesays.com\/es\/wp-json\/wp\/v2\/media\/241870"}],"wp:attachment":[{"href":"https:\/\/www.europesays.com\/es\/wp-json\/wp\/v2\/media?parent=241869"}],"wp:term":[{"taxonomy":"category","embeddable":true,"href":"https:\/\/www.europesays.com\/es\/wp-json\/wp\/v2\/categories?post=241869"},{"taxonomy":"post_tag","embeddable":true,"href":"https:\/\/www.europesays.com\/es\/wp-json\/wp\/v2\/tags?post=241869"}],"curies":[{"name":"wp","href":"https:\/\/api.w.org\/{rel}","templated":true}]}}