{"id":241871,"date":"2025-11-18T01:14:12","date_gmt":"2025-11-18T01:14:12","guid":{"rendered":"https:\/\/www.europesays.com\/es\/241871\/"},"modified":"2025-11-18T01:14:12","modified_gmt":"2025-11-18T01:14:12","slug":"rosalia-sorprende-con-un-vestido-inspirado-en-su-boda-cancelada-con-rauw-aljandro","status":"publish","type":"post","link":"https:\/\/www.europesays.com\/es\/241871\/","title":{"rendered":"Rosal\u00eda sorprende con un vestido inspirado en su boda cancelada con Rauw Aljandro"},"content":{"rendered":"<p data-start=\"247\" data-end=\"1025\">El lanzamiento de Lux, el cuarto \u00e1lbum de <strong>Rosal\u00eda<\/strong>, ha convertido a la cantante catalana en un aut\u00e9ntico fen\u00f3meno global. Desde el primer d\u00eda, canciones como Berghain <a href=\"https:\/\/okdiario.com\/look\/actualidad\/amaia-primera-persona-que-hablo-rosalia-television-fue-2017-durante-ot-2424793\" rel=\"nofollow noopener\" target=\"_blank\">han sido analizadas tanto por cr\u00edticos musicales como por fans<\/a>, mientras que en redes sociales se multiplican teor\u00edas, memes y debates sobre cada detalle del disco. Sin embargo, uno de los temas que m\u00e1s ha captado la atenci\u00f3n es La Perla, un dardo l\u00edrico dirigido a un expareja, que muchos asocian con Rauw Alejandro, con quien Rosal\u00eda mantuvo una relaci\u00f3n muy medi\u00e1tica. La canci\u00f3n, directa y desafiante, ha logrado convertirse en uno de los himnos de la Generaci\u00f3n Z, y ha sido comparada con cl\u00e1sicos irreverentes como Rata de Dos Patas de Paquita la del Barrio, por su tono confrontativo y empoderado.<\/p>\n<p data-start=\"1027\" data-end=\"1767\">Si Motomami fue la puerta de Rosal\u00eda al mercado internacional, Lux la ha asentado como una de las artistas m\u00e1s importantes del momento, situ\u00e1ndola junto a figuras como <a href=\"https:\/\/okdiario.com\/look\/estilo\/anillos-compromiso-xl-georgina-taylor-significado-2372583\" rel=\"nofollow noopener\" target=\"_blank\">Taylor Swift<\/a>, <strong>Billie Eilish<\/strong> y <strong>Lady Gaga<\/strong>. La expectaci\u00f3n en torno a la cantante es tal que cada aparici\u00f3n televisiva se convierte en un evento. Tras su paso por La Revuelta, Rosal\u00eda vol\u00f3 a Estados Unidos para participar en The Tonight Show de Jimmy Fallon, donde ofreci\u00f3 una entrevista y una actuaci\u00f3n que fusion\u00f3 talento vocal, teatralidad y un magnetismo que atrap\u00f3 al p\u00fablico desde el primer minuto. Fallon no dud\u00f3 en expresar la admiraci\u00f3n de su audiencia: \u00abTe aman, te amamos\u00bb, le dijo al inicio, y Rosal\u00eda demostr\u00f3 con su presencia que no era una exageraci\u00f3n.<\/p>\n<p>\n<img decoding=\"async\" loading=\"lazy\" class=\"size-full wp-image-2427736\" alt=\"Rosal\u00eda por las calles de Madrid. (Foto: Gtres)\" width=\"1707\" height=\"2560\"  src=\"https:\/\/www.europesays.com\/es\/wp-content\/uploads\/2025\/10\/placeholder.jpg\"  bad-src=\"https:\/\/www.europesays.com\/es\/wp-content\/uploads\/2025\/10\/placeholder.jpg\"\/><\/p>\n<p><img decoding=\"async\" loading=\"lazy\" class=\"size-full wp-image-2427736\" src=\"https:\/\/www.europesays.com\/es\/wp-content\/uploads\/2025\/11\/u594475_044-1-scaled.jpg\" alt=\"Rosal\u00eda por las calles de Madrid. (Foto: Gtres)\" width=\"1707\" height=\"2560\"  \/><\/p>\n<p> Rosal\u00eda por las calles de Madrid. (Foto: Gtres)\n<\/p>\n<p data-start=\"1769\" data-end=\"2604\">Uno de los momentos m\u00e1s comentados de su presentaci\u00f3n fue la interpretaci\u00f3n de La Perla. Para esta actuaci\u00f3n, <strong>Rosal\u00eda escogi\u00f3 un vestido de Vivienne Westwood en tono marfil<\/strong>, con silueta corsetera, drapeado, microfalda globo asim\u00e9trica y una voluminosa cola de tul. Este dise\u00f1o no era casual: <a href=\"https:\/\/okdiario.com\/look\/actualidad\/solidario-gesto-rauw-alejandro-visita-valley-state-prison-2277857\" rel=\"nofollow noopener\" target=\"_blank\">la marca brit\u00e1nica hab\u00eda sido su elecci\u00f3n para la boda que nunca lleg\u00f3 a celebrarse con Rauw Alejandro.<\/a> La puesta en escena incluy\u00f3 un torre de colchones que simulaba una tarta nupcial, desde la que Rosal\u00eda descendi\u00f3 acompa\u00f1ada por sus bailarines, tom\u00f3 una perla gigante y la rompi\u00f3 contra el suelo, simbolizando la ruptura y la fuerza personal frente al desamor. La combinaci\u00f3n de estilismo, simbolismo y teatralidad dej\u00f3 claro que, m\u00e1s all\u00e1 de la m\u00fasica, la artista sabe contar historias visuales que refuerzan el mensaje de sus canciones.<\/p>\n<p data-start=\"2606\" data-end=\"3160\">Durante la entrevista con Fallon, <strong>Rosal\u00eda explic\u00f3 que Lux es su primer trabajo inspirado en la m\u00fasica cl\u00e1sica<\/strong>, un proyecto que le llev\u00f3 tres a\u00f1os completar. Confes\u00f3 que, aunque en el estudio trabaja con seguridad, siempre siente nervios al compartir su m\u00fasica con el p\u00fablico. Tambi\u00e9n habl\u00f3 de su participaci\u00f3n en la pr\u00f3xima temporada de Euphoria, donde interpretar\u00e1 a un nuevo personaje, y ense\u00f1\u00f3 patrones de palmas flamencas, invitando al presentador y a la audiencia a replicarlos, mostrando la riqueza y belleza de esta tradici\u00f3n musical espa\u00f1ola.<\/p>\n<blockquote class=\"instagram-media\" style=\"background: #FFF; border: 0; border-radius: 3px; box-shadow: 0 0 1px 0 rgba(0,0,0,0.5),0 1px 10px 0 rgba(0,0,0,0.15); margin: 1px; max-width: 540px; min-width: 326px; padding: 0; width: calc(100% - 2px);\" data-instgrm-captioned=\"\" data-instgrm-permalink=\"https:\/\/www.instagram.com\/reel\/DRJXYr1DvR6\/?utm_source=ig_embed&amp;utm_campaign=loading\" data-instgrm-version=\"14\">\n<\/blockquote>\n<p data-start=\"3162\" data-end=\"3860\">Desde su lanzamiento, Lux ha batido r\u00e9cords internacionales en Spotify y Apple Music, superando las cifras de reproducci\u00f3n de sus discos anteriores y posicion\u00e1ndose entre los m\u00e1s vendidos en Espa\u00f1a y Latinoam\u00e9rica durante su primera semana. Sus sencillos han alcanzado posiciones destacadas en charts globales, consolidando a Rosal\u00eda como una artista capaz de combinar innovaci\u00f3n musical, poder esc\u00e9nico y un magnetismo personal que trasciende fronteras. Entre el simbolismo de su vestuario, las letras de ruptura y su proyecci\u00f3n internacional, Lux demuestra que Rosal\u00eda no solo ha superado las expectativas de su carrera, sino que sigue redefiniendo los l\u00edmites de la m\u00fasica pop contempor\u00e1nea.<\/p>\n<p>\t\t\t\t\t\t\t<script async src=\"\/\/www.instagram.com\/embed.js\"><\/script><\/p>\n","protected":false},"excerpt":{"rendered":"El lanzamiento de Lux, el cuarto \u00e1lbum de Rosal\u00eda, ha convertido a la cantante catalana en un aut\u00e9ntico&hellip;\n","protected":false},"author":2,"featured_media":241872,"comment_status":"","ping_status":"","sticky":false,"template":"","format":"standard","meta":{"footnotes":""},"categories":[174],"tags":[255,146,147,25,24,256,62221,23],"class_list":{"0":"post-241871","1":"post","2":"type-post","3":"status-publish","4":"format-standard","5":"has-post-thumbnail","7":"category-famosos","8":"tag-celebrities","9":"tag-entertainment","10":"tag-entretenimiento","11":"tag-es","12":"tag-espana","13":"tag-famosos","14":"tag-rosalia-rauw","15":"tag-spain"},"share_on_mastodon":{"url":"https:\/\/pubeurope.com\/@es\/115568054374826167","error":""},"_links":{"self":[{"href":"https:\/\/www.europesays.com\/es\/wp-json\/wp\/v2\/posts\/241871","targetHints":{"allow":["GET"]}}],"collection":[{"href":"https:\/\/www.europesays.com\/es\/wp-json\/wp\/v2\/posts"}],"about":[{"href":"https:\/\/www.europesays.com\/es\/wp-json\/wp\/v2\/types\/post"}],"author":[{"embeddable":true,"href":"https:\/\/www.europesays.com\/es\/wp-json\/wp\/v2\/users\/2"}],"replies":[{"embeddable":true,"href":"https:\/\/www.europesays.com\/es\/wp-json\/wp\/v2\/comments?post=241871"}],"version-history":[{"count":0,"href":"https:\/\/www.europesays.com\/es\/wp-json\/wp\/v2\/posts\/241871\/revisions"}],"wp:featuredmedia":[{"embeddable":true,"href":"https:\/\/www.europesays.com\/es\/wp-json\/wp\/v2\/media\/241872"}],"wp:attachment":[{"href":"https:\/\/www.europesays.com\/es\/wp-json\/wp\/v2\/media?parent=241871"}],"wp:term":[{"taxonomy":"category","embeddable":true,"href":"https:\/\/www.europesays.com\/es\/wp-json\/wp\/v2\/categories?post=241871"},{"taxonomy":"post_tag","embeddable":true,"href":"https:\/\/www.europesays.com\/es\/wp-json\/wp\/v2\/tags?post=241871"}],"curies":[{"name":"wp","href":"https:\/\/api.w.org\/{rel}","templated":true}]}}