{"id":241888,"date":"2025-11-18T01:25:09","date_gmt":"2025-11-18T01:25:09","guid":{"rendered":"https:\/\/www.europesays.com\/es\/241888\/"},"modified":"2025-11-18T01:25:09","modified_gmt":"2025-11-18T01:25:09","slug":"no-estoy-contento-con-mexico","status":"publish","type":"post","link":"https:\/\/www.europesays.com\/es\/241888\/","title":{"rendered":"\u00abNo estoy contento con M\u00e9xico\u00bb"},"content":{"rendered":"<p class=\"paragraph\">El presidente de Estados Unidos, <b>Donald Trump<\/b>, declar\u00f3 este lunes que no est\u00e1 \u00abcontento\u00bb con <b>M\u00e9xico<\/b> por el combate al narcotr\u00e1fico, por lo que no descarta un ataque contra los c\u00e1rteles en ese pa\u00eds.<\/p>\n<p class=\"paragraph\">\u00ab\u00bfAutorizar\u00eda el lanzamiento de ataques en <b>M\u00e9xico <\/b>para frenar las drogas? Por m\u00ed est\u00e1 bien\u00bb, expres\u00f3 el mandatario en una rueda de prensa en la <b>Casa Blanca<\/b>, y agreg\u00f3: \u00abNo digo que lo vaya a hacer. Pero estar\u00eda orgulloso de hacerlo\u00bb.<\/p>\n<p class=\"paragraph\"><b>Trump<\/b> asegur\u00f3 que mantiene conversaciones con el <b>Gobierno de M\u00e9xico <\/b>y que el pa\u00eds hispanoamericano \u00absabe\u00bb cu\u00e1l es su postura.<\/p>\n<p class=\"paragraph\">\u00abPong\u00e1moslo as\u00ed: no estoy contento con <b>M\u00e9xico<\/b>\u00bb, declar\u00f3 el presidente, tras apuntar que cientos de miles de personas han muerto en <b>Estados Unidos<\/b> por las drogas.<\/p>\n<p class=\"paragraph\">Las palabras de<b> Trump <\/b>suponen un cambio de tono, pues hasta ahora ha elogiado a la presidenta mexicana, <b>Claudia Sheinbaum<\/b>, por su cooperaci\u00f3n con <b>Estados Unidos<\/b> en el combate al narcotr\u00e1fico.<\/p>\n<p class=\"paragraph\">El mandatario dio estas declaraciones a la prensa en el <b>Despacho Oval<\/b> en medio de la <b>Operaci\u00f3n Lanza del Sur <\/b>que ha ordenado para combatir el narcotr\u00e1fico en Latinoam\u00e9rica y que ha elevado especialmente la tensi\u00f3n con<b> Venezuela<\/b> ante un posible ataque estadounidense dentro de su territorio.<\/p>\n<p class=\"paragraph\">Desde septiembre, el Ej\u00e9rcito estadounidense ha destruido una veintena de lanchas en el<b> Caribe<\/b> y el <b>Pac\u00edfico<\/b>, cerca de <b>Venezuela<\/b> y <b>Colombia<\/b>, matando extrajudicialmente a m\u00e1s de 70 personas, a las que califica de \u00abnarcoterroristas\u00bb.<\/p>\n","protected":false},"excerpt":{"rendered":"El presidente de Estados Unidos, Donald Trump, declar\u00f3 este lunes que no est\u00e1 \u00abcontento\u00bb con M\u00e9xico por el&hellip;\n","protected":false},"author":2,"featured_media":241889,"comment_status":"","ping_status":"","sticky":false,"template":"","format":"standard","meta":{"footnotes":""},"categories":[42],"tags":[17,18,13,14,11,61,62,63,64,19,20,9,10,15,16,12,21,22,65,66,67],"class_list":{"0":"post-241888","1":"post","2":"type-post","3":"status-publish","4":"format-standard","5":"has-post-thumbnail","7":"category-internacional","8":"tag-breaking-news","9":"tag-breakingnews","10":"tag-featured-news","11":"tag-featurednews","12":"tag-headlines","13":"tag-internacional","14":"tag-international","15":"tag-international-news","16":"tag-internationalnews","17":"tag-latest-news","18":"tag-latestnews","19":"tag-news","20":"tag-noticias","21":"tag-noticias-destacadas","22":"tag-noticiasdestacadas","23":"tag-titulares","24":"tag-ultimas-noticias","25":"tag-ultimasnoticias","26":"tag-world","27":"tag-world-news","28":"tag-worldnews"},"share_on_mastodon":{"url":"https:\/\/pubeurope.com\/@es\/115568097707855752","error":""},"_links":{"self":[{"href":"https:\/\/www.europesays.com\/es\/wp-json\/wp\/v2\/posts\/241888","targetHints":{"allow":["GET"]}}],"collection":[{"href":"https:\/\/www.europesays.com\/es\/wp-json\/wp\/v2\/posts"}],"about":[{"href":"https:\/\/www.europesays.com\/es\/wp-json\/wp\/v2\/types\/post"}],"author":[{"embeddable":true,"href":"https:\/\/www.europesays.com\/es\/wp-json\/wp\/v2\/users\/2"}],"replies":[{"embeddable":true,"href":"https:\/\/www.europesays.com\/es\/wp-json\/wp\/v2\/comments?post=241888"}],"version-history":[{"count":0,"href":"https:\/\/www.europesays.com\/es\/wp-json\/wp\/v2\/posts\/241888\/revisions"}],"wp:featuredmedia":[{"embeddable":true,"href":"https:\/\/www.europesays.com\/es\/wp-json\/wp\/v2\/media\/241889"}],"wp:attachment":[{"href":"https:\/\/www.europesays.com\/es\/wp-json\/wp\/v2\/media?parent=241888"}],"wp:term":[{"taxonomy":"category","embeddable":true,"href":"https:\/\/www.europesays.com\/es\/wp-json\/wp\/v2\/categories?post=241888"},{"taxonomy":"post_tag","embeddable":true,"href":"https:\/\/www.europesays.com\/es\/wp-json\/wp\/v2\/tags?post=241888"}],"curies":[{"name":"wp","href":"https:\/\/api.w.org\/{rel}","templated":true}]}}