{"id":241894,"date":"2025-11-18T01:32:10","date_gmt":"2025-11-18T01:32:10","guid":{"rendered":"https:\/\/www.europesays.com\/es\/241894\/"},"modified":"2025-11-18T01:32:10","modified_gmt":"2025-11-18T01:32:10","slug":"hasta-cuando-sera-alcaraz-numero-1-del-ranking-atp-en-2026","status":"publish","type":"post","link":"https:\/\/www.europesays.com\/es\/241894\/","title":{"rendered":"\u00bfHasta cu\u00e1ndo ser\u00e1 Alcaraz n\u00famero 1 del ranking ATP en 2026?"},"content":{"rendered":"<p class=\"quota-display text-align-center\">\n        <a href=\"https:\/\/www.puntodebreak.com\/MDBA-B3-PDB-QUOTA-25\" rel=\"sponsored nofollow noopener\" title=\"Apuesta en bet365\" target=\"_blank\"><\/p>\n<p>            <img decoding=\"async\" alt=\"Bet365\" class=\"bet-logo lazyload\" loading=\"lazy\" src=\"https:\/\/www.europesays.com\/es\/wp-content\/uploads\/2025\/11\/1763064671_246_b365.jpg\"\/>Streaming Challenger Soma Bay en directo<\/p>\n<p> \ud83c\udfbe Mert Alkaya vs Jannik Opitz<\/p>\n<ol class=\"stream-card__steps\">\n<li>Entra aqu\u00ed y reg\u00edstrate en Bet365<\/li>\n<li>Haz tu primer dep\u00f3sito de m\u00ednimo 5\u00a0\u20ac<\/li>\n<li>Entra en la secci\u00f3n \u00abDirecto\u00bb y ve todos los partidos<\/li>\n<\/ol>\n<p>\n                                Ver partido en Bet365\n                            <\/p>\n<p>        <\/a>\n      <\/p>\n<p class=\"text-align-justify\">A\u00fan resuenan los ecos de lo sucedido en Tur\u00edn y ya resulta inevitable mirar al futuro. El tenis no se detiene y en poco m\u00e1s de mes y medio, <a href=\"https:\/\/www.puntodebreak.com\/tenis\/carlos-alcaraz\" title=\"Carlos Alcaraz, Puntodebreak\" rel=\"nofollow noopener\" target=\"_blank\"><strong>Carlos Alcaraz<\/strong><\/a> y <strong>Jannik Sinner<\/strong> arrancar\u00e1n una nueva temporada en la que se pondr\u00e1 en juego el <strong>n\u00famero 1 del <a href=\"https:\/\/www.atptour.com\/es\/rankings\/singles\" title=\"Ranking ATP\" rel=\"nofollow noopener\" target=\"_blank\">ranking ATP<\/a><\/strong>. La ventaja con la que cuenta el espa\u00f1ol no es amplia, por lo que se podr\u00edan producir alternancias en lo alto de la clasificaci\u00f3n.<\/p>\n<p class=\"text-align-justify\">Siempre queremos m\u00e1s. La mente humana es insaciable y en un deporte como el tenis, eso resulta todav\u00eda m\u00e1s palpable. <strong>Carlos Alcaraz<\/strong> ha conseguido un gran objetivo al terminar el 2025 como <a href=\"https:\/\/www.puntodebreak.com\/2025\/11\/14\/son-claves-nueva-etapa-carlos-alcaraz-numero-1-ranking-atp\" title=\"Alcaraz, claves como n\u00famero 1 del mundo al final de 2025\" rel=\"nofollow noopener\" target=\"_blank\"><strong>n\u00famero 1 del ranking ATP<\/strong><\/a>, pero autom\u00e1ticamente, la mente de los aficionados se va a pensar en cu\u00e1nto tiempo podr\u00e1 mantener ese lugar de privilegio el espa\u00f1ol. Las acometidas de <strong>Jannik Sinner<\/strong> son tan incesantes como rotundas, por lo que merece la pena desgranar qu\u00e9 puede suceder en el primer trimestre del 2026.<\/p>\n<p><b>Sinner no podr\u00e1 arrebatar el n\u00famero 1 del mundo a Alcaraz antes del mes de febrero<\/b><\/p>\n<p class=\"text-align-justify\">Carlos Alcaraz no podr\u00e1 perder el n\u00famero 1 del mundo en el <strong>Open de Australia 2026<\/strong>. \u00bfPor qu\u00e9? La diferencia entre ambos es de 550 puntos, defendiendo el t\u00edtulo el italiano en Melbourne, por lo que no podr\u00e1 sumar puntos ni siquiera en caso de salir campe\u00f3n. Respecto a Carlos, defiende tan solo 400 puntos de su puesto de cuartofinalista\u00a0el pasado a\u00f1o; ni tan siquiera no acudiendo a competir a Australia, se podr\u00eda producir un sorpasso del italiano al espa\u00f1ol.<\/p>\n<p class=\"text-align-justify\">Por tanto, Alcaraz tiene asegurado llegar al 9 de febrero de 2026 como <strong>n\u00famero 1 del ranking ATP<\/strong>, lo que supondr\u00eda para \u00e9l llevar 58 semanas en esta posici\u00f3n. Igualar\u00eda a Jim Courier en el puesto 13\u00ba de jugadores con m\u00e1s tiempo en lo alto de la clasificaci\u00f3n y las opciones de seguir sumando depender\u00edan de lo que haya sucedido en Melbourne y de los resultados que se den en las semanas sucesivas.<\/p>\n<p class=\"text-align-justify\"><img decoding=\"async\" alt=\"Alcaraz, tiempo asegurado como n\u00famero 1. Foto: gettyimages\" data-entity-type=\"file\" data-entity-uuid=\"e7439354-8a6d-4de6-87b6-4e1f2f23f252\" width=\"612\" height=\"408\" loading=\"lazy\" class=\"lazyload\" src=\"https:\/\/www.europesays.com\/es\/wp-content\/uploads\/2025\/11\/carlos-alcaraz-tiempo-asegurado-numero-1-ranking-atp.jpg\"\/><\/p>\n<p><strong>Alcaraz\u00a0necesita ampliar su ventaja en Australia para llegar a Rotterdam, Indian Wells y Miami con una ventaja importante<\/strong><\/p>\n<p class=\"text-align-justify\">Solo en caso de que Jannik no defienda su t\u00edtulo en el <strong>Open de Australia<\/strong>, gozar\u00eda Alcaraz de una ventaja sustancial gracias a la cual podr\u00eda mantenerse en el n\u00famero 1 del mundo hasta el inicio de la gira sobre tierra batida. Y es que Sinner no tendr\u00e1 puntos que defender durante tres meses de competici\u00f3n. Todo lo que haga en <strong>Rotterdam, Dub\u00e1i, Indian Wells y Miami<\/strong> supondr\u00e1 un crecimiento de su casillero particular, mientras que el murciano defiende 1.010 puntos en ese tramo de temporada, teniendo margen para sumar mucho en Miami.<\/p>\n<p class=\"text-align-justify\">El objetivo prioritario de Alcaraz\u00a0habr\u00e1 de ser llegar a Rotterdam con una ventaja superior a la actual, con el fin de que el n\u00famero 1 no se ponga en juego en el torneo neerland\u00e9s. Todo depender\u00e1 de lo que pase en Melbourne, pero un t\u00edtulo del espa\u00f1ol supondr\u00eda adquirir una distancia respecto a Sinner muy notable, que garantizar\u00eda su permanencia como n\u00famero 1 hasta los dos primeros <strong>Masters 1000<\/strong> de la temporada. Si Carlos pierde en cuartos o antes en Australia y Sinner revalida el t\u00edtulo, es probable que en Rotterdam se pudiera producir una alternancia en la c\u00faspide de la clasificaci\u00f3n.<\/p>\n<p class=\"text-align-justify\">Todo se pondr\u00e1 a\u00fan m\u00e1s de cara para el italiano en los primeros compases de la gira sobre tierra batida, al no defender ni un solo punto en Montecarlo y Madrid, mientras que Alcaraz arrancar\u00e1 ah\u00ed su espiral de varios meses en los que apenas podr\u00e1 sumar puntos, gracias al excelso rendimiento en ese tramo del curso durante este 2025. De cualquier modo, se avecinan emociones fuertes en el pulso entre <strong>Carlos Alcaraz<\/strong> y <strong>Jannik Sinner<\/strong> por el <strong>n\u00famero 1 del ranking ATP<\/strong> durante el primer trimestre de competici\u00f3n en 2026.<\/p>\n","protected":false},"excerpt":{"rendered":"Streaming Challenger Soma Bay en directo \ud83c\udfbe Mert Alkaya vs Jannik Opitz Entra aqu\u00ed y reg\u00edstrate en Bet365&hellip;\n","protected":false},"author":2,"featured_media":241895,"comment_status":"","ping_status":"","sticky":false,"template":"","format":"standard","meta":{"footnotes":""},"categories":[274],"tags":[168,25,24,23,167,327,326],"class_list":{"0":"post-241894","1":"post","2":"type-post","3":"status-publish","4":"format-standard","5":"has-post-thumbnail","7":"category-tenis","8":"tag-deportes","9":"tag-es","10":"tag-espana","11":"tag-spain","12":"tag-sports","13":"tag-tenis","14":"tag-tennis"},"share_on_mastodon":{"url":"https:\/\/pubeurope.com\/@es\/115568125345804062","error":""},"_links":{"self":[{"href":"https:\/\/www.europesays.com\/es\/wp-json\/wp\/v2\/posts\/241894","targetHints":{"allow":["GET"]}}],"collection":[{"href":"https:\/\/www.europesays.com\/es\/wp-json\/wp\/v2\/posts"}],"about":[{"href":"https:\/\/www.europesays.com\/es\/wp-json\/wp\/v2\/types\/post"}],"author":[{"embeddable":true,"href":"https:\/\/www.europesays.com\/es\/wp-json\/wp\/v2\/users\/2"}],"replies":[{"embeddable":true,"href":"https:\/\/www.europesays.com\/es\/wp-json\/wp\/v2\/comments?post=241894"}],"version-history":[{"count":0,"href":"https:\/\/www.europesays.com\/es\/wp-json\/wp\/v2\/posts\/241894\/revisions"}],"wp:featuredmedia":[{"embeddable":true,"href":"https:\/\/www.europesays.com\/es\/wp-json\/wp\/v2\/media\/241895"}],"wp:attachment":[{"href":"https:\/\/www.europesays.com\/es\/wp-json\/wp\/v2\/media?parent=241894"}],"wp:term":[{"taxonomy":"category","embeddable":true,"href":"https:\/\/www.europesays.com\/es\/wp-json\/wp\/v2\/categories?post=241894"},{"taxonomy":"post_tag","embeddable":true,"href":"https:\/\/www.europesays.com\/es\/wp-json\/wp\/v2\/tags?post=241894"}],"curies":[{"name":"wp","href":"https:\/\/api.w.org\/{rel}","templated":true}]}}