{"id":241905,"date":"2025-11-18T01:42:31","date_gmt":"2025-11-18T01:42:31","guid":{"rendered":"https:\/\/www.europesays.com\/es\/241905\/"},"modified":"2025-11-18T01:42:31","modified_gmt":"2025-11-18T01:42:31","slug":"el-celebre-vampiro-vuelve-al-cine-con-la-misma-fascinacion","status":"publish","type":"post","link":"https:\/\/www.europesays.com\/es\/241905\/","title":{"rendered":"el c\u00e9lebre vampiro vuelve al cine con la misma fascinaci\u00f3n"},"content":{"rendered":"<p id=\"m28861-28860-28862\">\u201cEs una historia de amor\u201d, Luc Besson sobre su <b>Dr\u00e1cula<\/b>.<\/p>\n<p id=\"m28866-28865-28867\">Dr\u00e1cula es el personaje con el r\u00e9cord Guinness de m\u00e1s adaptaciones audiovisuales: m\u00e1s de 500.<\/p>\n<p id=\"m28871-28870-28872\">El conde vuelve tambi\u00e9n en forma de c\u00f3mic y novela ilustrada.<\/p>\n<p id=\"m28876-28875-28877\">\u201cHe cruzado oc\u00e9anos de tiempo para encontrarte\u201d, le dec\u00eda el <b>Conde Dr\u00e1cula<\/b> a Mina Murray. Lo hac\u00eda a trav\u00e9s de los labios de Gary Oldman en la m\u00edtica pel\u00edcula de 1992. Y, a pesar de que la frase no pertenece realmente a la novela, se qued\u00f3 grabada en el imaginario colectivo para siempre.<\/p>\n<p id=\"m28881-28880-28882\">Y es que, aunque <b>Dr\u00e1cula<\/b> no sea el primer vampiro de la historia, s\u00ed que es aquel cuya figura impuls\u00f3 todo un g\u00e9nero literario gracias a la novela de Bram Stoker y a la enorme cantidad de obras derivadas que ha inspirado&#8230; Y que sigue inspirando.<\/p>\n<p>        <img decoding=\"async\" data-index=\"\" loading=\"lazy\" alt=\"Con m\u00e1s de 500 adaptaciones audiovisuales, Dr\u00e1cula es un personaje con r\u00e9cord Guinness y ahora vuelve a la gran pantalla encarnado por Caleb Landry Jones. Foto cedida por V\u00e9rtice.\" class=\"vertical\" data-full=\"[object Object]\" data-original=\"[object Object]\" src=\"https:\/\/listindiario.com\/files\/vertical_main_image\/uploads\/2025\/11\/15\/6918f941e9703.jpeg\" data-full-src=\"https:\/\/www.europesays.com\/es\/wp-content\/uploads\/2025\/11\/6918f941e9703.jpeg\"\/><\/p>\n<p class=\"c-detail__media__subtitle\">\n<p>        Con m\u00e1s de 500 adaptaciones audiovisuales, Dr\u00e1cula es un personaje con r\u00e9cord Guinness y ahora vuelve a la gran pantalla encarnado por Caleb Landry Jones. Foto cedida por V\u00e9rtice.EFE<\/p>\n<p id=\"m28898-28897-28899\">Ahora, este c\u00e9lebre vampiro vuelve una vez m\u00e1s de su letargo con una nueva pel\u00edcula, una novela gr\u00e1fica, ediciones ilustradas y la misma fascinaci\u00f3n que lleva causando desde su primera aparici\u00f3n.<\/p>\n<p id=\"m28903-28902-28904\"><b>Vampirismo como met\u00e1fora.<\/b><\/p>\n<p id=\"m28908-28907-28909\">Porque Dr\u00e1cula no es solo un personaje; es una representaci\u00f3n cultural que naci\u00f3 de la pluma victoriana de Bram Stoker en 1897, en una \u00e9poca de grandes cambios, donde la ciencia, la religi\u00f3n y los miedos sociales se mezclaban en una Europa en constante evoluci\u00f3n.<\/p>\n<p id=\"m28913-28912-28914\">La novela, cl\u00e1sico imprescindible de la literatura g\u00f3tica, no solo sent\u00f3 las bases del vampiro tal como lo conocemos hoy, sino que tambi\u00e9n funcion\u00f3 como un espejo de las ansiedades de su era: la represi\u00f3n sexual, la desconfianza hacia lo externo, el r\u00e1pido avance de la tecnolog\u00eda o las dudas sobre la fe y la moral de aquellos tiempos.<\/p>\n<p id=\"m28918-28917-28919\">Publicado el 26 de mayo de 1897, el libro fusion\u00f3 viejas leyendas del folclore de Europa del Este y los t\u00f3picos del g\u00f3tico en un novedoso formato: la narrativa epistolar. Cartas, entradas de diario, recortes de peri\u00f3dicos y transcripci\u00f3n de grabaciones conformaban el relato. Esto gener\u00f3 una sensaci\u00f3n de inmersi\u00f3n que cambi\u00f3 para siempre el g\u00e9nero del terror.<\/p>\n<p id=\"m28923-28922-28924\">Aunque se cree que Stoker se inspir\u00f3 en parte en la figura real de Vlad III el Empalador, pr\u00edncipe de Valaquia apodado \u201cDr\u0103culea\u201d (hijo del drag\u00f3n), el autor transform\u00f3 la brutalidad hist\u00f3rica de Tepes en una poderosa met\u00e1fora literaria sobre el mal, la vida eterna y los deseos prohibidos.<\/p>\n<p id=\"m28928-28927-28929\">Desde entonces, el Conde Dr\u00e1cula ha viajado a trav\u00e9s de los siglos, siendo reinterpretado una y otra vez. Y es que, seg\u00fan el Libro Guinness de los R\u00e9cords, es el personaje que m\u00e1s veces (538) ha sido adaptado al medio audiovisual.<\/p>\n<p>        <img decoding=\"async\" data-index=\"\" loading=\"lazy\" alt=\"La actriz estadounidense Zoe Sidel, hija de la actriz Rosanna Arquette, y el director franc\u00e9s Luc Besson, posan durante la presentaci\u00f3n en el Festival de Cine de Sitges de 'Dracula, a love tale', una adaptaci\u00f3n del mito del vampiro de Transilvania.\" class=\"vertical\" data-full=\"[object Object]\" data-original=\"[object Object]\" src=\"https:\/\/listindiario.com\/files\/vertical_main_image\/uploads\/2025\/11\/15\/6918f99e2a35c.jpeg\" data-full-src=\"https:\/\/www.europesays.com\/es\/wp-content\/uploads\/2025\/11\/6918f99e2a35c.jpeg\"\/><\/p>\n<p class=\"c-detail__media__subtitle\">\n<p>        La actriz estadounidense Zoe Sidel, hija de la actriz Rosanna Arquette, y el director franc\u00e9s Luc Besson, posan durante la presentaci\u00f3n en el Festival de Cine de Sitges de &#8216;Dracula, a love tale&#8217;, una adaptaci\u00f3n del mito del vampiro de Transilvania.EFE\/Alejandro Garc\u00eda<\/p>\n<p id=\"m28945-28944-28946\">En esta ocasi\u00f3n, el director de cine franc\u00e9s Luc Besson lo revive en \u2018Dracula: A Love Tale\u2019, una gran producci\u00f3n protagonizada por Caleb Landry Jones (como Dr\u00e1cula), Zo\u00eb Bleu Sidel, Christoph Waltz y Matilda De Angelis.<\/p>\n<p id=\"m28950-28949-28951\"><b>Muchos Dr\u00e1culas, un \u00fanico origen.<\/b><\/p>\n<p id=\"m28955-28954-28956\">Esta pel\u00edcula se suma a una larga tradici\u00f3n de adaptaciones que comenz\u00f3 apenas 25 a\u00f1os despu\u00e9s de que se publicara la novela. Un viaje cinematogr\u00e1fico del vampiro comenz\u00f3 en 1922 con \u2018Nosferatu, eine Symphonie des Grauens\u2019, dirigida por F. W. Murnau y protagonizada por Max Schreck en el papel del Conde Orlok.<\/p>\n<p id=\"m28960-28959-28961\">S\u00ed, Orlok y no Dr\u00e1cula. Porque aquella fue una versi\u00f3n no autorizada del libro de Stoker con cambio de nombres para sortear el inconveniente de los derechos de autor. A pesar de la denuncia por parte de la viuda del escritor y la destrucci\u00f3n de la mayor\u00eda de las copias, sobrevivi\u00f3 y se convirti\u00f3 en una pieza clave del cine expresionista alem\u00e1n.<\/p>\n<p id=\"m28965-28964-28966\">A partir de ah\u00ed, Dr\u00e1cula se ha reinventado continuamente. En 1931, Bela Lugosi dio vida al conde con su acento h\u00fangaro y sus gestos de brazos y manos, creando la imagen ic\u00f3nica del vampiro y convirti\u00e9ndolo en una estrella internacional.<\/p>\n<p id=\"m28970-28969-28971\">Entre 1958 y 1974, Christopher Lee interpret\u00f3 a un Dr\u00e1cula cuyo peinado y capa negra roja tambi\u00e9n pasaron a la historia, en la saga de Hammer Film. En 1979, Werner Herzog dirigi\u00f3 a Klaus Kinski en una versi\u00f3n m\u00e1s oscura, \u2018Nosferatu: Phantom der Nacht\u2019, un \u201cremake\u201d de la pel\u00edcula de 1922.<\/p>\n<p id=\"m28975-28974-28976\">Ya en 1992, casi un siglo despu\u00e9s de que el libro original viera la luz, Francis Ford Coppola estren\u00f3 \u2018Bram Stoker\u2019s Dracula\u2019, con Gary Oldman, que encarn\u00f3 al personaje desde una visi\u00f3n tr\u00e1gica y rom\u00e1ntica, siendo considerada por muchos la mejor pel\u00edcula sobre el m\u00edtico vampiro.<\/p>\n<p id=\"m28980-28979-28981\">Otras versiones son: \u2018Dracula 2000\u2019 (2000), \u2018Dracula Untold\u2019 (2014), \u2018The Last Voyage of the Demeter\u2019 (2023) y, por supuesto, la exitosa \u2018Nosferatu\u2019 (2024). Hoy, el conde sigue vivo en series como \u2018Hellsing\u2019, \u2018Castlevania\u2019 (Netflix) o \u2018Dr\u00e1cula\u2019 (Netflix), en videojuegos, c\u00f3mics y hasta en la moda.<\/p>\n<p id=\"m28985-28984-28986\"><b>Del terror sangriento al romance g\u00f3tico.<\/b><\/p>\n<p id=\"m28990-28989-28991\">Incluso existen adaptaciones teatrales como \u2018Dracula, l&#8217;amour plus fort que la mort\u2019, \u2018Dr\u00e1cula, el musical\u2019 o \u2018We call it Cabaret: Un Show de Dr\u00e1cula a la luz de la luna\u2019. Adem\u00e1s, canciones como \u2018Bela Lugosi&#8217;s Dead\u2019 de Bauhaus; \u2018Dr\u00e1cula\u2019, de Tierra Santa; \u2018Hijos de la Noche\u2019, de Hada Bicho; o \u2018Dragula\u2019 de Rob Zombie, se inspiran en la figura del conde.<\/p>\n<p id=\"m28995-28994-28996\">En la literatura, tambi\u00e9n ha habido lugar para los \u201cretelling\u201d y libros derivados. De hecho, hay tambi\u00e9n una secuela, \u2018Dracula, the Un-Dead\u2019 (2009), publicada por el mism\u00edsimo sobrino-bisnieto de Bram Stoker, Dacre Stoker.<\/p>\n<p>        <img decoding=\"async\" data-index=\"\" loading=\"lazy\" alt=\"Dr\u00e1cula no es solo un personaje; es una representaci\u00f3n cultural que naci\u00f3 de la pluma victoriana de Bram Stoker en 1897.\" class=\"vertical\" data-full=\"[object Object]\" data-original=\"[object Object]\" src=\"https:\/\/listindiario.com\/files\/vertical_main_image\/uploads\/2025\/11\/15\/6918f9eaab581.jpeg\" data-full-src=\"https:\/\/www.europesays.com\/es\/wp-content\/uploads\/2025\/11\/6918f9eaab581.jpeg\"\/><\/p>\n<p class=\"c-detail__media__subtitle\">\n<p>        Dr\u00e1cula no es solo un personaje; es una representaci\u00f3n cultural que naci\u00f3 de la pluma victoriana de Bram Stoker en 1897.EFE<\/p>\n<p id=\"m29012-29011-29013\">Recientemente Diego Olmos ha publicado \u2018Nosferatu. Una sinfon\u00eda del horror\u2019 (Planeta C\u00f3mic), una novela gr\u00e1fica que adapta el cl\u00e1sico de Murnau. Olmos, gran admirador del expresionismo alem\u00e1n, explic\u00f3 en RTVE que \u201cStoker puso las bases para los vampiros en la literatura, pero Nosferatu lo hizo para los medios audiovisuales\u201d.<\/p>\n<p id=\"m29017-29016-29018\">Por \u00faltimo, Minotauro lanz\u00f3 una edici\u00f3n de lujo de la novela original, ilustrada por Tom\u00e1s Hijo, un artista que, adem\u00e1s de haber trabajado en proyectos como el tarot de Guillermo del Toro, es conocido por sus grabados de estilo medieval: \u201chacer libros como \u2018Dr\u00e1cula\u2019 o \u2018Frankenstein\u2019 es un viaje\u201d, escribi\u00f3 en su Instagram.<\/p>\n<p id=\"m29022-29021-29023\">Ahora, Dr\u00e1cula vuelve a la gran pantalla apenas un a\u00f1o despu\u00e9s de que su hom\u00f3logo Nosferatu lo hiciera con notoria acogida del p\u00fablico y la cr\u00edtica. Pero la alargada sombra de esa m\u00edtica mano no parece asustar a Besson a la hora de traer de regreso al conde original.<\/p>\n<p id=\"m29027-29026-29028\">Aunque para \u00e9l, eso s\u00ed, lejos del terror de otras adaptaciones, la suya es \u201cuna historia sobre el amor y la vida\u201d, seg\u00fan explic\u00f3 en el Festival de Sitges. Un romance g\u00f3tico en una \u00e9poca en la que este estilo marca las tendencias est\u00e9ticas y de ficci\u00f3n, encarnado esta vez en la figura del vampiro m\u00e1s famoso de todos los tiempos.<\/p>\n","protected":false},"excerpt":{"rendered":"\u201cEs una historia de amor\u201d, Luc Besson sobre su Dr\u00e1cula. Dr\u00e1cula es el personaje con el r\u00e9cord Guinness&hellip;\n","protected":false},"author":2,"featured_media":241906,"comment_status":"","ping_status":"","sticky":false,"template":"","format":"standard","meta":{"footnotes":""},"categories":[169],"tags":[177,146,147,25,24,176,175,23],"class_list":{"0":"post-241905","1":"post","2":"type-post","3":"status-publish","4":"format-standard","5":"has-post-thumbnail","7":"category-cine","8":"tag-cine","9":"tag-entertainment","10":"tag-entretenimiento","11":"tag-es","12":"tag-espana","13":"tag-film","14":"tag-movies","15":"tag-spain"},"share_on_mastodon":{"url":"https:\/\/pubeurope.com\/@es\/115568164785099602","error":""},"_links":{"self":[{"href":"https:\/\/www.europesays.com\/es\/wp-json\/wp\/v2\/posts\/241905","targetHints":{"allow":["GET"]}}],"collection":[{"href":"https:\/\/www.europesays.com\/es\/wp-json\/wp\/v2\/posts"}],"about":[{"href":"https:\/\/www.europesays.com\/es\/wp-json\/wp\/v2\/types\/post"}],"author":[{"embeddable":true,"href":"https:\/\/www.europesays.com\/es\/wp-json\/wp\/v2\/users\/2"}],"replies":[{"embeddable":true,"href":"https:\/\/www.europesays.com\/es\/wp-json\/wp\/v2\/comments?post=241905"}],"version-history":[{"count":0,"href":"https:\/\/www.europesays.com\/es\/wp-json\/wp\/v2\/posts\/241905\/revisions"}],"wp:featuredmedia":[{"embeddable":true,"href":"https:\/\/www.europesays.com\/es\/wp-json\/wp\/v2\/media\/241906"}],"wp:attachment":[{"href":"https:\/\/www.europesays.com\/es\/wp-json\/wp\/v2\/media?parent=241905"}],"wp:term":[{"taxonomy":"category","embeddable":true,"href":"https:\/\/www.europesays.com\/es\/wp-json\/wp\/v2\/categories?post=241905"},{"taxonomy":"post_tag","embeddable":true,"href":"https:\/\/www.europesays.com\/es\/wp-json\/wp\/v2\/tags?post=241905"}],"curies":[{"name":"wp","href":"https:\/\/api.w.org\/{rel}","templated":true}]}}