{"id":241915,"date":"2025-11-18T01:48:08","date_gmt":"2025-11-18T01:48:08","guid":{"rendered":"https:\/\/www.europesays.com\/es\/241915\/"},"modified":"2025-11-18T01:48:08","modified_gmt":"2025-11-18T01:48:08","slug":"trump-dijo-que-podria-ordenar-ataques-contra-narcotraficantes-en-suelo-mexicano","status":"publish","type":"post","link":"https:\/\/www.europesays.com\/es\/241915\/","title":{"rendered":"Trump dijo que podr\u00eda ordenar ataques contra narcotraficantes en suelo mexicano"},"content":{"rendered":"<p class=\"com-paragraph  --capital --s\">El presidente de Estados Unidos, Donald Trump, elev\u00f3 dr\u00e1sticamente el tono de la ofensiva contra el narcotr\u00e1fico al afirmar este lunes que estar\u00eda <strong>dispuesto a ordenar ataques militares contra narcotraficantes directamente en suelo mexicano<\/strong>. <\/p>\n<p class=\"com-paragraph   --s\">Las declaraciones se produjeron en una rueda de prensa desde la Casa Blanca.<\/p>\n<p class=\"com-paragraph   --s\">El mandatario estadounidense compar\u00f3 la situaci\u00f3n con una guerra, argumentando que los narcotraficantes<strong> \u201cest\u00e1n matando a nuestra gente\u201d.<\/strong><\/p>\n<p class=\"com-paragraph   --s\">Trump insisti\u00f3 en que las agencias de inteligencia estadounidenses poseen informaci\u00f3n detallada sobre los l\u00edderes criminales: \u201cConocemos las rutas. Sabemos la direcci\u00f3n de cada capo de la droga. Sabemos sus direcciones. Sabemos c\u00f3mo son las puertas de sus casas. Lo sabemos todo de cada uno de ellos\u201d. Al ser preguntado si realizar\u00eda tales ataques, el presidente respondi\u00f3 categ\u00f3ricamente: \u201c\u00bfQue si lo har\u00eda? Estar\u00eda orgulloso de hacerlo\u201d.<\/p>\n<p class=\"com-paragraph   --s\">Trump bas\u00f3 la necesidad de actuar en M\u00e9xico debido a la disminuci\u00f3n del tr\u00e1fico por v\u00eda mar\u00edtima, resultado de las recientes operaciones militares en el Caribe y el Pac\u00edfico. <\/p>\n<p class=\"com-paragraph   --s\">Seg\u00fan Trump, los ataques recientes han logrado rebajar el tr\u00e1fico a trav\u00e9s del mar en un 85 por ciento. <\/p>\n<p class=\"com-paragraph   --s\">El presidente no ocult\u00f3 su descontento con el pa\u00eds vecino, subrayando: <strong>\u201cNo estoy contento con M\u00e9xico\u201d<\/strong>. Adem\u00e1s, hizo referencia a los disturbios observados durante la marcha de la oposici\u00f3n en Ciudad de M\u00e9xico el s\u00e1bado anterior, indicando que hay \u201cproblemas graves all\u00ed\u201d. Trump tambi\u00e9n asegur\u00f3 que si presentara estos planes de ataque al Congreso, tanto dem\u00f3cratas como republicanos estar\u00edan de acuerdo, a menos que estuvieran \u201clocos\u201d.<\/p>\n<p class=\"com-paragraph   --s\">Estas declaraciones sobre M\u00e9xico se producen en medio de un amplio despliegue militar de Estados Unidos en aguas del Caribe, oficialmente destinado a combatir el narcotr\u00e1fico. <\/p>\n<p class=\"com-paragraph   --s\">Este despliegue ha resultado en 21 ataques militares contra presuntos narcotraficantes en el Caribe y el Pac\u00edfico en las \u00faltimas semanas, con un saldo de <strong>83 personas muertas<\/strong>, seg\u00fan recuentos basados en comunicados oficiales.<\/p>\n<p class=\"com-paragraph   --s\">La ofensiva est\u00e1 alineada con la \u201cdirectiva de Trump de desmantelar las organizaciones criminales transnacionales y contrarrestar el narcoterrorismo\u201d. <\/p>\n<p class=\"com-paragraph   --s\">Las fuerzas estadounidenses han atacado embarcaciones a las que se\u00f1alan como traficantes de drogas. <\/p>\n<p class=\"com-paragraph   --s\">El d\u00eda anterior a las declaraciones sobre M\u00e9xico, el Comando Sur hab\u00eda anunciado un nuevo ataque a una embarcaci\u00f3n en aguas internacionales del oc\u00e9ano Pac\u00edfico que result\u00f3 en la muerte de<strong> tres presuntos narcotraficantes.<\/strong><\/p>\n<p class=\"com-paragraph   --s\">La ofensiva se cruza con las tensiones con Venezuela, cuyo r\u00e9gimen ve la operaci\u00f3n militar como un intento de derrocar al presidente Nicol\u00e1s Maduro. Washington acusa a Maduro de liderar una organizaci\u00f3n \u201cterrorista\u201d dedicada al tr\u00e1fico de drogas.<\/p>\n<p class=\"com-paragraph   --s\">Paralelamente a la dura ret\u00f3rica contra M\u00e9xico, el presidente Trump tambi\u00e9n abord\u00f3 la situaci\u00f3n de Venezuela este lunes 17 de noviembre, no descartando una futura comunicaci\u00f3n con Nicol\u00e1s Maduro. <\/p>\n<p class=\"com-paragraph   --s\"><strong>\u201cEn alg\u00fan momento, hablar\u00e9 con \u00e9l\u201d<\/strong>, dijo Trump a la prensa.<\/p>\n<p class=\"com-paragraph   --s\">El 16 de noviembre, Trump ya hab\u00eda insinuado posibles conversaciones, se\u00f1alando que era \u201cposible que tengamos algunas conversaciones con Maduro y veremos qu\u00e9 sucede. A ellos les gustar\u00eda hablar\u201d.<\/p>\n<p class=\"com-paragraph   --s\">El presidente a\u00f1adi\u00f3 que \u201ctenemos que ocuparnos de Venezuela\u201d y mencion\u00f3 que el pa\u00eds ha \u201cenviado a cientos de miles de personas de sus prisiones a nuestro pa\u00eds\u201d.<\/p>\n<p class=\"com-paragraph   --s\">La Administraci\u00f3n Trump mantiene una fuerte ofensiva contra el narcotr\u00e1fico. El secretario de Estado Marco Rubio hab\u00eda anunciado que el Gobierno estadounidense declarar\u00eda el 24 de noviembre como organizaci\u00f3n terrorista extranjera al <strong>Cartel de los Soles<\/strong>, una banda criminal que Washington vincula con las autoridades venezolanas. <\/p>\n<p class=\"com-paragraph   --s\">El Departamento de Estado ha acusado reiteradamente a Nicol\u00e1s Maduro y otros cargos de su \u201cr\u00e9gimen ileg\u00edtimo\u201d de dirigir esta organizaci\u00f3n y de haber \u201ccorrompido las Fuerzas Armadas, los servicios de inteligencia, el poder legislativo y el poder judicial de Venezuela\u201d.<\/p>\n<p class=\"com-paragraph   --s\">A pesar de que Estados Unidos no reconoce a Maduro como presidente leg\u00edtimo y ofrece una recompensa de 50 millones de d\u00f3lares por su captura, la tensi\u00f3n contin\u00faa escalando, tanto en el mar Caribe como en la frontera sur, con la amenaza expl\u00edcita de ataques en suelo mexicano.<\/p>\n<p class=\"com-paragraph   --s\"><strong>Agencias DPA y AFP<\/strong><\/p>\n","protected":false},"excerpt":{"rendered":"El presidente de Estados Unidos, Donald Trump, elev\u00f3 dr\u00e1sticamente el tono de la ofensiva contra el narcotr\u00e1fico al&hellip;\n","protected":false},"author":2,"featured_media":241916,"comment_status":"","ping_status":"","sticky":false,"template":"","format":"standard","meta":{"footnotes":""},"categories":[42],"tags":[17,18,13,14,11,61,62,63,64,19,20,9,10,15,16,12,21,22,65,66,67],"class_list":{"0":"post-241915","1":"post","2":"type-post","3":"status-publish","4":"format-standard","5":"has-post-thumbnail","7":"category-internacional","8":"tag-breaking-news","9":"tag-breakingnews","10":"tag-featured-news","11":"tag-featurednews","12":"tag-headlines","13":"tag-internacional","14":"tag-international","15":"tag-international-news","16":"tag-internationalnews","17":"tag-latest-news","18":"tag-latestnews","19":"tag-news","20":"tag-noticias","21":"tag-noticias-destacadas","22":"tag-noticiasdestacadas","23":"tag-titulares","24":"tag-ultimas-noticias","25":"tag-ultimasnoticias","26":"tag-world","27":"tag-world-news","28":"tag-worldnews"},"share_on_mastodon":{"url":"https:\/\/pubeurope.com\/@es\/115568188131106848","error":""},"_links":{"self":[{"href":"https:\/\/www.europesays.com\/es\/wp-json\/wp\/v2\/posts\/241915","targetHints":{"allow":["GET"]}}],"collection":[{"href":"https:\/\/www.europesays.com\/es\/wp-json\/wp\/v2\/posts"}],"about":[{"href":"https:\/\/www.europesays.com\/es\/wp-json\/wp\/v2\/types\/post"}],"author":[{"embeddable":true,"href":"https:\/\/www.europesays.com\/es\/wp-json\/wp\/v2\/users\/2"}],"replies":[{"embeddable":true,"href":"https:\/\/www.europesays.com\/es\/wp-json\/wp\/v2\/comments?post=241915"}],"version-history":[{"count":0,"href":"https:\/\/www.europesays.com\/es\/wp-json\/wp\/v2\/posts\/241915\/revisions"}],"wp:featuredmedia":[{"embeddable":true,"href":"https:\/\/www.europesays.com\/es\/wp-json\/wp\/v2\/media\/241916"}],"wp:attachment":[{"href":"https:\/\/www.europesays.com\/es\/wp-json\/wp\/v2\/media?parent=241915"}],"wp:term":[{"taxonomy":"category","embeddable":true,"href":"https:\/\/www.europesays.com\/es\/wp-json\/wp\/v2\/categories?post=241915"},{"taxonomy":"post_tag","embeddable":true,"href":"https:\/\/www.europesays.com\/es\/wp-json\/wp\/v2\/tags?post=241915"}],"curies":[{"name":"wp","href":"https:\/\/api.w.org\/{rel}","templated":true}]}}