{"id":241919,"date":"2025-11-18T01:50:09","date_gmt":"2025-11-18T01:50:09","guid":{"rendered":"https:\/\/www.europesays.com\/es\/241919\/"},"modified":"2025-11-18T01:50:09","modified_gmt":"2025-11-18T01:50:09","slug":"resultados-de-las-elecciones-presidenciales-en-chile-2025-asi-le-hemos-contado-la-primera-vuelta-de-los-comicios","status":"publish","type":"post","link":"https:\/\/www.europesays.com\/es\/241919\/","title":{"rendered":"Resultados de las elecciones presidenciales en Chile 2025 | As\u00ed le hemos contado la primera vuelta de los comicios"},"content":{"rendered":"<p class=\"ev-title\">La jornada electoral, en cuatro claves<\/p>\n<p>Antes de despedirnos, repasamos la jornada con lo m\u00e1s destacado de la primera vuelta de estas presidenciales y elecciones parlamentarias:\u00a0<\/p>\n<p>\u2014Los candidatos <strong>Jeannette Jara,<\/strong> de la izquierda, y <strong>Jos\u00e9 Antonio Kast, <\/strong>de la derecha extrema, se medir\u00e1n en segunda vuelta tras obtener\u00a0el mayor n\u00famero\u00a0de votos en los comicios de este domingo. La exministra del Trabajo sac\u00f3 un 26,81% de los sufragios, mientras que el ultraconservador se alz\u00f3 con un 23,99%;\u00a0<\/p>\n<p>\u2014La gran sorpresa ha sido el populista<strong> Franco Parisi,<\/strong> l\u00edder del Partido de la Gente, que al igual que en la elecci\u00f3n de 2021, se instal\u00f3 en el tercer lugar, con casi un 20% de los respaldos. Ahora, su electorado ser\u00e1 clave para los aspirantes a La Moneda que competir\u00e1n el 14 de diciembre. Sin embargo,\u00a0Parisi no ha dado su apoyo a ninguno de los candidatos que se medir\u00e1n en la segunda vuelta. En cambio, les ha pedido que se \u201cganen los votos\u201d.<\/p>\n<p>\u2014<strong>Evelyn Matthei,<\/strong> de la derecha tradicional, ha quedado en un quinto lugar; y el libertario <strong>Johannes Kaiser<\/strong> en cuarta posici\u00f3n. Ambos han anunciado su apoyo a la candidatura de Kast;\u00a0<\/p>\n<p>\u2014Los resultados de las elecciones parlamentarias a\u00fan se encuentran en fase de escrutinio, aunque\u00a0los datos preliminares apuntan a que la derecha consolida su ventaja en el <strong>Senado<\/strong> y que la ultraderecha se fortalece en la <strong>C\u00e1mara de Diputados.<\/strong><\/p>\n","protected":false},"excerpt":{"rendered":"La jornada electoral, en cuatro claves Antes de despedirnos, repasamos la jornada con lo m\u00e1s destacado de la&hellip;\n","protected":false},"author":2,"featured_media":241920,"comment_status":"","ping_status":"","sticky":false,"template":"","format":"standard","meta":{"footnotes":""},"categories":[5],"tags":[889,17,18,61568,2047,4374,61429,44383,23686,25,24,60487,13,14,10204,11,60493,60490,60494,19,20,1804,60492,9,10,15,16,61569,23,12,21,22],"class_list":{"0":"post-241919","1":"post","2":"type-post","3":"status-publish","4":"format-standard","5":"has-post-thumbnail","7":"category-titulares","8":"tag-america","9":"tag-breaking-news","10":"tag-breakingnews","11":"tag-camara-diputados-chile","12":"tag-chile","13":"tag-elecciones","14":"tag-elecciones-chile","15":"tag-elecciones-legislativas","16":"tag-elecciones-presidenciales","17":"tag-es","18":"tag-espana","19":"tag-evelyn-matthei","20":"tag-featured-news","21":"tag-featurednews","22":"tag-gabriel-boric","23":"tag-headlines","24":"tag-jeannette-jara","25":"tag-johannes-kaiser","26":"tag-jose-antonio-kast","27":"tag-latest-news","28":"tag-latestnews","29":"tag-latinoamerica","30":"tag-marco-enriquez-ominami","31":"tag-news","32":"tag-noticias","33":"tag-noticias-destacadas","34":"tag-noticiasdestacadas","35":"tag-senado-chile","36":"tag-spain","37":"tag-titulares","38":"tag-ultimas-noticias","39":"tag-ultimasnoticias"},"share_on_mastodon":{"url":"","error":"Validation failed: Text character limit of 500 exceeded"},"_links":{"self":[{"href":"https:\/\/www.europesays.com\/es\/wp-json\/wp\/v2\/posts\/241919","targetHints":{"allow":["GET"]}}],"collection":[{"href":"https:\/\/www.europesays.com\/es\/wp-json\/wp\/v2\/posts"}],"about":[{"href":"https:\/\/www.europesays.com\/es\/wp-json\/wp\/v2\/types\/post"}],"author":[{"embeddable":true,"href":"https:\/\/www.europesays.com\/es\/wp-json\/wp\/v2\/users\/2"}],"replies":[{"embeddable":true,"href":"https:\/\/www.europesays.com\/es\/wp-json\/wp\/v2\/comments?post=241919"}],"version-history":[{"count":0,"href":"https:\/\/www.europesays.com\/es\/wp-json\/wp\/v2\/posts\/241919\/revisions"}],"wp:featuredmedia":[{"embeddable":true,"href":"https:\/\/www.europesays.com\/es\/wp-json\/wp\/v2\/media\/241920"}],"wp:attachment":[{"href":"https:\/\/www.europesays.com\/es\/wp-json\/wp\/v2\/media?parent=241919"}],"wp:term":[{"taxonomy":"category","embeddable":true,"href":"https:\/\/www.europesays.com\/es\/wp-json\/wp\/v2\/categories?post=241919"},{"taxonomy":"post_tag","embeddable":true,"href":"https:\/\/www.europesays.com\/es\/wp-json\/wp\/v2\/tags?post=241919"}],"curies":[{"name":"wp","href":"https:\/\/api.w.org\/{rel}","templated":true}]}}