{"id":241921,"date":"2025-11-18T01:55:11","date_gmt":"2025-11-18T01:55:11","guid":{"rendered":"https:\/\/www.europesays.com\/es\/241921\/"},"modified":"2025-11-18T01:55:11","modified_gmt":"2025-11-18T01:55:11","slug":"copa-davis-2025-la-participacion-de-alcaraz-en-la-copa-davis-en-peligro-tenis-deportes","status":"publish","type":"post","link":"https:\/\/www.europesays.com\/es\/241921\/","title":{"rendered":"Copa Davis 2025: La participaci\u00f3n de Alcaraz en la Copa Davis, en peligro | Tenis | Deportes"},"content":{"rendered":"<p class=\"\">Jaume Munar, uno de los cinco integrantes que intentar\u00e1 conquistar estos d\u00edas la s\u00e9ptima Ensaladera del equipo espa\u00f1ol, se expresa todav\u00eda asombrado: \u201c\u00a1Buah, incre\u00edble! Es una pasada. \u00a1Qu\u00e9 ritmo! \u00a1Parece que juegan al ping-pong!\u201d. <a href=\"https:\/\/elpais.com\/deportes\/tenis\/2025-11-16\/alcaraz-choca-con-la-dimension-maestra-de-sinner.html\" target=\"_self\" rel=\"nofollow noopener\" title=\"https:\/\/elpais.com\/deportes\/tenis\/2025-11-16\/alcaraz-choca-con-la-dimension-maestra-de-sinner.html\">Los duelos entre Carlos Alcaraz y Jannik Sinner<\/a> no son objetivo exclusivo de admiraci\u00f3n por parte de los aficionados, sino tambi\u00e9n de los propios profesionales, impactados por la velocidad a la que transcurren esos peloteos el\u00e9ctricos y encarnizados entre los dos fueras de serie, tambi\u00e9n por la continuidad; es decir, muerden uno y otro, y no se sueltan. As\u00ed de inicio a fin. As\u00ed de costa a costa. Las descargas se viralizan y la rivalidad contin\u00faa creciendo.<\/p>\n<p class=\"\">\u201cLa consistencia que tiene, punto tras punto, te genera un poco m\u00e1s de ansiedad; t\u00fa tienes que estar a ese nivel, o incluso m\u00e1s. Y el hecho de que siempre est\u00e9 ah\u00ed, ah\u00ed y ah\u00ed es lo que hace a Jannik imparable\u201d, describ\u00eda la noche anterior al murciano, refiri\u00e9ndose a esa opresiva sensaci\u00f3n que siente el de enfrente cuando Sinner coge el tono y acelera, descerrajando tiros perfectos hacia todos los rincones de la pista. Entre ellos dos, buenas migas, chispas y m\u00e1s chispas y tenis siempre al l\u00edmite. L\u00f3gicamente, los cuerpos no siempre resisten. <a href=\"https:\/\/elpais.com\/deportes\/tenis\/2025-11-18\/alcaraz-radiografia-al-rodillo-sinner-siempre-esta-ahi-ahi-y-ahi-y-eso-le-hace-imparable.html\" target=\"_self\" rel=\"nofollow noopener\" title=\"https:\/\/elpais.com\/deportes\/tenis\/2025-11-18\/alcaraz-radiografia-al-rodillo-sinner-siempre-esta-ahi-ahi-y-ahi-y-eso-le-hace-imparable.html\">Se resinti\u00f3 el de Alcaraz el domingo<\/a>, en la final maestra, y ahora Espa\u00f1a aguarda: \u00bfLlegar\u00e1 o no el n\u00famero uno del mundo al estreno del jueves en la Copa Davis?<\/p>\n<p>M\u00e1s informaci\u00f3n<\/p>\n<p class=\"\">\u201c\u00bfSi me perjudicar\u00e1 para Bolonia? Creo que no. O eso espero\u2026\u201d, prolongaba despu\u00e9s de ceder en el \u00faltimo pulso con Sinner y de que los m\u00fasculos isquiotibiales, fuente habitual de problemas, le advirtieran de que ten\u00eda que controlar el paso. Peligro. <a href=\"https:\/\/elpais.com\/deportes\/tenis\/2025-11-10\/alcaraz-y-una-bienvenida-paradoja-a-mas-partidos-mas-frescura-en-la-recta-final.html\" target=\"_self\" rel=\"nofollow noopener\" title=\"https:\/\/elpais.com\/deportes\/tenis\/2025-11-10\/alcaraz-y-una-bienvenida-paradoja-a-mas-partidos-mas-frescura-en-la-recta-final.html\">Son 80 partidos de carga en las piernas<\/a> y, a estas alturas, las maniobras forzadas se pueden pagar caras. A pesar de que ahora mide un poco m\u00e1s que en esa fase inicial en el circuito de \u00e9lite en la que persegu\u00eda como un caballo desbocado cada pelota, no suele escatimar. Sus formas longil\u00edneas son privilegiadas, del mismo modo que delicadas. Mucho trabajo de fondo y preventivo, y ahora, un interrogante a tan solo dos d\u00edas del debut contra la Rep\u00fablica Checa en la Fiera di Bologna.<\/p>\n<p class=\"\">\u00bfC\u00f3mo est\u00e1 Alcaraz? \u201cBien&#8230;\u201d, contesta a su llegada al hotel para reunirse con el resto de la expedici\u00f3n. O sea, con el capit\u00e1n David Ferrer y sus compa\u00f1eros, Jaume Munar, Pedro Mart\u00ednez, Pablo Carre\u00f1o y el doblista Marcel Granollers. Todos aguardaban noticias y al resultado de la resonancia magn\u00e9tica que se hizo el tenista este lunes por la tarde, despu\u00e9s de haber recorrido en furgoneta los 300 kil\u00f3metros que separan Tur\u00edn de Bolonia por la ma\u00f1ana. Miran todos hacia ese isquio derecho, masajeado y vendado durante el partido, aunque sin males mayores durante el desarrollo. Aun as\u00ed, agarrotamiento y molestias. Pudo, en cualquier caso, finalizarlo con tan solo la atenci\u00f3n m\u00e9dica recibida durante el intervalo entre un set y otro.<\/p>\n<p><b>Antecedentes<\/b><\/p>\n<p class=\"\">\u201cQuiz\u00e1 a veces puedo hacer el loco, en el sentido de ir a por bolas imposibles y deslizarme; obviamente me ha limitado, pero m\u00e1s all\u00e1 de eso, he podido jugar normal\u201d, tranquilizaba. Sin embargo, este lunes se alter\u00f3 el guion previsto en el seno del equipo. En un principio, los jugadores iban a ofrecer la tradicional conferencia de prensa a primera hora de la tarde, pero finalmente se pospuso al d\u00eda siguiente. Alcaraz, cuesti\u00f3n de estado ten\u00edstico. Con \u00e9l o sin \u00e9l, todo cambia. El de El Palmar (22 a\u00f1os) se traslad\u00f3 a un centro m\u00e9dico acompa\u00f1ado del doctor de la federaci\u00f3n espa\u00f1ola, \u00c1ngel Ruiz Cotorro, y a su an\u00e1lisis se uni\u00f3 el del galeno personal del tenista, Juanjo L\u00f3pez, tras el env\u00edo de las pruebas.<\/p>\n<p><img decoding=\"auto\" class=\"_re lazyload a_m-h\" height=\"276\"  width=\"414\"  src=\"https:\/\/www.europesays.com\/es\/wp-content\/uploads\/2025\/11\/QBEGLPGNNZN5ZGOZPCDDAK5WOA.jpg\" loading=\"lazy\"\/>Alcaraz recibe atenci\u00f3n durante la final contra Sinner.Guglielmo Mangiapane (REUTERS)<\/p>\n<p class=\"\">A eso de las diez de la noche, fuentes federativas transmitieron a los a los medios presentes en Bolonia, entre ellos EL PA\u00cdS, que el l\u00edder del circuito \u201cno sufre una rotura\u201d, que el percance responde a una \u201csobrecarga muscular\u201d y que Alcaraz no se ejercitar\u00e1 este martes junto con sus compa\u00f1eros y descansar\u00e1, a la espera de que la evoluci\u00f3n sea positiva y pueda probarse el mi\u00e9rcoles, antesala del estreno (10.00, Movistar+). Sin embargo, antes de la medianoche la Cadena Cope inform\u00f3 de que se hab\u00eda detectado un edema en la exploraci\u00f3n y que ante el \u201criesgo muy alto de romperse\u201d, \u00e9l y su equipo hab\u00edan optado finalmente por el descarte. Pesa, seg\u00fan la citada emisora, el fin de proteger al m\u00e1ximo una zona que ha ido d\u00e1ndole guerra.<\/p>\n<p class=\"\">No es extra\u00f1o ver a Alcaraz con uno u otro muslo envueltos de vendas compresoras durante los entrenamientos, si no en los partidos. Y en enero de 2023, una maniobra agresiva durante un ensayo deriv\u00f3 en una rotura en el m\u00fasculo semimembranoso (integrado en los isquitibioales) de la pierna derecha, por la que <a href=\"https:\/\/elpais.com\/deportes\/2023-01-06\/carlos-alcaraz-se-rompe-y-sera-baja-en-el-open-de-australia-por-lesion.html\" target=\"_self\" rel=\"nofollow noopener\" title=\"https:\/\/elpais.com\/deportes\/2023-01-06\/carlos-alcaraz-se-rompe-y-sera-baja-en-el-open-de-australia-por-lesion.html\">tuvo que renunciar al Open de Australia<\/a>. Reapareci\u00f3 a mediados de febrero, en Buenos Aires y R\u00edo de Janeiro, pero una distensi\u00f3n de grado 1 en el isquio derecho <a href=\"https:\/\/elpais.com\/deportes\/2023-03-10\/alcaraz-contra-su-adn-la-infructuosa-batalla-por-dosificarse.html\" target=\"_self\" rel=\"nofollow noopener\" title=\"https:\/\/elpais.com\/deportes\/2023-03-10\/alcaraz-contra-su-adn-la-infructuosa-batalla-por-dosificarse.html\">impidi\u00f3 que compitiera despu\u00e9s en Acapulco<\/a>. Esta temporada, la misma regi\u00f3n muscular sufri\u00f3 durante la final del God\u00f3 y forz\u00f3 su desaparici\u00f3n del cuadro del Masters 1000 de Madrid, pese al intento por jugar.<\/p>\n","protected":false},"excerpt":{"rendered":"Jaume Munar, uno de los cinco integrantes que intentar\u00e1 conquistar estos d\u00edas la s\u00e9ptima Ensaladera del equipo espa\u00f1ol,&hellip;\n","protected":false},"author":2,"featured_media":241922,"comment_status":"","ping_status":"","sticky":false,"template":"","format":"standard","meta":{"footnotes":""},"categories":[274],"tags":[20106,1540,13877,9482,168,25,24,628,10976,23,167,327,11759,326],"class_list":{"0":"post-241921","1":"post","2":"type-post","3":"status-publish","4":"format-standard","5":"has-post-thumbnail","7":"category-tenis","8":"tag-bolonia","9":"tag-competiciones","10":"tag-copa-davis","11":"tag-david-ferrer","12":"tag-deportes","13":"tag-es","14":"tag-espana","15":"tag-italia","16":"tag-lesiones-deportivas","17":"tag-spain","18":"tag-sports","19":"tag-tenis","20":"tag-tenistas","21":"tag-tennis"},"share_on_mastodon":{"url":"https:\/\/pubeurope.com\/@es\/115568215751237898","error":""},"_links":{"self":[{"href":"https:\/\/www.europesays.com\/es\/wp-json\/wp\/v2\/posts\/241921","targetHints":{"allow":["GET"]}}],"collection":[{"href":"https:\/\/www.europesays.com\/es\/wp-json\/wp\/v2\/posts"}],"about":[{"href":"https:\/\/www.europesays.com\/es\/wp-json\/wp\/v2\/types\/post"}],"author":[{"embeddable":true,"href":"https:\/\/www.europesays.com\/es\/wp-json\/wp\/v2\/users\/2"}],"replies":[{"embeddable":true,"href":"https:\/\/www.europesays.com\/es\/wp-json\/wp\/v2\/comments?post=241921"}],"version-history":[{"count":0,"href":"https:\/\/www.europesays.com\/es\/wp-json\/wp\/v2\/posts\/241921\/revisions"}],"wp:featuredmedia":[{"embeddable":true,"href":"https:\/\/www.europesays.com\/es\/wp-json\/wp\/v2\/media\/241922"}],"wp:attachment":[{"href":"https:\/\/www.europesays.com\/es\/wp-json\/wp\/v2\/media?parent=241921"}],"wp:term":[{"taxonomy":"category","embeddable":true,"href":"https:\/\/www.europesays.com\/es\/wp-json\/wp\/v2\/categories?post=241921"},{"taxonomy":"post_tag","embeddable":true,"href":"https:\/\/www.europesays.com\/es\/wp-json\/wp\/v2\/tags?post=241921"}],"curies":[{"name":"wp","href":"https:\/\/api.w.org\/{rel}","templated":true}]}}