{"id":241927,"date":"2025-11-18T02:00:23","date_gmt":"2025-11-18T02:00:23","guid":{"rendered":"https:\/\/www.europesays.com\/es\/241927\/"},"modified":"2025-11-18T02:00:23","modified_gmt":"2025-11-18T02:00:23","slug":"alex-garcia-todo-viene-por-algo-esta-en-mi-transformar-el-dolor-en-algo-hermoso-y-alargar-los-momentos-de-alegria-el-gran-aprendizaje-de-este-ano-es-que-la-vida-sabe-lo-que-hace-y-yo-solo","status":"publish","type":"post","link":"https:\/\/www.europesays.com\/es\/241927\/","title":{"rendered":"\u00c1lex Garc\u00eda: \u201cTodo viene por algo, est\u00e1 en m\u00ed transformar el dolor en algo hermoso y alargar los momentos de alegr\u00eda. El gran aprendizaje de este a\u00f1o es que la vida sabe lo que hace y yo solo puedo bailar a su ritmo\u00bb"},"content":{"rendered":"<p><a href=\"https:\/\/www.revistavanityfair.es\/la-revista\/articulos\/alex-garcia-entrevista-extrema-incendios-teatro\/22965\" rel=\"nofollow noopener\" target=\"_blank\"><strong>\u00c1lex Garc\u00eda<\/strong><\/a> (o Alejandro, como le gusta que le llamen) no transmite paz, \u00e9l es paz. Hablamos con el actor desde Roma, donde se encuentra grabando una pel\u00edcula en ingl\u00e9s e italiano y lo primero que le preguntamos es c\u00f3mo est\u00e1, una pregunta que se hace con poca frecuencia en tiempos de promociones aceleradas y tiempos muy marcados en las entrevistas. \u201cEstoy bien. Acabo de cumplir 44 a\u00f1os y lo he celebrado comi\u00e9ndome una pasta riqu\u00edsima en Roma con una amiga, as\u00ed que no me quejo\u201d, nos dice <a href=\"https:\/\/www.revistavanityfair.es\/sociedad\/celebrities\/galerias\/veronica-echegui-y-alex-garcia-amor-novios\/8331\" rel=\"nofollow noopener\" target=\"_blank\">el actor<\/a>, que acaba de estrenar <strong>El cuco de cristal<\/strong>, serie de Netflix basada en la novela de <a href=\"https:\/\/www.revistavanityfair.es\/articulos\/javier-castillo-y-veronica-diaz-escritor-casa-malaga-entrevista-chica-nieve-libros\" rel=\"nofollow noopener\" target=\"_blank\"><strong>Javier Castillo<\/strong><\/a> y en la que comparte cartel con <strong><a href=\"https:\/\/www.revistavanityfair.es\/articulos\/itziar-ituno-actriz-entrevista\" rel=\"nofollow noopener\" target=\"_blank\">Itziar Itu\u00f1o<\/a>, Iv\u00e1n Massagu\u00e9 y Catalina Sopelana<\/strong>. Pasados los 40 y tras un a\u00f1o complicado con <a href=\"https:\/\/www.revistavanityfair.es\/articulos\/veronica-echegui-muerte-primeros-trabajos-alex-garcia\" rel=\"nofollow noopener\" target=\"_blank\"><strong>la muerte el pasado verano de Ver\u00f3nica Echegui<\/strong><\/a>, su compa\u00f1era de vida durante m\u00e1s de una d\u00e9cada, Alejandro se muestra m\u00e1s sereno que nunca y en cada una de sus palabras hay reflexi\u00f3n y armon\u00eda con lo que hay a su alrededor y lo que le ha tocado vivir en los \u00faltimos 12 meses.<\/p>\n<p><strong>\u00bfC\u00f3mo es Miguel, ese guardia civil que desde el principio de El cuco de cristal ya vemos que tiene tambi\u00e9n su lado oscuro?<\/strong><\/p>\n<p>Es un guardia civil muy cuidador de su familia, muy pendiente de su mujer y sus hijos con el h\u00e1ndicap de que tiene una herida muy profunda de su infancia que a\u00fan no ha cerrado y que le hace perderse muchas veces en las investigaciones y en el dolor que todav\u00eda siente. Para m\u00ed ha sido un personaje muy bonito de interpretar y sobre todo por su conexi\u00f3n con la naturaleza.<\/p>\n<p><strong>El personaje es como que afronta una dualidad emocional: de padre amoroso pero luego guarda ah\u00ed ese dolor que le hace sacar la ira\u2026<\/strong><\/p>\n<p>Exactamente. Eso es lo interesante, esa dualidad o la tr\u00edada, me atrevo a decir, est\u00e1 en cada uno de nosotros en este planeta. No hay m\u00e1s que fijarse en la M30 cuando llegas a Madrid, por ejemplo, y en c\u00f3mo conduce la gente. Ah\u00ed ves la dualidad perfectamente (risas). Lo que pasa es que en este personaje sale como un dolor m\u00e1s profundo y manos gestionado y por eso es ficci\u00f3n, claro, es lo que le hace interesante, ver qu\u00e9 hace cada uno con su dolor en esta vida. Para m\u00ed fue muy bonito descubrirlo en el set porque mi an\u00e1lisis con Laura Alvea (directora) tanto con la coach con la que suelo trabajar, ten\u00edamos claro por d\u00f3nde pod\u00eda salir la ira, pero claro, como yo no soy Miguel, ten\u00edamos que encontrar el camino adecuado para que saliera y fuera cre\u00edble. A trav\u00e9s de su relaci\u00f3n con lo que se va encontrando por el camino, vimos que su grieta quebraba s\u00fabitamente cuando sal\u00eda el tema. Estoy muy feliz de haber profundizado porque creo que es bueno que se vea a trav\u00e9s de Miguel que aunque tengas un gran dolor, lo que \u00e9l hace o c\u00f3mo act\u00faa no es el camino. Que las heridas tienen mejor recorrido si las sanas que si culpas a todo el mundo de lo que te pas\u00f3 a ti de peque\u00f1o.<\/p>\n<p><strong>Adem\u00e1s de misterio y thriller, todos los personajes est\u00e1n siempre al l\u00edmite de sus emociones, como en una l\u00ednea muy fina que no sabes si ocultan algo o son realmente as\u00ed\u2026<\/strong><\/p>\n<p>Completamente, las ficciones suelen tener esto con personajes llevados al l\u00edmite a lo largo de la pel\u00edcula o la serie, pero en esta en particular lo hace muy bien Javier Castillo y lo han trasladado muy bien tanto Juan Miguel del Castillo (director) como Laura, los directores de la serie, y todos est\u00e1n haciendo funambulismo con su coraz\u00f3n constantemente y es lo que hace que se monte la que se monta en el pueblo. Yo creo que es algo por lo que transita mucha gente y cuando se juntan ciertas circunstancias inadecuadas y en el momento menos adecuado pues ocurre la tragedia. Si lo ves desde fuera es una tragedia y es muy fuerte lo que vemos. Y al mismo tiempo el contrapunto de la naturaleza que te muestra la paz de la naturaleza, el instinto de los animales, del lobo, vivir en un pueblo aparentemente tranquilo donde puedes vivir tranquilo\u2026 o elegir el otro camino.<\/p>\n","protected":false},"excerpt":{"rendered":"\u00c1lex Garc\u00eda (o Alejandro, como le gusta que le llamen) no transmite paz, \u00e9l es paz. Hablamos con&hellip;\n","protected":false},"author":2,"featured_media":241928,"comment_status":"","ping_status":"","sticky":false,"template":"","format":"standard","meta":{"footnotes":""},"categories":[174],"tags":[28670,255,177,146,147,2958,25,24,256,152,805,23,807],"class_list":{"0":"post-241927","1":"post","2":"type-post","3":"status-publish","4":"format-standard","5":"has-post-thumbnail","7":"category-famosos","8":"tag-alex-garcia","9":"tag-celebrities","10":"tag-cine","11":"tag-entertainment","12":"tag-entretenimiento","13":"tag-entrevistas","14":"tag-es","15":"tag-espana","16":"tag-famosos","17":"tag-netflix","18":"tag-series","19":"tag-spain","20":"tag-television"},"share_on_mastodon":{"url":"https:\/\/pubeurope.com\/@es\/115568235150870588","error":""},"_links":{"self":[{"href":"https:\/\/www.europesays.com\/es\/wp-json\/wp\/v2\/posts\/241927","targetHints":{"allow":["GET"]}}],"collection":[{"href":"https:\/\/www.europesays.com\/es\/wp-json\/wp\/v2\/posts"}],"about":[{"href":"https:\/\/www.europesays.com\/es\/wp-json\/wp\/v2\/types\/post"}],"author":[{"embeddable":true,"href":"https:\/\/www.europesays.com\/es\/wp-json\/wp\/v2\/users\/2"}],"replies":[{"embeddable":true,"href":"https:\/\/www.europesays.com\/es\/wp-json\/wp\/v2\/comments?post=241927"}],"version-history":[{"count":0,"href":"https:\/\/www.europesays.com\/es\/wp-json\/wp\/v2\/posts\/241927\/revisions"}],"wp:featuredmedia":[{"embeddable":true,"href":"https:\/\/www.europesays.com\/es\/wp-json\/wp\/v2\/media\/241928"}],"wp:attachment":[{"href":"https:\/\/www.europesays.com\/es\/wp-json\/wp\/v2\/media?parent=241927"}],"wp:term":[{"taxonomy":"category","embeddable":true,"href":"https:\/\/www.europesays.com\/es\/wp-json\/wp\/v2\/categories?post=241927"},{"taxonomy":"post_tag","embeddable":true,"href":"https:\/\/www.europesays.com\/es\/wp-json\/wp\/v2\/tags?post=241927"}],"curies":[{"name":"wp","href":"https:\/\/api.w.org\/{rel}","templated":true}]}}