{"id":241931,"date":"2025-11-18T02:04:19","date_gmt":"2025-11-18T02:04:19","guid":{"rendered":"https:\/\/www.europesays.com\/es\/241931\/"},"modified":"2025-11-18T02:04:19","modified_gmt":"2025-11-18T02:04:19","slug":"pedro-sanchez-53-visita-radio-3-con-camiseta-de-la-emisora-que-es-fan-revela-que-musica-escucha-y-opina-de-rosalia","status":"publish","type":"post","link":"https:\/\/www.europesays.com\/es\/241931\/","title":{"rendered":"Pedro S\u00e1nchez (53) visita Radio 3, con camiseta de la emisora que es fan, revela qu\u00e9 m\u00fasica escucha y opina de Rosal\u00eda"},"content":{"rendered":"<p>El presidente del Gobierno, <strong><a href=\"https:\/\/www.vozpopuli.com\/dolcevita\/pedro-sanchez-estrena-gafas-de-lujo-de-christian-dior-en-su-comparecencia-en-el-senado.html\" rel=\"nofollow noopener\" target=\"_blank\">Pedro S\u00e1nchez<\/a>,<\/strong> de 53\u00a0a\u00f1os, hizo hueco en su intensa agenda para <strong>visitar\u00a0a\u00a0los estudios de Radio 3,<\/strong> para sorpresa de todos, concretamente fue entrevistado\u00a0en el programa \u2018Generaci\u00f3n ya\u2019,\u00a0donde <strong>opin\u00f3\u00a0del <a href=\"https:\/\/www.vozpopuli.com\/dolcevita\/el-nuevo-disco-de-rosalia-lux-esta-es-la-reaccion-de-amaral-amaia-madonna-y-mas-famosos-tras-escucharlo.html\" rel=\"nofollow noopener\" target=\"_blank\">nuevo disco de Rosal\u00eda<\/a>, <a href=\"https:\/\/www.vozpopuli.com\/altavoz\/cultura\/asi-suena-lux-el-nuevo-disco-de-rosalia.html\" rel=\"nofollow noopener\" target=\"_blank\">Lux<\/a><\/strong>, desvel\u00f3 <strong>cu\u00e1les son sus grupos de m\u00fasica favoritos<\/strong> y dijo que tiene\u00a0<strong>gustos\u00a0\u201cmuy ecl\u00e9cticos\u201d. <\/strong>Adem\u00e1s, reconoci\u00f3 que <strong>escucha m\u00e1s los programas de m\u00fasica<\/strong>\u00a0de esta emisora<strong> que los\u00a0programas de informaci\u00f3n pol\u00edtica<\/strong> o de tertulia pol\u00edtica.\u00a0<\/p>\n<p><strong><a href=\"https:\/\/www.vozpopuli.com\/dolcevita\/pedro-sanchez-reacciona-a-la-polemica-por-la-guayabera-que-lucio-en-colombia-ha-llamado-mucho-la-atencion.html\" rel=\"nofollow noopener\" target=\"_blank\">S\u00e1nchez<\/a>\u00a0apareci\u00f3 con\u00a0un\u00a0look\u00a0informal,\u00a0<\/strong>compuesto por\u00a0una cazadora negra y <strong>una camiseta\u00a0a juego de\u00a0Radio 3<\/strong>,\u00a0demostrando\u00a0con ello\u00a0ser <strong>un gran fan<\/strong> de\u00a0la emisora de RTVE\u00a0como confes\u00f3 despu\u00e9s. \u201c<strong>Tengo que\u00a0deciros que yo soy un oyente\u00a0muy\u00a0habitual\u00a0de Radio 3 <\/strong>y de muchos de los programas que\u00a0emit\u00eds.\u00a0Algunos de los que est\u00e1n aqu\u00ed presentes\u00a0desde hace tiempo, adem\u00e1s,\u00a0<strong>en la oposici\u00f3n y en el Gobierno\u201d.\u00a0<\/strong><\/p>\n<p>La locutora Irene Valiente\u00a0hizo <strong>un comentario sobre la camiseta<\/strong> que llevaba el l\u00edder del PSOE. <strong>\u201cPedro, sabemos que eres muy fan de\u00a0Radio 3.<\/strong>\u00a0En tu camiseta, de hecho, ya dejas constancia, pero <strong>tienes que renovarla esa camiseta.\u00a0<\/strong>Ahora te damos la nueva, de\u00a0color rojo.\u00a0Est\u00e1 guap\u00edsima\u201d.\u00a0\u00a0<\/p>\n<p>S\u00e1nchez mencion\u00f3 despu\u00e9s\u00a0los programas que escucha\u00a0de RNE:\u00a0\u201cYo escucho muchos. <strong>Yo\u00a0empec\u00e9 escuchando, pues\u00a0Siglo XXI,<\/strong>\u00a0como\u00a0de\u00a0muchos oyentes hace muchos a\u00f1os,<strong>\u00a0escucho\u00a0\u2018180 grados\u2019,\u00a0\u2018Nanana\u2019.<\/strong> Pues\u00a0mira, uno de los\u00a0que me tiene <strong>ahora maravillado es\u00a0\u2018El laberinto\u2019, de\u00a0Henry Saiz.<\/strong>\u00a0Es que me parece&#8230;\u00a0Yo no conoc\u00eda tanto esa m\u00fasica y me escucho todas las sesiones\u201d, dijo sobre el Dj y productor musical espa\u00f1ol de electr\u00f3nica.\u00a0\u00a0<\/p>\n<p>Al preguntarle <strong>si se ha pasado a la m\u00fasica electr\u00f3nica<\/strong>, explic\u00f3:\u00a0<strong>\u201cSoy muy ecl\u00e9ctico.<\/strong> Al final realmente\u00a0Leyre, te escucho mucho, escucho\u00a0mucho\u00a0a\u00a0Virginia, tambi\u00e9n\u00a0\u2018Turbo 3\u2019.\u00a0Realmente <strong>escucho muchos de vuestros programas<\/strong> y tengo que deciros que <strong>me ayud\u00e1is a sobrellevar muchas veces el d\u00eda a d\u00eda\u201d, <\/strong>confes\u00f3 en la radio p\u00fablica.<strong>\u00a0<\/strong><\/p>\n<p><img decoding=\"async\" alt=\"Pedro S\u00e1nchez habla de sus gustos musicales\" src=\"https:\/\/www.europesays.com\/es\/wp-content\/uploads\/2025\/11\/articulos-2541067.jpg\" style=\"width:20%\"\/>\u00a0Pedro S\u00e1nchez habla de sus gustos musicales<\/p>\n<p>Pedro S\u00e1nchez revela cu\u00e1les son sus cantantes y grupos de m\u00fasica preferidos<\/p>\n<p>En el programa, tambi\u00e9n prguntaron al presidente del Gobierno\u00a0<strong>si pod\u00eda dar su top cinco o top tres de los discos <\/strong>que hab\u00eda escuchado este a\u00f1o y S\u00e1nchez respondi\u00f3: \u201cBueno, yo dir\u00eda, por ejemplo,<strong> <\/strong>uno que me dio mucha rabia,\u00a0porque me parece que han tocado aqu\u00ed en Espa\u00f1a, en\u00a0Madrid, la semana pasada&#8230;\u00a0<strong>el disco de Destroyer. Me gusta mucho.<\/strong>\u00a0Me ha sorprendido. No conoc\u00eda\u00a0mucho ese grupo. Me ha encantado.\u00a0Y me parece que han tocado en Madrid esta semana pasada o esta semana van\u00a0a\u00a0tocar.\u00a0<strong>Me pill\u00f3 fuera de Espa\u00f1a y<\/strong> <strong>no pude asistir, si no me hubiera colado a ir al concierto\u201d.\u00a0<\/strong><\/p>\n<p>S\u00e1nchez continu\u00f3 desvelando cu\u00e1les son sus grupos musicales favoritos:<strong> \u201cLuego soy muy fan de\u00a0Sharon Van\u00a0Etten,<\/strong> por ejemplo.\u00a0Me gusta mucho. <strong>Yo soy m\u00e1s de de mujeres cantantes que\u00a0de hombres cantantes<\/strong>, tengo que decirlo.\u00a0Me gusta mucho. No, de verdad que no lo digo por&#8230; <strong>Me gusta,\u00a0me\u00a0engancha mucho,\u00a0y\u00a0luego en Espa\u00f1a<\/strong> es que yo\u00a0creo que estamos ante <strong>una explosi\u00f3n de talento brutal<\/strong>, \u00bfno? O sea, tenemos muchos grupos muy buenos\u00a0de\u00a0<strong>grandes artistas como Rosal\u00eda<\/strong>\u00a0a\u00a0artistas\u00a0y\u00a0grupos\u00a0que est\u00e1n saliendo ahora. Esto del top tres, top\u00a0five,\u00a0es un poco como: \u00bfcu\u00e1l es tu canci\u00f3n preferida o tu libro favorito?\u201d.\u00a0<\/p>\n<p>S\u00e1nchez volvi\u00f3 a incidir en lo fan que era de Radio 3: <strong>\u201cRealmente yo bebo mucho de Radio 3, <\/strong>o sea, me nutro mucho de vuestras propuestas musicales, de las combinaciones que hac\u00e9is\u00a0y\u00a0realmente <strong>toda la cultura\u00a0que tengo musical respecto a lo que es Espa\u00f1a<\/strong> en este a\u00f1o 2025, bueno, desde hace ya muchos a\u00f1os <strong>es gracias a Radio 3<\/strong> y a vosotras y vosotros\u201d.\u00a0<\/p>\n<p>Tras ello, le preguntaron <strong>cu\u00e1ndo saca tiempo<\/strong> \u201cun presidente del Gobierno\u201d para escuchar los programas y Pedro S\u00e1nchez indic\u00f3 que<strong> escucha \u201clos podcast\u201d.<\/strong>\u00a0\u201cCuando estaba en la oposici\u00f3n,\u00a0[los escuchaba]\u00a0<strong>cuando sal\u00eda a correr. Me pon\u00eda aqu\u00ed a\u00a0\u2018180 grados\u2019<\/strong> para\u00a0hacer running\u00a0y\u00a0luego\u00a0pues <strong>los fines de semana,<\/strong> <strong>alg\u00fan viernes <\/strong>que tienes as\u00ed libre por la noche tambi\u00e9n.\u00a0Al final encuentras un rato, \u00bfno?\u201d.\u00a0<\/p>\n<p>Despu\u00e9s, Pedro S\u00e1nchez revel\u00f3 que prefer\u00eda escuchar programas de m\u00fasica que las noticias. \u201cY muchas veces,<strong> <\/strong>el\u00a0reto para una persona, que\u00a0por la responsabilidad que tiene cuenta con tanta informaci\u00f3n,\u00a0es que muchas veces <strong>al escuchar<\/strong> <strong>programas de informaci\u00f3n pol\u00edtica o de tertulia pol\u00edtica pues realmente me apetece como participar <\/strong>porque digo: \u2018Pero si es que esto no es as\u00ed\u2019<strong>,<\/strong>\u00a0pienso, \u00bfno?\u00a0\u2018Esto es de otra manera\u2019.<strong> Entonces, prefiero desconectar\u00a0algunas veces escuchando m\u00fasica <\/strong>y abstray\u00e9ndome un poco de\u00a0esos\u00a0debates y\u00a0bueno, pues al final <strong>enriqueci\u00e9ndote<\/strong> desde el punto de vista&#8230;\u00a0<strong>yo dir\u00eda hasta incluso espiritual,<\/strong> si me permit\u00eds, \u00bfno?\u201d.\u00a0<\/p>\n<p><img decoding=\"async\" alt=\"S\u00e1nchez se declara un gran fan de Radio 3\" src=\"https:\/\/www.europesays.com\/es\/wp-content\/uploads\/2025\/11\/articulos-2541065.jpg\" style=\"width:20%\"\/>\u00a0S\u00e1nchez se declara un gran fan de Radio 3<\/p>\n<p>Pedro S\u00e1nchez dice que el disco de Rosal\u00eda \u00abes una maravilla\u00bb y lo ha escuchado \u00abdel tir\u00f3n\u00bb<\/p>\n<p>Pedro S\u00e1nchez habl\u00f3 despu\u00e9s de RTVE:\u00a0\u201cMuchas veces\u00a0<strong>cuando se pregunta por el servicio p\u00fablico, \u00bfqu\u00e9 significa?<\/strong> En este caso Radio Nacional de Espa\u00f1a o Radio 3, digo, bueno, pues <strong>no hay m\u00e1s que escuchar algunos\u00a0de los podcast,<\/strong> tanto desde el punto de vista pol\u00edtico como\u00a0desde el punto de vista cultural o musical, <strong>para saber la utilidad que tiene<\/strong>, que es mucha, \u00bfno?\u201d.\u00a0<\/p>\n<p>Despu\u00e9s, Irene Valiente y Constan\u00a0Sotoca\u00a0le preguntaron <strong>si hab\u00eda tenido oportunidad de escuchar \u2018LUX,<\/strong> el disco de Rosal\u00eda. \u201c\u00bfPor supuesto, por supuesto&#8230;<strong> Me ha parecido una maravilla.<\/strong> Algunas veces hab\u00e9is comentado en los\u00a0programas que os he escuchado,\u00a0que ahora en los discos no escuchas todas las canciones, escuchas una, dos, tres, un poco lo que te d\u00e9 tiempo y en este <strong>tengo que deciros que me lo he escuchado del tir\u00f3n\u201d.<\/strong>\u00a0Sotoca\u00a0apostill\u00f3: \u201cComo hay que escucharlo, por cierto, como quer\u00eda ella\u201d.\u00a0<\/p>\n<p>El marido de Bego\u00f1a G\u00f3mez reconoci\u00f3 despu\u00e9s: \u201cHe de reconocer que ahora <strong>soy m\u00e1s de escuchar canciones sueltas tambi\u00e9n por falta de\u00a0tiempo<\/strong>\u00a0pero como hab\u00eda le\u00eddo no s\u00e9\u00a0d\u00f3nde que este disco hab\u00eda que escucharlo el tir\u00f3n, pues bueno, pues <strong>me reserv\u00e9 una hora para escuchar el disco de Rosal\u00eda<\/strong> y me han gustado todas las canciones\u201d. Despu\u00e9s,\u00a0de decir que hab\u00eda escuchado el disco en\u00a0streaming,\u00a0aprovech\u00f3 para anunciar: <strong>\u201cEn mi TikTok este s\u00e1bado voy a recomendar una de las canciones. <\/strong>As\u00ed que ah\u00ed lo dejo\u201d.\u00a0<\/p>\n<p>Despu\u00e9s comentaron\u00a0que\u00a0en su cuenta de TikTok, en las \u00faltimas semanas, <strong>hab\u00eda recomendado \u201ca Restinga,\u00a0a Fauna,\u00a0Calavento\u201d.<\/strong> \u201cNo s\u00e9 si lo sabes, pero en Radio 3 concretamente esas tres propuestas han sonado literalmente desde sus primeras demos\u201d. Entonces, Pedro S\u00e1nchez brome\u00f3 diciendo: \u201cBueno,\u00a0es que<strong> yo al final lo que hago es copiar y pegar de vuestras propuestas,<\/strong> \u00bfno? S\u00ed, <strong>me gusta mucho la m\u00fasica espa\u00f1ola.<\/strong>\u00a0Me\u00a0parece que ahora est\u00e1 viviendo un momento extraordinario.\u00a0Acabamos de\u00a0escuchar ahora m\u00fasica fant\u00e1stica y\u00a0por ejemplo\u00a0Calavento, pues\u00a0fue en 2021 cuando los descubr\u00ed.\u00a0Y a <strong>Restinga\u00a0este\u00a0a\u00f1o que me ha parecido fascinante.<\/strong>\u00a0Ha sido gracias a ti,\u00a0Leyre\u201d.\u00a0<\/p>\n<p>Los locutores del programa le preguntaron <strong>si ten\u00eda en mente ir a alg\u00fan concierto<\/strong> en breve. \u201cPues f\u00edjate <strong>este que os dec\u00eda\u00a0de\u00a0Destroyer<\/strong> la semana pasada\u00a0en Madrid.\u00a0La verdad es que<strong> me ha dado mucha pena<\/strong> porque ha sido un grupo\u00a0del que\u00a0tambi\u00e9n he escuchado todas las canciones de su\u00a0disco\u00a0pero bueno, tambi\u00e9n te digo yo ahora mismo,\u00a0sobre lo que es la agenda de conciertos que hay el pr\u00f3ximo mes,\u00a0no lo conozco. <strong>Eso lo dejo para vosotros. Oye,\u00a0decidme este\u00a0concierto, el otro&#8230; ya que conoc\u00e9is mis gustos\u201d.\u00a0\u00a0<\/strong><\/p>\n<p><img decoding=\"async\" alt=\"Pedro S\u00e1nchez dice que le disco de Rosal\u00eda es una maravilla\" src=\"https:\/\/www.europesays.com\/es\/wp-content\/uploads\/2025\/11\/articulos-2541066.jpg\" style=\"width:20%\"\/>\u00a0Pedro S\u00e1nchez dice que le disco de Rosal\u00eda es una maravilla<\/p>\n<p>Despu\u00e9s le preguntaron si hab\u00eda <strong>alg\u00fan concierto\u00a0m\u00edtico<\/strong>\u00a0que recordara\u00a0y S\u00e1nchez respondi\u00f3:<strong> \u201cMuchos. <\/strong>Pues mira para\u00a0m\u00ed uno de los m\u00e1s m\u00edticos que<strong> yo ten\u00eda 14\u00a0\u00f3\u00a015 a\u00f1os\u00a0fue\u00a0Guns\u00a0N&#8217; Roses\u00a0en el Calder\u00f3n.<\/strong>\u00a0<strong>Yo\u00a0creo que perd\u00ed 3 kilos<\/strong>\u00a0<strong>por los botes <\/strong>que daba y por la gente que hab\u00eda, \u00bfno?\u00a0Verles\u00a0ah\u00ed\u00a0con la guitarra pues me pareci\u00f3\u00a0magn\u00edfico. Y\u00a0bueno, luego pues tambi\u00e9n la pena,\u00a0es que <strong>ahora pues no puedo ir a muchos festivales de m\u00fasica<\/strong>, pero eso es algo que <strong>cuando deje estas responsabilidades,<\/strong> <strong>dentro de muchos a\u00f1os<\/strong>\u00a0[recalc\u00f3], <strong>pues volver\u00e9\u00a0a retomar<\/strong>\u00a0la de los festivales porque me parece que\u00a0es otra forma de disfrutar la m\u00fasica\u201d.\u00a0<\/p>\n<p>Al preguntarle si era m\u00e1s de festivales o de salas de conciertos, el l\u00edder del PSOE se\u00f1al\u00f3: \u201cBueno, las dos cosas.\u00a0<strong>Los festivales me gustan mucho <\/strong>porque te da la ocasi\u00f3n de poder\u00a0ir de un escenario a otro,\u00a0un\u00a0fin de semana a lo mejor en una ciudad que no conoces o que no vives.\u00a0<strong>El festival de Benic\u00e0ssim,<\/strong> por\u00a0ejemplo, que es m\u00e1s lo m\u00edtico, pues <strong>lo he disfrutado mucho<\/strong>\u00a0antes de ser presidente\u00a0y\u00a0desgraciadamente <strong>ahora pues\u00a0no\u00a0he podido\u00a0ir\u00a0m\u00e1s<\/strong>, pero bueno,<strong>\u00a0el S\u00f3nar lo tengo\u00a0pendiente<\/strong>\u00a0y\u00a0otros, seguro.\u00a0<strong>Siempre hay que tener algo pendiente<\/strong> para\u00a0otros momentos de la vida\u201d.\u00a0<\/p>\n<p>Cuando le estaban despidiendo, Constan\u00a0Sotoca\u00a0le agradeci\u00f3 haber estado en la emisora de Radio 3, \u201ccomo dice Virginia, es la mejor emisora del mundo,\u00a0que\u00a0hay que decirlo m\u00e1s\u201d. Entonces,<strong> S\u00e1nchez coment\u00f3: \u201cEs\u00a0la\u00a0mejor emisora del mundo. <\/strong>Fijaos, que gracias a Radio 3, yo luego conoc\u00ed, por ejemplo, otra emisora p\u00fablica,<strong> <\/strong>en este caso <strong>la NPR de Estados Unidos, que ahora est\u00e1 sufriendo<\/strong> pues un recorte bastante importante <strong>por la administraci\u00f3n de Trump<\/strong> y al final vosotros dais espacio pues a un tipo de m\u00fasica\u00a0diversa y yo creo que esto es tambi\u00e9n una de las principales fortalezas de vuestros programas, \u00bfno? Y el dise\u00f1o que hac\u00e9is de Radio 3\u201d.<\/p>\n<p>Para finalizar, Pedro S\u00e1nchez, casado con Bego\u00f1a G\u00f3mez, con quien tiene dos hijas, se mostr\u00f3 encantado de haber estado en la emisora y con los locutores.\u00a0\u201cAs\u00ed que <strong>para m\u00ed ha sido un gustazo. Tengo que deciros que es un regalo,\u00a0<\/strong>que me hab\u00e9is hecho disfrutar mucho, aunque sea, pues eso, <strong>media hora de rato con vosotros,\u00a0y sobre todo con\u00a0algunas de las directoras de los programas que m\u00e1s escucho, no de m\u00fasica, si no en general<\/strong>, o sea, que no es poca cosa. As\u00ed que enhorabuena y mucha suerte\u201d, manifest\u00f3 en el programa.\u00a0<\/p>\n","protected":false},"excerpt":{"rendered":"El presidente del Gobierno, Pedro S\u00e1nchez, de 53\u00a0a\u00f1os, hizo hueco en su intensa agenda para visitar\u00a0a\u00a0los estudios de&hellip;\n","protected":false},"author":2,"featured_media":241932,"comment_status":"","ping_status":"","sticky":false,"template":"","format":"standard","meta":{"footnotes":""},"categories":[170],"tags":[146,147,25,24,184,185,23],"class_list":{"0":"post-241931","1":"post","2":"type-post","3":"status-publish","4":"format-standard","5":"has-post-thumbnail","7":"category-musica","8":"tag-entertainment","9":"tag-entretenimiento","10":"tag-es","11":"tag-espana","12":"tag-music","13":"tag-musica","14":"tag-spain"},"share_on_mastodon":{"url":"https:\/\/pubeurope.com\/@es\/115568251577020983","error":""},"_links":{"self":[{"href":"https:\/\/www.europesays.com\/es\/wp-json\/wp\/v2\/posts\/241931","targetHints":{"allow":["GET"]}}],"collection":[{"href":"https:\/\/www.europesays.com\/es\/wp-json\/wp\/v2\/posts"}],"about":[{"href":"https:\/\/www.europesays.com\/es\/wp-json\/wp\/v2\/types\/post"}],"author":[{"embeddable":true,"href":"https:\/\/www.europesays.com\/es\/wp-json\/wp\/v2\/users\/2"}],"replies":[{"embeddable":true,"href":"https:\/\/www.europesays.com\/es\/wp-json\/wp\/v2\/comments?post=241931"}],"version-history":[{"count":0,"href":"https:\/\/www.europesays.com\/es\/wp-json\/wp\/v2\/posts\/241931\/revisions"}],"wp:featuredmedia":[{"embeddable":true,"href":"https:\/\/www.europesays.com\/es\/wp-json\/wp\/v2\/media\/241932"}],"wp:attachment":[{"href":"https:\/\/www.europesays.com\/es\/wp-json\/wp\/v2\/media?parent=241931"}],"wp:term":[{"taxonomy":"category","embeddable":true,"href":"https:\/\/www.europesays.com\/es\/wp-json\/wp\/v2\/categories?post=241931"},{"taxonomy":"post_tag","embeddable":true,"href":"https:\/\/www.europesays.com\/es\/wp-json\/wp\/v2\/tags?post=241931"}],"curies":[{"name":"wp","href":"https:\/\/api.w.org\/{rel}","templated":true}]}}