{"id":241933,"date":"2025-11-18T02:05:37","date_gmt":"2025-11-18T02:05:37","guid":{"rendered":"https:\/\/www.europesays.com\/es\/241933\/"},"modified":"2025-11-18T02:05:37","modified_gmt":"2025-11-18T02:05:37","slug":"critica-de-gaua-la-pelicula-de-fantasia-ambientada-en-el-siglo-xvii-que-ha-conquistado-a-la-critica-de-cine","status":"publish","type":"post","link":"https:\/\/www.europesays.com\/es\/241933\/","title":{"rendered":"Cr\u00edtica de &#8216;Gaua&#8217;, la pel\u00edcula de fantas\u00eda ambientada en el siglo XVII que ha conquistado a la cr\u00edtica de cine"},"content":{"rendered":"<p data-journey-content=\"true\" data-node-id=\"3\" class=\"css-6wxqfj emevuu60\">El encantadoramente brumoso <a href=\"https:\/\/www.fotogramas.es\/festival-de-sitges\/\" data-vars-ga-outbound-link=\"https:\/\/www.fotogramas.es\/festival-de-sitges\/\" data-vars-ga-ux-element=\"Hyperlink\" data-vars-ga-call-to-action=\"Festival de Sitges\" data-node-id=\"3.1\" class=\"body-link css-d2so5l emevuu60\" rel=\"nofollow noopener\" target=\"_blank\">Festival de Sitges<\/a> ha sido el marco ideal para la presentaci\u00f3n mundial de la nueva pel\u00edcula de Paul Urkijo Alijo, el realizador que, tras jugar con demonios en &#8216;Errementari (El herrero y el diablo)&#8217; (2017) y luchar contra Carlomagno en &#8216;Irati&#8217; (2022), ha decidido resguardarse en el oscuro bosque de las monta\u00f1as de Euskal Herria para contarnos un fascinante cuento de brujas con &#8216;Gaua&#8217;. <\/p>\n<p><img draggable=\"true\" alt=\"gaua\" title=\"gaua\" loading=\"lazy\" width=\"2000\" height=\"2600\" decoding=\"async\" data-nimg=\"1\" style=\"color:transparent;width:100%;height:auto;\"   src=\"https:\/\/www.europesays.com\/es\/wp-content\/uploads\/2025\/10\/gaua-pelicula-68eb892e501b2.jpg\" class=\"css-0 e1g79fud0\"\/><\/p>\n<p>FILMAX<\/p>\n<p data-journey-content=\"true\" data-node-id=\"8\" class=\"css-6wxqfj emevuu60\">Con Yune Nogueiras como Kattalin, la sufrida protagonista, esta colecci\u00f3n de historietas cruzadas nos lleva a un sencillo villorrio que, en pleno siglo XVII, ha recibido la visita de unos inquisidores que no han tardado en perturbar la paz de sus vecinos, cl\u00e9rigo mediante.<\/p>\n<p><img draggable=\"true\" alt=\"gaua\" title=\"gaua\" loading=\"lazy\" width=\"3500\" height=\"2335\" decoding=\"async\" data-nimg=\"1\" style=\"color:transparent;width:100%;height:auto;\"   src=\"https:\/\/www.europesays.com\/es\/wp-content\/uploads\/2025\/11\/gaua-pelicula-6915c8deddd3b.jpg\" class=\"css-0 e1g79fud0\"\/><\/p>\n<p>FILMAX<\/p>\n<p data-journey-content=\"true\" data-node-id=\"11\" class=\"css-6wxqfj emevuu60\">Por suerte para paganos en general, y mala gente de buena voluntad en particular, una imparable tr\u00edada compuesta por Elena Irureta, Ane Gabara\u00edn e I\u00f1ake Irastorza proteger\u00e1 los secretos de la noche mientras sirve de narradora omnisciente.<\/p>\n<p data-journey-content=\"true\" data-node-id=\"14\" class=\"css-6wxqfj emevuu60\">La opresi\u00f3n y el miedo pronto se descubren como los antagonistas de &#8216;Gaua&#8217;, <strong data-node-id=\"14.1\">una f\u00e1bula sobre la necesidad de luchar por la libertad y el amor con todas las armas que nos ofrece la naturaleza<\/strong>, abrazando el irresistible poder de unas brujas euskaldunes que reclaman la pantalla para ellas y que, precisamente por ello, se echan de menos en seg\u00fan qu\u00e9 segmentos de este encantador viaje. <\/p>\n<p><img draggable=\"true\" alt=\"gaua\" title=\"gaua\" loading=\"lazy\" width=\"1600\" height=\"2400\" decoding=\"async\" data-nimg=\"1\" style=\"color:transparent;width:100%;height:auto;\"   src=\"https:\/\/www.europesays.com\/es\/wp-content\/uploads\/2025\/10\/gaua-68eb892e50267.jpg\" class=\"css-0 e1g79fud0\"\/><\/p>\n<p>FILMAX<\/p>\n<p data-journey-content=\"true\" data-node-id=\"17\" class=\"css-6wxqfj emevuu60\">&#8216;Akelarre&#8217; (Pablo Ag\u00fcero, 2020) no fue un espejismo, las amantes del oscuro siempre han habitado el norte de la pen\u00ednsula y, aunque no debamos creer en ellas ni negar en alto su existencia, es un placer volver a ver c\u00f3mo la gran pantalla se convierte en el espejo en el que ver reflejado <strong data-node-id=\"17.1\">un mundo con el que llevamos teniendo pesadillas desde que el primer hombre tuvo miedo de la primera mujer<\/strong>. <\/p>\n<p><img draggable=\"true\" alt=\"gaua\" title=\"gaua\" loading=\"lazy\" width=\"3500\" height=\"2431\" decoding=\"async\" data-nimg=\"1\" style=\"color:transparent;width:100%;height:auto;\"   src=\"https:\/\/www.europesays.com\/es\/wp-content\/uploads\/2025\/11\/1763431535_264_gaua-pelicula-paul-urkijo-estreno-6915c8dee0a48.jpg\" class=\"css-0 e1g79fud0\"\/><\/p>\n<p>FILMAX<\/p>\n<p>Para las de la noche y sus humildes y entregados siervos<\/p>\n<p data-journey-content=\"true\" data-node-id=\"22\" class=\"body-tip css-1n723qz emevuu60\"><strong data-node-id=\"22.0\">Lo mejor:<\/strong> sumergirse en el bosque vasco rodeado de brujas ahora es posible.<\/p>\n<p data-journey-content=\"true\" data-node-id=\"24\" class=\"body-tip css-1n723qz emevuu60\"><strong data-node-id=\"24.0\">Lo peor:<\/strong> que el p\u00fablico reticente a los cuentos no se atreva a salir en la oscuridad.<br data-node-id=\"24.2\"\/><\/p>\n<p><img draggable=\"true\" alt=\"gaua\" title=\"gaua\" loading=\"lazy\" width=\"1344\" height=\"1920\" decoding=\"async\" data-nimg=\"1\" style=\"color:transparent;width:100%;height:auto;\"   src=\"https:\/\/www.europesays.com\/es\/wp-content\/uploads\/2025\/10\/gaua-pelicula-poster-68eb892e507d9.jpg\" class=\"css-0 e1g79fud0\"\/><\/p>\n<p>FILMAX<\/p>\n<p>Ficha t\u00e9cnica<\/p>\n<p data-journey-content=\"true\" data-node-id=\"28\" class=\"css-6wxqfj emevuu60\"><strong data-node-id=\"28.0\">Direcci\u00f3n: <\/strong>Paul Urkijo Alijo <strong data-node-id=\"28.2\">Reparto:<\/strong> Yune Nogueiras, Elena Irureta, Ane Gabara\u00edn, I\u00f1ake Irastorza, Elena Uriz, Xabi L\u00f3pez <strong data-node-id=\"28.4\">Pa\u00eds:<\/strong> Espa\u00f1a <strong data-node-id=\"28.6\">A\u00f1o:<\/strong> 2025 <strong data-node-id=\"28.8\">Fecha de estreno:<\/strong> 14-11-2025 <strong data-node-id=\"28.10\">G\u00e9nero:<\/strong> Terror <strong data-node-id=\"28.12\">Guion:<\/strong> Paul Urkijo Alijo <strong data-node-id=\"28.14\">Duraci\u00f3n:<\/strong> 87 min.<\/p>\n<p data-journey-content=\"true\" data-node-id=\"30\" class=\"css-6wxqfj emevuu60\"><strong data-node-id=\"30.0\">Sinopsis:<\/strong> En plena caza de brujas, Kattalin huye de su marido, abandonando el caser\u00edo en mitad de la noche. Perdida en la negrura del bosque, siente una presencia que la persigue. En su camino, se topa con tres mujeres que, mientras lavan la ropa junto al r\u00edo, comparten cuentos de miedo y habladur\u00edas del pueblo. Para su asombro, Kattalin acabar\u00e1 convirti\u00e9ndose en parte de esas mismas historias.<\/p>\n<p><img draggable=\"true\" alt=\"gaua\" title=\"gaua\" loading=\"lazy\" width=\"3500\" height=\"2334\" decoding=\"async\" data-nimg=\"1\" style=\"color:transparent;width:100%;height:auto;\"   src=\"https:\/\/www.europesays.com\/es\/wp-content\/uploads\/2025\/11\/1763431537_177_paul-urkijo-gaua-director-pelicula-6915c8dedd019.jpg\" class=\"css-0 e1g79fud0\"\/><\/p>\n<p>FILMAX<\/p>\n<p><img src=\"https:\/\/www.europesays.com\/es\/wp-content\/uploads\/2025\/11\/7541bb6a-16f2-4527-9c94-b4ff6ee098ce_1646215165.file\" alt=\"Headshot of Ricardo Rosado\" title=\"Headshot of Ricardo Rosado\" width=\"100%\" height=\"100%\" decoding=\"async\" loading=\"lazy\" class=\"css-o0wq4v ev8dhu53\"\/><\/p>\n<p><a href=\"https:\/\/www.linkedin.com\/in\/ricardo-rosado-benito-609a5a40\/\" rel=\"nofollow noopener\" target=\"_blank\">Ricardo Rosado<\/a> es cr\u00edtico de cine, periodista cultural, experto en comedia norteamericana, pel\u00edculas de terror de cualquier tipo y todo lo que ocurra entre g\u00e9neros y formatos. Criado entre pel\u00edculas de Steven Spielberg, y malcriado desde que se top\u00f3 con David Lynch, lleva una d\u00e9cada escribiendo sobre el arte que consume.<\/p>\n<p>En FOTOGRAMAS le leer\u00e1s comentando los \u00faltimos estrenos en salas, fomentando la paz entre fans de Marvel y DC, repasando todas las novedades de Star Wars o sumergido en las profundidades de los cat\u00e1logos de Netflix, HBO Max, Prime Video y Filmin. Tambi\u00e9n le gusta hacer galer\u00edas y rankings de pel\u00edculas y series, pero nadie se f\u00eda demasiado de su criterio.<\/p>\n<p>Tras estudiar Comunicaci\u00f3n Audiovisual en la Universidad Complutense de Madrid, cre\u00f3 <a href=\"http:\/\/www.comboduoplus.com\/\" rel=\"nofollow noopener\" target=\"_blank\">un blog de rese\u00f1as cinematogr\u00e1ficas<\/a> con la esperanza de acudir gratis a festivales de cine y pases de prensa. Ahora, tras siete a\u00f1os escribiendo en FOTOGRAMAS sobre los \u00faltimos estrenos en salas, las series del momento y cualquier contenido disponible en los diferentes canales de streaming, sigue pensando que mereci\u00f3 la pena.<\/p>\n<p>Frontman de dos vergonzantes proyectos musicales, director de diversos videoclips de bandas de heavy metal madrile\u00f1as y autor de no pocos cortometrajes escondidos en la red de redes, es el editor y uno de los orgullosos contertulios del podcast cultural &#8216;<a href=\"https:\/\/www.ivoox.com\/podcast-de-al-lado-pumares_sq_f1627488_1.html\" rel=\"nofollow noopener\" target=\"_blank\">Los de al lado de Pumares<\/a>&#8216;, espacio que le ha permitido participar como colaborador en otros formatos de radio como &#8216;Estamos de cine&#8217; (Castilla-La Mancha Media) y <a href=\"https:\/\/cadenaser.com\/audio\/1627348931165\/\" rel=\"nofollow noopener\" target=\"_blank\">&#8216;El faro&#8217; (Cadena SER)<\/a>, adem\u00e1s de haberle convertido en una de las voces principales de los v\u00eddeos de FOTOGRAMAS. \u00a0<\/p>\n","protected":false},"excerpt":{"rendered":"El encantadoramente brumoso Festival de Sitges ha sido el marco ideal para la presentaci\u00f3n mundial de la nueva&hellip;\n","protected":false},"author":2,"featured_media":241934,"comment_status":"","ping_status":"","sticky":false,"template":"","format":"standard","meta":{"footnotes":""},"categories":[169],"tags":[177,1180,146,147,25,24,176,175,23],"class_list":{"0":"post-241933","1":"post","2":"type-post","3":"status-publish","4":"format-standard","5":"has-post-thumbnail","7":"category-cine","8":"tag-cine","9":"tag-editorial","10":"tag-entertainment","11":"tag-entretenimiento","12":"tag-es","13":"tag-espana","14":"tag-film","15":"tag-movies","16":"tag-spain"},"share_on_mastodon":{"url":"https:\/\/pubeurope.com\/@es\/115568255108812298","error":""},"_links":{"self":[{"href":"https:\/\/www.europesays.com\/es\/wp-json\/wp\/v2\/posts\/241933","targetHints":{"allow":["GET"]}}],"collection":[{"href":"https:\/\/www.europesays.com\/es\/wp-json\/wp\/v2\/posts"}],"about":[{"href":"https:\/\/www.europesays.com\/es\/wp-json\/wp\/v2\/types\/post"}],"author":[{"embeddable":true,"href":"https:\/\/www.europesays.com\/es\/wp-json\/wp\/v2\/users\/2"}],"replies":[{"embeddable":true,"href":"https:\/\/www.europesays.com\/es\/wp-json\/wp\/v2\/comments?post=241933"}],"version-history":[{"count":0,"href":"https:\/\/www.europesays.com\/es\/wp-json\/wp\/v2\/posts\/241933\/revisions"}],"wp:featuredmedia":[{"embeddable":true,"href":"https:\/\/www.europesays.com\/es\/wp-json\/wp\/v2\/media\/241934"}],"wp:attachment":[{"href":"https:\/\/www.europesays.com\/es\/wp-json\/wp\/v2\/media?parent=241933"}],"wp:term":[{"taxonomy":"category","embeddable":true,"href":"https:\/\/www.europesays.com\/es\/wp-json\/wp\/v2\/categories?post=241933"},{"taxonomy":"post_tag","embeddable":true,"href":"https:\/\/www.europesays.com\/es\/wp-json\/wp\/v2\/tags?post=241933"}],"curies":[{"name":"wp","href":"https:\/\/api.w.org\/{rel}","templated":true}]}}