{"id":241937,"date":"2025-11-18T02:07:07","date_gmt":"2025-11-18T02:07:07","guid":{"rendered":"https:\/\/www.europesays.com\/es\/241937\/"},"modified":"2025-11-18T02:07:07","modified_gmt":"2025-11-18T02:07:07","slug":"epoc-pacientes-son-los-mas-vulnerables-en-invierno-grupo-milenio","status":"publish","type":"post","link":"https:\/\/www.europesays.com\/es\/241937\/","title":{"rendered":"EPOC. Pacientes son los m\u00e1s vulnerables en invierno- Grupo Milenio"},"content":{"rendered":"<p>La <a href=\"https:\/\/www.milenio.com\/ciencia-y-salud\/enfermad-pulmonar-obstructiva-cronica-es-cuarta-causa-muerte-mundo\" target=\"_blank\" rel=\"nofollow noopener\">Enfermedad Pulmonar Obstructiva Cr\u00f3nic<\/a>a (EPOC) suele presentarse con una tos matutina con flemas que se atribuye a la contaminaci\u00f3n, al clima o al cigarro ocasional.<\/p>\n<p>Posteriormente, el paciente experimenta una sensaci\u00f3n de falta de aire al caminar a paso r\u00e1pido, cargar bolsas del mandado o subir uno o dos tramos de escaleras. Se detiene,<strong> respira con m\u00e1s lentitud y lo asume como parte de la edad o del cansancio cotidiano.<\/strong><\/p>\n<p>\u200bCon los meses o los a\u00f1os, <strong style=\"font-family: utopia-regular;\">la fatiga se vuelve m\u00e1s constante, la respiraci\u00f3n se vuelve pesada<\/strong> y, en etapas avanzadas, la piel alrededor de la boca o de las u\u00f1as puede adquirir un tono viol\u00e1ceo debido a la baja oxigenaci\u00f3n.<\/p>\n<p>La disnea, esa sensaci\u00f3n de no obtener suficiente aire, <a href=\"https:\/\/www.milenio.com\/negocios\/epoc-en-mexico-la-enfermedad-pulmonar-que-cuesta-347-mil-mdp-al-ano\" target=\"_blank\" rel=\"nofollow noopener\">termina interfiriendo con actividades simples<\/a>, como ba\u00f1arse, vestirse o sostener una conversaci\u00f3n caminando.<\/p>\n<p>Para Ra\u00fal Sansores, neum\u00f3logo, investigador cl\u00ednico e integrante del Centro Respiratorio de M\u00e9xico en M\u00e9dica Sur, la clave est\u00e1 en reconocer que la EPOC <strong>se desarrolla porque el cuerpo se adapta a vivir con menos funci\u00f3n pulmonar, <\/strong>lo que retrasa la preocupaci\u00f3n y la b\u00fasqueda de atenci\u00f3n. <\/p>\n<blockquote><p>\u201cLos pacientes sienten la falta de aire poco a poco y lo atribuyen a otras cosas. No lo asocian a haber fumado y <strong>lo niegan porque no quieren que les digan que deben dejar el cigarro<\/strong>\u201d, explic\u00f3 en entrevista con Milenio por el D\u00eda Mundial de la EPOC (Enfermedad Pulmonar Obstructiva Cr\u00f3nica), que se conmemora el 18 de noviembre.<\/p><\/blockquote>\n<p>La llegada del invierno intensifica este escenario. El aire fr\u00edo irrita la v\u00eda respiratoria, pero no llega solo. Con el cambio de estaci\u00f3n <strong>aumentan los al\u00e9rgenos liberados por \u00e1rboles como pinos y abedules.<\/strong><\/p>\n<p>La inflamaci\u00f3n vuelve a las personas m\u00e1s susceptibles a infecciones virales. \u201cEn esta \u00e9poca aparecen influenza, rinovirus, virus sincitial, adenovirus, coronavirus no covid y otros virus que antes no med\u00edamos. Ahora sabemos que est\u00e1n all\u00ed porque ya tenemos paneles diagn\u00f3sticos m\u00e1s amplios\u201d, explic\u00f3 en entrevista con <strong style=\"color: rgb(192, 80, 77);\">MILENIO<\/strong>.<\/p>\n<p>Una infecci\u00f3n respiratoria <a href=\"https:\/\/www.milenio.com\/ciencia-y-salud\/sombra-asfixia-rostro-oculto-epoc-mexico\" target=\"_blank\" rel=\"nofollow noopener\">en una persona con EPOC<\/a> puede provocar una exacerbaci\u00f3n que obliga a hospitalizar y en algunos casos requiere ox\u00edgeno suplementario. \u201cEn estas fechas aumenta mucho el n\u00famero de hospitalizaciones y lamentablemente tambi\u00e9n el n\u00famero de fallecimientos\u201d, advirti\u00f3.<\/p>\n<p>A nivel nacional, del ocho al 10 por ciento <a href=\"https:\/\/www.milenio.com\/politica\/comunidad\/aumentan-casos-asma-epoc-mexico-especialista-imer\" target=\"_blank\" rel=\"nofollow noopener\">de las personas mayores de 40 a\u00f1os vive con EPOC<\/a>, lo que equivale a varios millones de pacientes en distintas etapas. <\/p>\n<p><strong>En 2023, el Inegi report\u00f3 que <\/strong><strong>18 mil 560 personas fallecieron por EPOC. <\/strong>Sin embargo, Sansores aclar\u00f3 que \u201ccuando se analizan \u00fanicamente los casos con s\u00edntomas respiratorios como tos o falta de aire, la prevalencia sube a 13 o 14 por ciento\u201d.<\/p>\n<blockquote><p>\u201cEso significa que<strong> uno de cada 10 fumadores con s\u00edntomas tiene EPOC, pero la gran mayor\u00eda no lo sabe.<\/strong> La tos y la falta de aire se han normalizado socialmente, como si fueran un rasgo caracter\u00edstico de la vida adulta o del estr\u00e9s cotidiano, lo que retrasa el diagn\u00f3stico durante a\u00f1os\u201d.<\/p><\/blockquote>\n<p>Causas y s\u00edntomas<\/p>\n<p>Aunque el tabaquismo es la causa principal, en M\u00e9xico <a href=\"https:\/\/www.milenio.com\/ciencia-y-salud\/epoc-sintomas-y-afectaciones-de-la-enfermedad-que-la-causa\" target=\"_blank\" rel=\"nofollow noopener\">persisten otros factores<\/a> como la exposici\u00f3n cr\u00f3nica al humo de le\u00f1a en cocinas sin ventilaci\u00f3n adecuada. Las afectadas son mujeres en zonas rurales y periurbanas han cocinado durante d\u00e9cadas en espacios cerrados, respirando humo diariamente. <\/p>\n<p>\t\t<img decoding=\"async\" class=\"nd-media-detail-caption__img\" alt=\"Para Ra\u00fal Sansores, investigador cl\u00ednico e integrante del Centro Respiratorio de M\u00e9xico en M\u00e9dica Sur.\" data-camus-image=\"\" data-camus-toolbar-image-position=\"topleft\" loading=\"lazy\" src=\"https:\/\/images.milenio.com\/JRWLFcrvFz8B5BIZDjTN5G1k6Wc=\/375x0\/uploads\/media\/2025\/11\/17\/raul-sansores-investigador-clinico-integrante.jpeg\" height=\"501\" width=\"375\" onerror=\"this.onerror=null;this.src=\\'\/bundles\/appcamusassets\/dist\/images\/logo-Milenio-2.jpg\\'\"\/><\/p>\n<p>  \tRa\u00fal Sansores, investigador cl\u00ednico e integrante del Centro Respiratorio de M\u00e9xico en M\u00e9dica Sur. | Blanca Valadez<\/p>\n<p>  \t  \t<img decoding=\"async\" alt=\"filter-toggle\" class=\"nd-media-detail-caption__icon__icon\" src=\"https:\/\/www.milenio.com\/bundles\/appcamusassets\/dist\/images\/svg\/expand-solid.svg\" width=\"15\" height=\"15\" onerror=\"this.onerror=null;this.src=\\'\/bundles\/appcamusassets\/dist\/images\/logo-Milenio-2.jpg\\'\" loading=\"lazy\"\/><br \/>\n  \t  ampliar<\/p>\n<p>Una exposici\u00f3n de esa magnitud provoca da\u00f1o pulmonar similar al cigarro, pero en condiciones de desigualdad sanitaria y con acceso limitado a diagn\u00f3stico especializado. \u201cLo vemos sobre todo en mujeres que han cocinado con le\u00f1a durante muchos a\u00f1os. <strong>Es un problema que se pasa por alto porque ellas no se identifican como personas en riesgo<\/strong>\u201d, se\u00f1al\u00f3.<\/p>\n<p>Diagn\u00f3stico, clave para que tratamiento funcione<\/p>\n<p>La EPOC puede presentarse como bronquitis cr\u00f3nica, enfisema o enfermedad de la v\u00eda a\u00e9rea peque\u00f1a. En la bronquitis cr\u00f3nica predomina la tos con flemas. En el enfisema <strong>se destruyen las paredes internas de los alveolos y se pierde la capacidad para oxigenar la sangre.<\/strong><\/p>\n<p>En la enfermedad de bronquiolos perif\u00e9ricos, el s\u00edntoma principal es la falta de aire que avanza lentamente. En el enfisema, el paciente suele ser delgado y casi no presenta tos, pero sufre disnea progresiva. <\/p>\n<blockquote><p>\u201cLa pareja se da cuenta primero. Observa que la persona camina m\u00e1s lento o se queda atr\u00e1s. El paciente lo niega porque sabe que el origen es el cigarro\u201d, coment\u00f3 Sansores.<\/p><\/blockquote>\n<p><a href=\"https:\/\/www.milenio.com\/ciencia-y-salud\/diagnostico-y-tratamiento-oportunos-son-indispensables-ante-epoc\" target=\"_blank\" rel=\"nofollow noopener\">La espirometr\u00eda es la herramienta fundamental para el diagn\u00f3stico<\/a>. Se trata de una prueba sencilla, econ\u00f3mica y disponible en la mayor\u00eda de los servicios p\u00fablicos. \u201cPara pedir una espirometr\u00eda primero hay que pensar que el paciente puede tener EPOC\u201d, destac\u00f3. <\/p>\n<p><strong>Cuando el diagn\u00f3stico se realiza a tiempo, existen tratamientos inhalados que mejoran la funci\u00f3n pulmonar<\/strong>, disminuyen la frecuencia de exacerbaciones y devuelven autonom\u00eda. <\/p>\n<blockquote><p>\u201cLa rehabilitaci\u00f3n respiratoria permite fortalecer m\u00fasculos respiratorios y recuperar tolerancia al esfuerzo. El ox\u00edgeno suplementario se reserva para casos avanzados, tras evaluaci\u00f3n cl\u00ednica. Lo mejor que puede hacer un paciente para su salud es dejar de fumar\u201d, subray\u00f3.<\/p><\/blockquote>\n<p>La pandemia de covid-19 dej\u00f3 secuelas respiratorias que hoy se observan en consultorios. Algunos pacientes desarrollaron asma postviral y otros fibrosis pulmonar.<\/p>\n<p>Sansores trabaja en estudios cl\u00ednicos con pirfenidona (un medicamento que pertenece a la clase de los agentes anti fibr\u00f3ticos), <strong>con mejor\u00edas significativas en pacientes diagnosticados oportunamente. <\/strong><\/p>\n<blockquote><p>\u201cSi el diagn\u00f3stico se hace a tiempo, los pacientes pueden mejorar de forma muy significativa\u201d, indic\u00f3.<\/p><\/blockquote>\n<p>Sansores tambi\u00e9n anunci\u00f3 que en M\u00e9xico se realizar\u00e1 un congreso gratuito para m\u00e9dicos de primer contacto, con talleres de interpretaci\u00f3n de espirometr\u00eda e imagen tor\u00e1cica, <a href=\"https:\/\/www.milenio.com\/politica\/comunidad\/imss-busca-reducir-mortalidad-covid-19-deteccion-epoc\" target=\"_blank\" rel=\"nofollow noopener\">destinado a promover el diagn\u00f3stico temprano<\/a>.<\/p>\n<blockquote><p> \u201cNuestro objetivo es informar, educar y prevenir. Si conocemos la enfermedad, la podemos diagnosticar a tiempo\u201d. <\/p><\/blockquote>\n<p>Un aspecto relevante es que el diagn\u00f3stico temprano y uso de broncodilatadores podr\u00edan reducir los costos m\u00e9dicos directos por a\u00f1o: <strong>Una persona en promedio puede llegar a ser entre 20 mil 754 y 41 mil 887 pesos en pacientes con EPOC moderado a grave,<\/strong> de acuerdo con el estudio \u201cCostos m\u00e9dicos directos en pacientes con enfermedad pulmonar obstructiva cr\u00f3nica en M\u00e9xico\u201d considerando las estancias intrahospitalarias y utilizaci\u00f3n de ox\u00edgeno. Un broncodilatador puede costar alrededor de 150 pesos.<\/p>\n<p>    \t<img decoding=\"async\" alt=\"__icon\" class=\"nd-related-news-detail-media-dual__icon\" src=\"https:\/\/www.milenio.com\/bundles\/appcamusassets\/dist\/images\/svg\/arrow-circle-right-solid.svg\" width=\"15\" height=\"15\" onerror=\"this.onerror=null;this.src=\\'\/bundles\/appcamusassets\/dist\/images\/logo-Milenio-2.jpg\\'\" loading=\"lazy\"\/><br \/>\n    Te recomendamos<\/p>\n<p>LP<\/p>\n","protected":false},"excerpt":{"rendered":"La Enfermedad Pulmonar Obstructiva Cr\u00f3nica (EPOC) suele presentarse con una tos matutina con flemas que se atribuye a&hellip;\n","protected":false},"author":2,"featured_media":241938,"comment_status":"","ping_status":"","sticky":false,"template":"","format":"standard","meta":{"footnotes":""},"categories":[92],"tags":[62231,41313,10862,14808,25,24,165,16250,166,23,21422,62232,2275],"class_list":{"0":"post-241937","1":"post","2":"type-post","3":"status-publish","4":"format-standard","5":"has-post-thumbnail","7":"category-salud","8":"tag-causas-de-epoc","9":"tag-enfermedad-pulmonar-obstructiva-cronica","10":"tag-enfermedades-respiratorias","11":"tag-epoc","12":"tag-es","13":"tag-espana","14":"tag-health","15":"tag-invierno","16":"tag-salud","17":"tag-spain","18":"tag-tabaquismo","19":"tag-temporada-invernal","20":"tag-virus"},"share_on_mastodon":{"url":"https:\/\/pubeurope.com\/@es\/115568263188837185","error":""},"_links":{"self":[{"href":"https:\/\/www.europesays.com\/es\/wp-json\/wp\/v2\/posts\/241937","targetHints":{"allow":["GET"]}}],"collection":[{"href":"https:\/\/www.europesays.com\/es\/wp-json\/wp\/v2\/posts"}],"about":[{"href":"https:\/\/www.europesays.com\/es\/wp-json\/wp\/v2\/types\/post"}],"author":[{"embeddable":true,"href":"https:\/\/www.europesays.com\/es\/wp-json\/wp\/v2\/users\/2"}],"replies":[{"embeddable":true,"href":"https:\/\/www.europesays.com\/es\/wp-json\/wp\/v2\/comments?post=241937"}],"version-history":[{"count":0,"href":"https:\/\/www.europesays.com\/es\/wp-json\/wp\/v2\/posts\/241937\/revisions"}],"wp:featuredmedia":[{"embeddable":true,"href":"https:\/\/www.europesays.com\/es\/wp-json\/wp\/v2\/media\/241938"}],"wp:attachment":[{"href":"https:\/\/www.europesays.com\/es\/wp-json\/wp\/v2\/media?parent=241937"}],"wp:term":[{"taxonomy":"category","embeddable":true,"href":"https:\/\/www.europesays.com\/es\/wp-json\/wp\/v2\/categories?post=241937"},{"taxonomy":"post_tag","embeddable":true,"href":"https:\/\/www.europesays.com\/es\/wp-json\/wp\/v2\/tags?post=241937"}],"curies":[{"name":"wp","href":"https:\/\/api.w.org\/{rel}","templated":true}]}}