{"id":241943,"date":"2025-11-18T02:10:14","date_gmt":"2025-11-18T02:10:14","guid":{"rendered":"https:\/\/www.europesays.com\/es\/241943\/"},"modified":"2025-11-18T02:10:14","modified_gmt":"2025-11-18T02:10:14","slug":"bolsa-el-ibex-35-baja-por-tercera-sesion-consecutiva-y-deja-atras-los-16-200-puntos-mercados-financieros","status":"publish","type":"post","link":"https:\/\/www.europesays.com\/es\/241943\/","title":{"rendered":"Bolsa: El Ibex 35 baja por tercera sesi\u00f3n consecutiva y deja atr\u00e1s los 16.200 puntos | Mercados Financieros"},"content":{"rendered":"<p class=\"\">Los mercados regresan al rojo en el arranque de la semana, con el Ibex cayendo el 1,06%, la tercera sesi\u00f3n consecutiva en negativo. Pese a que el arranque de la sesi\u00f3n ha sido positivo, con leves ascensos durante la ma\u00f1ana, los futuros sobre Wall Street han enfriado las esperadas subidas y lastrado, as\u00ed, a Europa. El S&amp;P 500, que marcaba al cierre europeo un descenso del 0,14%, termin\u00f3 la jornada con una bajada del 0,92%; mientras que el Nasdaq cay\u00f3 un 0,84%. En Europa, los principales mercados descienden en torno al punto porcentual. <\/p>\n<p class=\"\">El Ibex ha perdido el 2,5% desde los m\u00e1ximos del pasado mi\u00e9rcoles, m\u00e1s all\u00e1 de los 16.600 puntos, y hoy ha dejado atr\u00e1s los 16.200. La preocupaci\u00f3n por la posible sobrevaloraci\u00f3n de las acciones tecnol\u00f3gicas y las menores expectativas de recortes de tipos por parte de la Reserva Federal han acelerado el nerviosismo en las \u00faltimas jornadas, y la semana que empieza est\u00e1 cargada de elementos capaces de mover mercado. <\/p>\n<p class=\"\">El mi\u00e9rcoles se conocer\u00e1n las actas de la \u00faltima reuni\u00f3n de la Reserva Federal y, ya despu\u00e9s del cierre de mercado. El jueves se publicar\u00e1n las cifras de empleo de Estados Unidos de septiembre, despu\u00e9s del apag\u00f3n estad\u00edstico provocado por el cierre de la Administraci\u00f3n. \u201cEl informe mensual sobre el empleo normalmente dominar\u00eda el calendario, pero con las dudas alrededor de la IA durante las \u00faltimas dos semanas, los beneficios de Nvidia vuelven a parecer una pieza clave del rompecabezas\u201d, afirm\u00f3 ChrisLarkin, de Morgan Stanley, a Bloomberg.<\/p>\n<p class=\"\">De los datos de empleo se espera que confirmen las encuestas privadas previas que muestran una desaceleraci\u00f3n en el mercado laboral. \u201cA pesar de estar desactualizados, los datos de empleo de septiembre en EE UU son importantes, ya que la demora en su publicaci\u00f3n ha generado incertidumbre en los mercados y entre los responsables pol\u00edticos\u201d, afirm\u00f3 a Bloomberg Ulrich Urbahn, director de estrategia e investigaci\u00f3n multiactivos de Berenberg. \u201cEl informe ayudar\u00e1 a clarificar el impulso econ\u00f3mico y las expectativas sobre un recorte de tipos por parte de la Fed\u201d. \u201cEl consenso actual prev\u00e9 un aumento de 50.000 puestos de trabajo y una tasa de desempleo sin cambios, en el 4,3%\u201d, anticipa ING. \u201cLa Fed necesita datos estadounidenses claramente d\u00e9biles para recortar los tipos en diciembre\u201d. Para el mercado de futuros, la reuni\u00f3n de la Fed es una moneda al aire: la probabilidad de recorte es del 50%.<\/p>\n<p class=\"\">En el mercado espa\u00f1ol, hoy el Ibex es de 34 valores m\u00e1s uno. Solaria se dispara un 15,7% despu\u00e9s de publicar resultados pero, m\u00e1s all\u00e1 de la empresa de energ\u00eda solar, la sesi\u00f3n es invernal. Ning\u00fan valor sube m\u00e1s del 1%, y en el lado negativo destacan ca\u00eddas de algunas de las mayores empresas del parqu\u00e9: Inditex baja m\u00e1s del 3% y Santander, el 2%. Puig, el BBVA y Amadeus tambi\u00e9n pierden por encima del 1,5%. <\/p>\n<p class=\"\">En el mercado de divisas, el d\u00f3lar sube ligeramente, manteniendo al euro algo por debajo de 1,16 d\u00f3lares. El oro cede medio punto porcentual, cotizando a 4.070 d\u00f3lares la onza. Los futuros del crudo Brent se cambian por 64,4 d\u00f3lares, sin apenas cambios. <\/p>\n<p class=\"\">En Asia, la creciente tensi\u00f3n diplom\u00e1tica entre China y Jap\u00f3n afecta este lunes a la Bolsa de Tokio, aunque al cierre las ca\u00eddas se moderan al 0,1% en el \u00edndice Nikkei. La pol\u00e9mica se desat\u00f3 despu\u00e9s de que la primera ministra japonesa, Sanae Takaichi, declarara ante el Parlamento que un ataque chino contra Taiw\u00e1n podr\u00eda poner en peligro la supervivencia de Jap\u00f3n y potencialmente desencadenar una respuesta militar.<\/p>\n<p class=\"\"><a href=\"https:\/\/cincodias.elpais.com\/mercados\/bolsa\/\" title=\"https:\/\/cincodias.elpais.com\/mercados\/bolsa\/\" rel=\"nofollow noopener\" target=\"_blank\">Bolsas<\/a> &#8211; <a href=\"https:\/\/cincodias.elpais.com\/mercados\/divisas\/\" title=\"https:\/\/cincodias.elpais.com\/mercados\/divisas\/\" rel=\"nofollow noopener\" target=\"_blank\">Divisas<\/a> &#8211; <a href=\"https:\/\/cincodias.elpais.com\/mercados\/prima-de-riesgo\/\" title=\"https:\/\/cincodias.elpais.com\/mercados\/prima-de-riesgo\/\" rel=\"nofollow noopener\" target=\"_blank\">Deuda<\/a> &#8211; <a href=\"https:\/\/cincodias.elpais.com\/mercados\/tipos-de-interes\/\" title=\"https:\/\/cincodias.elpais.com\/mercados\/tipos-de-interes\/\" rel=\"nofollow noopener\" target=\"_blank\">Tipos de inter\u00e9s<\/a> &#8211; <a href=\"https:\/\/cincodias.elpais.com\/mercados\/materias-primas\/\" title=\"https:\/\/cincodias.elpais.com\/mercados\/materias-primas\/\" rel=\"nofollow noopener\" target=\"_blank\">Materias primas<\/a><\/p>\n","protected":false},"excerpt":{"rendered":"Los mercados regresan al rojo en el arranque de la semana, con el Ibex cayendo el 1,06%, la&hellip;\n","protected":false},"author":2,"featured_media":241944,"comment_status":"","ping_status":"","sticky":false,"template":"","format":"standard","meta":{"footnotes":""},"categories":[80],"tags":[2300,3513,3512,82,3508,3507,3504,95,94,25,24,3503,2731,3506,3501,3502,3511,1841,3505,3510,3509,23],"class_list":{"0":"post-241943","1":"post","2":"type-post","3":"status-publish","4":"format-standard","5":"has-post-thumbnail","7":"category-economia","8":"tag-bolsa","9":"tag-bolsa-madrid","10":"tag-brent","11":"tag-business","12":"tag-cac-40","13":"tag-dax-xetra","14":"tag-dow-jones","15":"tag-economia","16":"tag-economy","17":"tag-es","18":"tag-espana","19":"tag-eurostoxx-50","20":"tag-finanzas","21":"tag-ftse","22":"tag-ibex-35","23":"tag-indices-bursatiles","24":"tag-materias-primas","25":"tag-mercados-financieros","26":"tag-nasdaq","27":"tag-nikkei","28":"tag-sp-500","29":"tag-spain"},"share_on_mastodon":{"url":"https:\/\/pubeurope.com\/@es\/115568274595387625","error":""},"_links":{"self":[{"href":"https:\/\/www.europesays.com\/es\/wp-json\/wp\/v2\/posts\/241943","targetHints":{"allow":["GET"]}}],"collection":[{"href":"https:\/\/www.europesays.com\/es\/wp-json\/wp\/v2\/posts"}],"about":[{"href":"https:\/\/www.europesays.com\/es\/wp-json\/wp\/v2\/types\/post"}],"author":[{"embeddable":true,"href":"https:\/\/www.europesays.com\/es\/wp-json\/wp\/v2\/users\/2"}],"replies":[{"embeddable":true,"href":"https:\/\/www.europesays.com\/es\/wp-json\/wp\/v2\/comments?post=241943"}],"version-history":[{"count":0,"href":"https:\/\/www.europesays.com\/es\/wp-json\/wp\/v2\/posts\/241943\/revisions"}],"wp:featuredmedia":[{"embeddable":true,"href":"https:\/\/www.europesays.com\/es\/wp-json\/wp\/v2\/media\/241944"}],"wp:attachment":[{"href":"https:\/\/www.europesays.com\/es\/wp-json\/wp\/v2\/media?parent=241943"}],"wp:term":[{"taxonomy":"category","embeddable":true,"href":"https:\/\/www.europesays.com\/es\/wp-json\/wp\/v2\/categories?post=241943"},{"taxonomy":"post_tag","embeddable":true,"href":"https:\/\/www.europesays.com\/es\/wp-json\/wp\/v2\/tags?post=241943"}],"curies":[{"name":"wp","href":"https:\/\/api.w.org\/{rel}","templated":true}]}}