{"id":241945,"date":"2025-11-18T02:11:08","date_gmt":"2025-11-18T02:11:08","guid":{"rendered":"https:\/\/www.europesays.com\/es\/241945\/"},"modified":"2025-11-18T02:11:08","modified_gmt":"2025-11-18T02:11:08","slug":"el-papa-leon-xiii-pide-medidas-mas-contundentes-en-la-cop30-ante-la-falta-voluntad-politica-de-algunos","status":"publish","type":"post","link":"https:\/\/www.europesays.com\/es\/241945\/","title":{"rendered":"El papa Le\u00f3n XIII pide medidas m\u00e1s contundentes en la COP30 ante la falta \u00abvoluntad pol\u00edtica de algunos\u00bb"},"content":{"rendered":"<p>El <strong>papa Le\u00f3n XIV<\/strong> ha instado a los pa\u00edses que participan en las negociaciones clim\u00e1ticas de la <strong>COP30 <\/strong>a tomar medidas concretas para detener el <strong>cambio clim\u00e1tico<\/strong>, afirmando que la humanidad est\u00e1 fallando en su respuesta al calentamiento global y que \u00abla creaci\u00f3n clama con inundaciones, sequ\u00edas, tormentas y un calor implacable\u00bb.<\/p>\n<p>El mensaje del Vaticano refleja la creciente preocupaci\u00f3n por la disminuci\u00f3n de la ambici\u00f3n internacional y el aumento de las<strong> emisiones de gases de efecto invernadero<\/strong>. En un mensaje de video dirigido a los l\u00edderes religiosos reunidos en Bel\u00e9m, Le\u00f3n ha declarado que las naciones hab\u00edan logrado avances, \u00abpero no los suficientes\u00bb. \u00abUna de cada tres personas vive en una situaci\u00f3n de gran vulnerabilidad debido a esto\u00bb, ha expresado el pont\u00edfice. \u00abPara ellas, el cambio clim\u00e1tico no es una amenaza lejana, e ignorar a estas personas es<strong> negar nuestra humanidad compartida<\/strong>\u00ab.<\/p>\n<p>Su video llega al inicio de la<strong> segunda semana de las negociaciones<\/strong>, ante los ojos de ministros de alto nivel de gobiernos de todo el mundo que se re\u00fanen en la periferia de la Amazon\u00eda brasile\u00f1a para participar en las conversaciones. Este lunes ha estado marcado por los discursos de varios l\u00edderes de pa\u00edses del sur global, cuyos testimonios evidencian los devastadores costos de los fen\u00f3menos meteorol\u00f3gicos extremos y desastres naturales.<\/p>\n<p>Le\u00f3n XIV apela a los Acuerdos de Par\u00eds<\/p>\n<p>Las naciones vulnerables han presionado para que se adopten medidas m\u00e1s ambiciosas en estas negociaciones, a medida que los l\u00edderes mundiales han comenzado a reconocer que la Tierra<strong> superar\u00e1 el l\u00edmite deseado de 1,5 grados<\/strong> en el calentamiento global desde la \u00e9poca preindustrial. Ese fue el objetivo fijado en estas negociaciones de 2015 en el hist\u00f3rico <strong>Acuerdo de Par\u00eds<\/strong>. Sobre ello, Le\u00f3n XIV ha remarcado que a\u00fan hay tiempo para cumplir con el pacto, \u00abpero no mucho\u00bb.<\/p>\n<p>\u00abComo custodios de la creaci\u00f3n de Dios, estamos llamados a actuar con rapidez, con fe y con la gu\u00eda de Dios, para proteger el don que \u00c9l nos confi\u00f3\u00bb, ha dicho. Y ha a\u00f1adido: \u00abPero debemos ser honestos: <strong>no es el Acuerdo el que est\u00e1 fallando<\/strong>, sino nuestra respuesta\u00bb. \u00abLo que est\u00e1 fallando es la voluntad pol\u00edtica de algunos\u00bb. Le\u00f3n ha hecho historia este a\u00f1o al convertirse en el primer papa estadounidense y ha adoptado el <strong>legado ambiental de Francisco<\/strong>, incluyendo su rechazo a los esc\u00e9pticos del cambio clim\u00e1tico.<\/p>\n<p>Su pa\u00eds de nacimiento, el segundo pa\u00eds m\u00e1s contaminante del mundo, no asistir\u00e1 a la conferencia. El presidente estadounidense, Donald Trump, calific\u00f3 el cambio clim\u00e1tico como \u00abel <strong>mayor enga\u00f1o jam\u00e1s <\/strong>perpetrado contra el mundo\u00bb durante un discurso ante la Asamblea General de la ONU en septiembre.<\/p>\n<p>Los cient\u00edficos afirman que, adem\u00e1s del calor extremo, el calentamiento de la atm\u00f3sfera provoca fen\u00f3menos meteorol\u00f3gicos extremos m\u00e1s frecuentes y mortales, como inundaciones, sequ\u00edas, lluvias torrenciales y huracanes m\u00e1s potentes.<\/p>\n","protected":false},"excerpt":{"rendered":"El papa Le\u00f3n XIV ha instado a los pa\u00edses que participan en las negociaciones clim\u00e1ticas de la COP30&hellip;\n","protected":false},"author":2,"featured_media":241946,"comment_status":"","ping_status":"","sticky":false,"template":"","format":"standard","meta":{"footnotes":""},"categories":[42],"tags":[17,18,13,14,11,61,62,63,64,19,20,9,10,15,16,12,21,22,65,66,67],"class_list":{"0":"post-241945","1":"post","2":"type-post","3":"status-publish","4":"format-standard","5":"has-post-thumbnail","7":"category-internacional","8":"tag-breaking-news","9":"tag-breakingnews","10":"tag-featured-news","11":"tag-featurednews","12":"tag-headlines","13":"tag-internacional","14":"tag-international","15":"tag-international-news","16":"tag-internationalnews","17":"tag-latest-news","18":"tag-latestnews","19":"tag-news","20":"tag-noticias","21":"tag-noticias-destacadas","22":"tag-noticiasdestacadas","23":"tag-titulares","24":"tag-ultimas-noticias","25":"tag-ultimasnoticias","26":"tag-world","27":"tag-world-news","28":"tag-worldnews"},"share_on_mastodon":{"url":"https:\/\/pubeurope.com\/@es\/115568278788853068","error":""},"_links":{"self":[{"href":"https:\/\/www.europesays.com\/es\/wp-json\/wp\/v2\/posts\/241945","targetHints":{"allow":["GET"]}}],"collection":[{"href":"https:\/\/www.europesays.com\/es\/wp-json\/wp\/v2\/posts"}],"about":[{"href":"https:\/\/www.europesays.com\/es\/wp-json\/wp\/v2\/types\/post"}],"author":[{"embeddable":true,"href":"https:\/\/www.europesays.com\/es\/wp-json\/wp\/v2\/users\/2"}],"replies":[{"embeddable":true,"href":"https:\/\/www.europesays.com\/es\/wp-json\/wp\/v2\/comments?post=241945"}],"version-history":[{"count":0,"href":"https:\/\/www.europesays.com\/es\/wp-json\/wp\/v2\/posts\/241945\/revisions"}],"wp:featuredmedia":[{"embeddable":true,"href":"https:\/\/www.europesays.com\/es\/wp-json\/wp\/v2\/media\/241946"}],"wp:attachment":[{"href":"https:\/\/www.europesays.com\/es\/wp-json\/wp\/v2\/media?parent=241945"}],"wp:term":[{"taxonomy":"category","embeddable":true,"href":"https:\/\/www.europesays.com\/es\/wp-json\/wp\/v2\/categories?post=241945"},{"taxonomy":"post_tag","embeddable":true,"href":"https:\/\/www.europesays.com\/es\/wp-json\/wp\/v2\/tags?post=241945"}],"curies":[{"name":"wp","href":"https:\/\/api.w.org\/{rel}","templated":true}]}}