{"id":241956,"date":"2025-11-18T02:23:11","date_gmt":"2025-11-18T02:23:11","guid":{"rendered":"https:\/\/www.europesays.com\/es\/241956\/"},"modified":"2025-11-18T02:23:11","modified_gmt":"2025-11-18T02:23:11","slug":"preciosas-imagenes-de-su-otono","status":"publish","type":"post","link":"https:\/\/www.europesays.com\/es\/241956\/","title":{"rendered":"preciosas im\u00e1genes de su oto\u00f1o"},"content":{"rendered":"<p><strong>El equipo femenino del Barcelona celebr\u00f3 el pasado s\u00e1bado uno de los partidos m\u00e1s importantes de la temporada.<\/strong> Las azulgranas tuvieron que enfrentarse contra el <a bravo=\"\" data-external=\"0\" data-intl-links-ca=\"https:\/\/www.elnacional.cat\/enblau\/ca\/televisio\/jugadors-reial-madrid-seleccio-espanyola-convocats-lesionats-lamine-yamal-fuente-barca-poqui-baste-tv3_1513630_102.html\" data-intl-links-es=\"https:\/\/www.elnacional.cat\/enblau\/es\/television\/jugadores-real-madrid-seleccion-espanola-convocados-lesionados-lamine-yamal-fuente-barca-poqui-baste-tv3_1513630_102.html\" href=\"https:\/\/www.elnacional.cat\/enblau\/es\/television\/jugadores-real-madrid-seleccion-espanola-convocados-lesionados-lamine-yamal-fuente-barca-poqui-baste-tv3_1513630_102.html\" rel=\"follow nofollow noopener\" target=\"_self\" title=\"Descomunal &#039;rajada&#039; sobre el Madrid, la &#039;Roja&#039; i la caverna merengue d&#039;un col\u00b7laborador de TV3. Bast\u00e9: \">Madrid.<\/a> El resultado fue totalmente abrumador: cuatro a cero en favor de las azulgranas. Una de las piezas clave del equipo, <strong>Mapi Le\u00f3n<\/strong>, quiso dar las gracias a la afici\u00f3n por el gran apoyo recibido, especialmente en un partido tan importante como aquel. Para <a data-external=\"0\" data-intl-links-ca=\"https:\/\/www.elnacional.cat\/enblau\/ca\/televisio\/mapi-leon-fa-plorar-culers-aquesta-visita-ingrid-engen-adeu-mes-complicat-vida_1493591_102.html\" data-intl-links-es=\"https:\/\/www.elnacional.cat\/enblau\/es\/television\/mapi-leon-hace-llorar-cules-con-esta-visita-ingrid-engen-adios-mas-complicado-vida_1493591_102.html\" href=\"https:\/\/www.elnacional.cat\/enblau\/es\/television\/mapi-leon-hace-llorar-cules-con-esta-visita-ingrid-engen-adios-mas-complicado-vida_1493591_102.html\" la=\"\" rel=\"follow nofollow noopener\" target=\"_self\" title=\"Mapi Le\u00f3n fa plorar els culers amb aquesta visita a Ingrid Engen, l&#039;adeu m\u00e9s complicat: \" vida...=\"\">Le\u00f3n<\/a>, sin embargo, hay una victoria que todav\u00eda le hace m\u00e1s ilusi\u00f3n que vencer en el <a data-external=\"0\" data-intl-links-ca=\"https:\/\/www.elnacional.cat\/enblau\/ca\/televisio\/indignacio-dazn-han-dit-classic-femeni-barca-reial-madrid-comentaristes-narracio_1513801_102.html\" data-intl-links-es=\"https:\/\/www.elnacional.cat\/enblau\/es\/television\/indignacion-dazn-han-dicho-clasico-femenino-barca-real-madrid-comentaristas-narracion_1513801_102.html\" href=\"https:\/\/www.elnacional.cat\/enblau\/es\/television\/indignacion-dazn-han-dicho-clasico-femenino-barca-real-madrid-comentaristas-narracion_1513801_102.html\" rel=\"follow nofollow noopener\" target=\"_self\" title=\"Indignaci\u00f3 amb DAZN pel que han dit en el Cl\u00e0ssic femen\u00ed. Crack de TV3 esclata: \">cl\u00e1sico<\/a>:<strong> haber encontrado el amor de su vida en el terreno de juego,<\/strong> <strong>Ingrid Engen.\u00a0<\/strong><\/p>\n<blockquote class=\"instagram-media\" data-instgrm-captioned=\"\" data-instgrm-permalink=\"https:\/\/www.instagram.com\/p\/DRH4DeCCHKf\/?utm_source=ig_embed&amp;utm_campaign=loading\" data-instgrm-version=\"14\" style=\" background:#FFF; border:0; border-radius:3px; box-shadow:0 0 1px 0 rgba(0,0,0,0.5),0 1px 10px 0 rgba(0,0,0,0.15); margin: 1px; max-width:540px; min-width:326px; padding:0; width:99.375%; width:-webkit-calc(100% - 2px); width:calc(100% - 2px);\"><p>&#13;<br \/>\n&#13;\n<\/p><\/blockquote>\n<p>&#13;<br \/>\n&#13;<br \/>\n&#13;<br \/>\nMapi Le\u00f3n e Ingrid Engen en el ascensor \/ Instagram&#13;<\/p>\n<p>&#13;<br \/>\n&#13;<br \/>\n&#13;<br \/>\nIngrid Engen y Mapi Le\u00f3n \/ Instagram&#13;<\/p>\n<p>&#13;<br \/>\n&#13;<br \/>\n&#13;<br \/>\nIngrid Engen y Mapi Le\u00f3n \/ Instagram&#13;<\/p>\n<p><strong>En 2021, Engen entr\u00f3 a las filas del F\u00fatbol Club Barcelona y, muy pronto, una historia entre ellas dos comenz\u00f3. <\/strong>A lo largo de todos estos a\u00f1os han llevado su relaci\u00f3n de manera totalmente profesional a pesar de ser, durante a\u00f1os, del mismo vestuario. La jugadora noruega dej\u00f3 de formar parte de la plantilla este 2025, pero, aun as\u00ed,<strong> Engen nunca ha abandonado el espacio que se ha hecho en el coraz\u00f3n de Le\u00f3n. <\/strong>A pesar del ritmo de sus vidas y lo que implica estar en equipos de f\u00fatbol de diferentes pa\u00edses, est\u00e1n constantemente en contacto y as\u00ed lo hacen ver a sus seguidores v\u00eda redes.<strong> Cada vez, las im\u00e1genes son m\u00e1s dulces. <\/strong><\/p>\n<p>&#13;<br \/>\n&#13;<br \/>\n&#13;<br \/>\nIngrid Engen y Mapi Le\u00f3n \/ Instagram&#13;<\/p>\n<blockquote class=\"instagram-media\" data-instgrm-captioned=\"\" data-instgrm-permalink=\"https:\/\/www.instagram.com\/p\/DL-XHKnISaD\/?utm_source=ig_embed&amp;utm_campaign=loading\" data-instgrm-version=\"14\" style=\" background:#FFF; border:0; border-radius:3px; box-shadow:0 0 1px 0 rgba(0,0,0,0.5),0 1px 10px 0 rgba(0,0,0,0.15); margin: 1px; max-width:540px; min-width:326px; padding:0; width:99.375%; width:-webkit-calc(100% - 2px); width:calc(100% - 2px);\"><p>&#13;<br \/>\n&#13;\n<\/p><\/blockquote>\n<p>&#13;<br \/>\n&#13;<br \/>\n&#13;<br \/>\nIngrid Engen y Mapi Le\u00f3n \/ Instagram&#13;<\/p>\n<p>En esta ocasi\u00f3n ha sido Engen quien ha abierto una ventana para que podamos ver un poco m\u00e1s de la vida de las dos juntas. En su \u00faltima publicaci\u00f3n en Instagram, la futbolista ha colgado una recopilaci\u00f3n de sus cosas favoritas de oto\u00f1o (favorites from fall), <strong>como era de esperar su chica ten\u00eda que ocupar alguna de las fotograf\u00edas.<\/strong> En la segunda de las im\u00e1genes del carrusel podemos encontrar un selfie de ambas que deshace los corazones: <strong>Mapi apoyando su cabeza contra la de Engen, que no puede evitar que sus ojos de enamorada la delaten.<\/strong> En la pen\u00faltima foto de la recopilaci\u00f3n vuelve a aparecer su pareja, esta vez Le\u00f3n est\u00e1 retratada en una imagen muy cotidiana: <strong>en el sof\u00e1 con su gata<\/strong> (personaje ya muy conocido en redes).<\/p>\n<p>&#13;<br \/>\n&#13;<br \/>\n&#13;<br \/>\nMapi Le\u00f3n con su gata \/ Instagram&#13;<\/p>\n<p>&#13;<br \/>\n&#13;<br \/>\n&#13;<br \/>\nEl selfie de la pareja en el perfil de Engen \/ Instagram&#13;<\/p>\n<blockquote class=\"instagram-media\" data-instgrm-captioned=\"\" data-instgrm-permalink=\"https:\/\/www.instagram.com\/p\/DIZZ8gryLjp\/?utm_source=ig_embed&amp;utm_campaign=loading\" data-instgrm-version=\"14\" style=\" background:#FFF; border:0; border-radius:3px; box-shadow:0 0 1px 0 rgba(0,0,0,0.5),0 1px 10px 0 rgba(0,0,0,0.15); margin: 1px; max-width:540px; min-width:326px; padding:0; width:99.375%; width:-webkit-calc(100% - 2px); width:calc(100% - 2px);\"><p>&#13;<br \/>\n&#13;\n<\/p><\/blockquote>\n<p><strong>La pareja no deja de demostrar que la distancia y las vidas ocupadas no son un obst\u00e1culo para ellas.<\/strong> Despu\u00e9s de m\u00e1s de cuatro a\u00f1os de relaci\u00f3n, Engen y Le\u00f3n siguen conservando el amor como si se tratara de los primeros meses. M\u00e1s all\u00e1 de los \u00e9xitos profesionales que el Barcelona les haya dado (o en el caso de Le\u00f3n, a\u00fan le pueda dar),\u00a0<strong>la pareja siempre guardar\u00e1 un afecto especial al club por ser el lugar que las vio enamorarse profundamente.\u00a0<\/strong><\/p>\n<p>                    <script async src=\"\/\/www.instagram.com\/embed.js\"><\/script><\/p>\n","protected":false},"excerpt":{"rendered":"El equipo femenino del Barcelona celebr\u00f3 el pasado s\u00e1bado uno de los partidos m\u00e1s importantes de la temporada.&hellip;\n","protected":false},"author":2,"featured_media":241957,"comment_status":"","ping_status":"","sticky":false,"template":"","format":"standard","meta":{"footnotes":""},"categories":[174],"tags":[255,146,147,25,24,256,23],"class_list":{"0":"post-241956","1":"post","2":"type-post","3":"status-publish","4":"format-standard","5":"has-post-thumbnail","7":"category-famosos","8":"tag-celebrities","9":"tag-entertainment","10":"tag-entretenimiento","11":"tag-es","12":"tag-espana","13":"tag-famosos","14":"tag-spain"},"share_on_mastodon":{"url":"https:\/\/pubeurope.com\/@es\/115568325629239010","error":""},"_links":{"self":[{"href":"https:\/\/www.europesays.com\/es\/wp-json\/wp\/v2\/posts\/241956","targetHints":{"allow":["GET"]}}],"collection":[{"href":"https:\/\/www.europesays.com\/es\/wp-json\/wp\/v2\/posts"}],"about":[{"href":"https:\/\/www.europesays.com\/es\/wp-json\/wp\/v2\/types\/post"}],"author":[{"embeddable":true,"href":"https:\/\/www.europesays.com\/es\/wp-json\/wp\/v2\/users\/2"}],"replies":[{"embeddable":true,"href":"https:\/\/www.europesays.com\/es\/wp-json\/wp\/v2\/comments?post=241956"}],"version-history":[{"count":0,"href":"https:\/\/www.europesays.com\/es\/wp-json\/wp\/v2\/posts\/241956\/revisions"}],"wp:featuredmedia":[{"embeddable":true,"href":"https:\/\/www.europesays.com\/es\/wp-json\/wp\/v2\/media\/241957"}],"wp:attachment":[{"href":"https:\/\/www.europesays.com\/es\/wp-json\/wp\/v2\/media?parent=241956"}],"wp:term":[{"taxonomy":"category","embeddable":true,"href":"https:\/\/www.europesays.com\/es\/wp-json\/wp\/v2\/categories?post=241956"},{"taxonomy":"post_tag","embeddable":true,"href":"https:\/\/www.europesays.com\/es\/wp-json\/wp\/v2\/tags?post=241956"}],"curies":[{"name":"wp","href":"https:\/\/api.w.org\/{rel}","templated":true}]}}