{"id":241960,"date":"2025-11-18T02:27:26","date_gmt":"2025-11-18T02:27:26","guid":{"rendered":"https:\/\/www.europesays.com\/es\/241960\/"},"modified":"2025-11-18T02:27:26","modified_gmt":"2025-11-18T02:27:26","slug":"dua-lipa-en-mexico-2025-los-posibles-covers-sorpresa-que-cantara","status":"publish","type":"post","link":"https:\/\/www.europesays.com\/es\/241960\/","title":{"rendered":"Dua Lipa en M\u00e9xico 2025: los posibles covers sorpresa que cantar\u00e1"},"content":{"rendered":"<p>El turno de ver a <strong>Dua Lipa en M\u00e9xico 2025<\/strong> est\u00e1 a la vuelta de la esquina, por lo que los fans mexicanos ya comenzaron a hacer sus apuestas sobre las canciones locales que la artista albanesa de 30 a\u00f1os elegir\u00e1 para el segmento de covers de su Radical Optimism World Tour que se ha vuelto viral a partir de marzo de este a\u00f1o.<\/p>\n<p>La primera fecha de su tercera gira mundial fue el 5 de noviembre de 2024 en Singapur. Estuvo haciendo varias presentaciones hasta terminar el a\u00f1o y comenzando el siguiente, pero fue en marzo del 2025 que incorpor\u00f3 <strong>un acto recurrente y \u00fanico a la vez<\/strong> para cada show, siguiendo la tendencia que estableci\u00f3 <a href=\"https:\/\/www.glamour.mx\/articulos\/taylor-swift-anuncia-serie-documental-the-eras-tour-donde-y-cuando-ver\" target=\"_blank\" rel=\"nofollow noopener\">Taylor Swift en The Eras Tour<\/a>, que a\u00f1ade un factor sorpresa y un toque diferenciador a cada concierto.<\/p>\n<p>Por ejemplo, Sabrina Carpenter en Short n&#8217; Sweet hace covers de canciones ic\u00f3nicas, seg\u00fan el resultado del juego Spin The Bottle que realiza en pleno show. Por su parte, Dua Lipa elige <strong>una canci\u00f3n de un artista local<\/strong> en cada ciudad donde se presenta y la canta en vivo con su sello personal. Esta din\u00e1mica gan\u00f3 fuerza viral cuando la hizo en Espa\u00f1a, pues su dominio del espa\u00f1ol en \u2018H\u00e9roe\u2019 de Enrique Iglesias y \u2018Me Gustas T\u00fa\u2019 de Manu Chao sorprendi\u00f3 a todos los usuarios en redes sociales.<\/p>\n<p>Recientemente conquist\u00f3 en Buenos Aires con \u2018De M\u00fasica Ligera\u00bb de Soda Stereo, y \u2019Tu Misterioso Alguien&#8217; de Miranda!; al igual que en Chile con \u2018Tu falta de querer\u2019 de Mon Laferte. Aunque tambi\u00e9n deslumbr\u00f3 con su facilidad para cantar en franc\u00e9s e italiano.<\/p>\n<p>Ahora que est\u00e1 muy cerca de presentarse en M\u00e9xico, hay <strong>muchas candidatas<\/strong> para ser seleccionadas como el cover de la noche en los tres conciertos hasta ahora agendados en la CDMX que se llevar\u00e1n a cabo a principios de diciembre. Descubre cu\u00e1les est\u00e1n en los primeros lugares de la contienda.<\/p>\n<p>\u00bfQu\u00e9 canci\u00f3n cantar\u00e1 Dua Lipa en M\u00e9xico 2025?<\/p>\n<p>Recuerda que incluso cabe la posibilidad de que el propio autor o autora la acompa\u00f1en en el escenario, como <a href=\"https:\/\/www.glamour.mx\/articulos\/dua-lipa-sorprende-a-sus-fans-invitando-a-charli-xcx-a-su-concierto-para-cantar-360\" target=\"_blank\" rel=\"nofollow noopener\">cuando Charli XCX subi\u00f3 a cantar \u2018360\u2019 con ella en Londres<\/a>.<\/p>\n<ul>\n<li>\u2018Hasta La Ra\u00edz\u2019 o \u2018En El 2000\u2019 de Natalia Lafourcade<\/li>\n<li>\u2018Eres Para M\u00ed\u2019, \u2018Me Voy\u2019 o \u2018Lim\u00f3n Y Sal\u2019 de Julieta Venegas<\/li>\n<li>\u2018Abr\u00e1zame Muy Fuerte\u2019 O &#8216;Querida&#8217; Juan Gabriel<\/li>\n<li>\u2018El Triste\u2019 o \u2018La Nave de Olvido\u2019 de Jos\u00e9 Jos\u00e9<\/li>\n<li>\u2018Como La Flor&#8217; de Selena<\/li>\n<li>\u2018La Llorona\u2019 de Chavela Vargas<\/li>\n<li>\u2018Ahora Te Puedes Marchar\u2019 de Luis Miguel<\/li>\n<li>\u2018La Maldita Primavera\u2019 de Yuri<\/li>\n<\/ul>\n<p><img decoding=\"async\" alt=\"Dua Lipa en Mxico 2025\" loading=\"lazy\" class=\"ResponsiveImageContainer-eNxvmU cfBbTk responsive-image__image\"   src=\"https:\/\/www.europesays.com\/es\/wp-content\/uploads\/2025\/11\/1763432846_837_dua-lipa.jpg\"\/><\/p>\n<p>Getty Images.<\/p>\n","protected":false},"excerpt":{"rendered":"El turno de ver a Dua Lipa en M\u00e9xico 2025 est\u00e1 a la vuelta de la esquina, por&hellip;\n","protected":false},"author":2,"featured_media":241961,"comment_status":"","ping_status":"","sticky":false,"template":"","format":"standard","meta":{"footnotes":""},"categories":[170],"tags":[62233,14008,146,147,25,24,184,185,23],"class_list":{"0":"post-241960","1":"post","2":"type-post","3":"status-publish","4":"format-standard","5":"has-post-thumbnail","7":"category-musica","8":"tag-conciertos-en-mexico","9":"tag-dua-lipa","10":"tag-entertainment","11":"tag-entretenimiento","12":"tag-es","13":"tag-espana","14":"tag-music","15":"tag-musica","16":"tag-spain"},"share_on_mastodon":{"url":"https:\/\/pubeurope.com\/@es\/115568341730056777","error":""},"_links":{"self":[{"href":"https:\/\/www.europesays.com\/es\/wp-json\/wp\/v2\/posts\/241960","targetHints":{"allow":["GET"]}}],"collection":[{"href":"https:\/\/www.europesays.com\/es\/wp-json\/wp\/v2\/posts"}],"about":[{"href":"https:\/\/www.europesays.com\/es\/wp-json\/wp\/v2\/types\/post"}],"author":[{"embeddable":true,"href":"https:\/\/www.europesays.com\/es\/wp-json\/wp\/v2\/users\/2"}],"replies":[{"embeddable":true,"href":"https:\/\/www.europesays.com\/es\/wp-json\/wp\/v2\/comments?post=241960"}],"version-history":[{"count":0,"href":"https:\/\/www.europesays.com\/es\/wp-json\/wp\/v2\/posts\/241960\/revisions"}],"wp:featuredmedia":[{"embeddable":true,"href":"https:\/\/www.europesays.com\/es\/wp-json\/wp\/v2\/media\/241961"}],"wp:attachment":[{"href":"https:\/\/www.europesays.com\/es\/wp-json\/wp\/v2\/media?parent=241960"}],"wp:term":[{"taxonomy":"category","embeddable":true,"href":"https:\/\/www.europesays.com\/es\/wp-json\/wp\/v2\/categories?post=241960"},{"taxonomy":"post_tag","embeddable":true,"href":"https:\/\/www.europesays.com\/es\/wp-json\/wp\/v2\/tags?post=241960"}],"curies":[{"name":"wp","href":"https:\/\/api.w.org\/{rel}","templated":true}]}}