{"id":241964,"date":"2025-11-18T02:29:11","date_gmt":"2025-11-18T02:29:11","guid":{"rendered":"https:\/\/www.europesays.com\/es\/241964\/"},"modified":"2025-11-18T02:29:11","modified_gmt":"2025-11-18T02:29:11","slug":"en-un-solo-ano-podria-generar-mas-de-200-millones-de-euros","status":"publish","type":"post","link":"https:\/\/www.europesays.com\/es\/241964\/","title":{"rendered":"En un solo a\u00f1o podr\u00eda generar m\u00e1s de 200 millones de euros"},"content":{"rendered":"<p class=\"ft-text\">En su intervenci\u00f3n en La Posesi\u00f3n de SPORT de este lunes, Juanjo Brau fue tajante al hablar del rol de Leo Messi en el proceso electoral del FC Barcelona.<\/p>\n<p class=\"ft-text\"><strong>\u201c\u00bfPuede Messi decantarse por alguien? Yo lo veo al rev\u00e9s\u201d<\/strong>, afirm\u00f3 el exfisioterapeuta del club.<\/p>\n<p class=\"ft-text\">Para Brau, el argentino est\u00e1 por encima de cualquier movimiento electoral. <strong>\u201cMessi es patrimonio del barcelonismo. Sin duda. Nadie puede apropiarse de su imagen, porque es patrimonio del club\u201d<\/strong>, recalc\u00f3.<\/p>\n<p class=\"ft-text\">Y a\u00f1adi\u00f3 que no debe ser Messi quien d\u00e9 pasos hacia una candidatura, sino al contrario: <strong>\u201cLa vuelta es al rev\u00e9s. Leo no tiene que apoyar a ninguna candidatura. Cuando salga el presidente, es \u00e9l quien debe hacerle la oferta que crea conveniente\u201d<\/strong>.<\/p>\n<p class=\"ft-text\">Aun as\u00ed, Brau se mostr\u00f3 prudente: <strong>\u201cNo s\u00e9 si Messi lo har\u00eda. Yo dudo que lo hiciera, pero sobre todo por eso: porque es patrimonio del club\u201d<\/strong>.<\/p>\n<p>Un impacto econ\u00f3mico descomunal<\/p>\n<p class=\"ft-text\">En el mismo espacio, Llu\u00eds Carrasco aport\u00f3 una dimensi\u00f3n clave: el impacto econ\u00f3mico que tendr\u00eda el regreso de Messi al Bar\u00e7a. Sus cifras fueron rotundas.<\/p>\n<p class=\"ft-text\"><strong>\u201cEntre 200 y 300 millones de impactos solo en un a\u00f1o. Superar los 200 millones de euros es facil\u00edsimo\u201d<\/strong>, asegur\u00f3.<\/p>\n<p class=\"ft-text\">Carrasco destac\u00f3 que la presencia del \u201910\u2019 convertir\u00eda cada partido \u2014en Espa\u00f1a o en Europa\u2014 en un acontecimiento irrepetible: <strong>\u201cCada partido ser\u00eda su homenaje de despedida. Estar\u00edamos ante un hito hist\u00f3rico\u201d<\/strong>.<\/p>\n<p>Una historia pendiente de cerrar<\/p>\n<p class=\"ft-text\">Para Carrasco, la posible vuelta de Messi tiene adem\u00e1s un componente emocional y simb\u00f3lico: <strong>\u201cEstamos hablando de un jugador que naci\u00f3 para nacer y morir en el mismo club, y no se consigui\u00f3\u201d<\/strong>.<\/p>\n<p class=\"ft-text\">Su retorno, afirma, tendr\u00eda una dimensi\u00f3n \u00e9pica: <strong>\u201cSer\u00eda una forma de poner la historia y el universo en su sitio\u201d<\/strong>.<\/p>\n","protected":false},"excerpt":{"rendered":"En su intervenci\u00f3n en La Posesi\u00f3n de SPORT de este lunes, Juanjo Brau fue tajante al hablar del&hellip;\n","protected":false},"author":2,"featured_media":241965,"comment_status":"","ping_status":"","sticky":false,"template":"","format":"standard","meta":{"footnotes":""},"categories":[93],"tags":[3153,168,4083,8333,25,24,7761,11788,5582,23,167],"class_list":{"0":"post-241964","1":"post","2":"type-post","3":"status-publish","4":"format-standard","5":"has-post-thumbnail","7":"category-deportes","8":"tag-carrasco","9":"tag-deportes","10":"tag-desvela","11":"tag-economico","12":"tag-es","13":"tag-espana","14":"tag-impacto","15":"tag-leo-messi","16":"tag-lluis","17":"tag-spain","18":"tag-sports"},"share_on_mastodon":{"url":"https:\/\/pubeurope.com\/@es\/115568349346880459","error":""},"_links":{"self":[{"href":"https:\/\/www.europesays.com\/es\/wp-json\/wp\/v2\/posts\/241964","targetHints":{"allow":["GET"]}}],"collection":[{"href":"https:\/\/www.europesays.com\/es\/wp-json\/wp\/v2\/posts"}],"about":[{"href":"https:\/\/www.europesays.com\/es\/wp-json\/wp\/v2\/types\/post"}],"author":[{"embeddable":true,"href":"https:\/\/www.europesays.com\/es\/wp-json\/wp\/v2\/users\/2"}],"replies":[{"embeddable":true,"href":"https:\/\/www.europesays.com\/es\/wp-json\/wp\/v2\/comments?post=241964"}],"version-history":[{"count":0,"href":"https:\/\/www.europesays.com\/es\/wp-json\/wp\/v2\/posts\/241964\/revisions"}],"wp:featuredmedia":[{"embeddable":true,"href":"https:\/\/www.europesays.com\/es\/wp-json\/wp\/v2\/media\/241965"}],"wp:attachment":[{"href":"https:\/\/www.europesays.com\/es\/wp-json\/wp\/v2\/media?parent=241964"}],"wp:term":[{"taxonomy":"category","embeddable":true,"href":"https:\/\/www.europesays.com\/es\/wp-json\/wp\/v2\/categories?post=241964"},{"taxonomy":"post_tag","embeddable":true,"href":"https:\/\/www.europesays.com\/es\/wp-json\/wp\/v2\/tags?post=241964"}],"curies":[{"name":"wp","href":"https:\/\/api.w.org\/{rel}","templated":true}]}}