{"id":241975,"date":"2025-11-18T02:35:14","date_gmt":"2025-11-18T02:35:14","guid":{"rendered":"https:\/\/www.europesays.com\/es\/241975\/"},"modified":"2025-11-18T02:35:14","modified_gmt":"2025-11-18T02:35:14","slug":"aemet-avisa-de-frio-invernal-en-la-region-de-murcia-y-temperaturas-bajo-cero-llega-una-masa-de-aire-artico","status":"publish","type":"post","link":"https:\/\/www.europesays.com\/es\/241975\/","title":{"rendered":"Aemet avisa de fr\u00edo invernal en la Regi\u00f3n de Murcia y temperaturas bajo cero: \u00abLlega una masa de aire \u00e1rtico\u00bb"},"content":{"rendered":"<p class=\"v-mdl-ath__p v-mdl-ath__p--6\">\nLunes, 17 de noviembre 2025, 18:31<\/p>\n<p>| Actualizado 18:43h.<\/p>\n<p class=\"v-p\">Se ha hecho de rogar pero, casi dos meses despu\u00e9s del inicio del oto\u00f1o, <a href=\"https:\/\/www.laverdad.es\/murcia\/temporal-esquiva-region-murcia-llega-frio-minimas-20251109131617-nt.html\" title=\"www.laverdad.es\" data-voc-vtm-id=\"in-text-traffic\" data-mrf-link=\"www.laverdad.es\" rel=\"nofollow noopener\" target=\"_blank\">el fr\u00edo llega<\/a> a la Regi\u00f3n de Murcia. Y lo va a hacer con fuerza. Despu\u00e9s de largas semanas con calor incluso veraniego y pocas <a href=\"https:\/\/www.laverdad.es\/murcia\/aemet-avisa-lluvias-tormentas-afectaran-region-murcia-20251105184247-nt.html\" title=\"www.laverdad.es\" data-voc-vtm-id=\"in-text-traffic\" data-mrf-link=\"www.laverdad.es\" rel=\"nofollow noopener\" target=\"_blank\">lluvias y tormentas<\/a>, Aemet avisa de un cambio brusco del tiempo durante esta semana. Las temperaturas caer\u00e1n con fuerza, hasta niveles por debajo de lo normal en esta \u00e9poca del a\u00f1o, por la llegada de una masa de aire de origen \u00e1rtico. Sus efectos se notar\u00e1n de forma generalizada en toda Espa\u00f1a y ni la Regi\u00f3n de Murcia se librar\u00e1 esta vez.<\/p>\n<p class=\"v-p\">En los \u00faltimos d\u00edas, de hecho, el cambio ya se ha empezado a notar en la <a href=\"https:\/\/www.laverdad.es\/murcia\/region-murcia-cierra-octubre-tropical-calido-lluvioso-20251105135139-nt.html\" title=\"www.laverdad.es\" data-voc-vtm-id=\"in-text-traffic\" data-mrf-link=\"www.laverdad.es\" rel=\"nofollow noopener\" target=\"_blank\">Regi\u00f3n de Murcia<\/a>. Eso s\u00ed, hay notables diferencias entre el d\u00eda y la noche. Durante la tarde, a\u00fan se superan los 20 grados, como muestran los datos recogidos por las estaciones de la <a href=\"https:\/\/www.laverdad.es\/murcia\/aemet-amplia-aviso-lluvias-tormentas-region-murcia-20251026154449-nt.html\" title=\"www.laverdad.es\" data-voc-vtm-id=\"in-text-traffic\" data-mrf-link=\"www.laverdad.es\" rel=\"nofollow noopener\" target=\"_blank\">Aemet<\/a> durante este lunes. San Javier Cartagena, Murcia, Totana, Lorca y Torre Pacheco son algunas de las zonas que han superado ese umbral en este primer d\u00eda de la semana.<\/p>\n<blockquote class=\"twitter-tweet\">\n<p lang=\"es\" dir=\"ltr\">\u26a0\ufe0f NOTA INFORMATIVA | Episodio de tiempo invernal.<\/p>\n<p>\u27a1\ufe0f Temperaturas fr\u00edas para la \u00e9poca del a\u00f1o, nevadas en cotas bajas y vientos intensos.<\/p>\n<p>\u27a1\ufe0fEl tiempo fr\u00edo se mantendr\u00e1, probablemente, hasta el fin de semana, cuando comenzar\u00e1n a subir las temperaturas.<a href=\"https:\/\/t.co\/0qneNvQx4A\" rel=\"nofollow\">https:\/\/t.co\/0qneNvQx4A<\/a> <a href=\"https:\/\/t.co\/bLL13gZT1n\" rel=\"nofollow\">pic.twitter.com\/bLL13gZT1n<\/a><\/p>\n<p>\u2014 AEMET (@AEMET_Esp) <a href=\"https:\/\/twitter.com\/AEMET_Esp\/status\/1990407440911745425?ref_src=twsrc%5Etfw\" rel=\"nofollow noopener\" target=\"_blank\">November 17, 2025<\/a><\/p><\/blockquote>\n<p class=\"v-p\">Un <a href=\"https:\/\/www.laverdad.es\/murcia\/vale-sobrepredecir-quedarnos-cortos-trabaja-aemet-analizar-20251019130850-nt.html\" title=\"www.laverdad.es\" data-voc-vtm-id=\"in-text-traffic\" data-mrf-link=\"www.laverdad.es\" rel=\"nofollow noopener\" target=\"_blank\">tiempo<\/a> que a\u00fan permite salir en manga corta a la calle en algunas horas del d\u00eda, pero cuando anochece el fresco se empieza a notar. Durante la \u00faltima madrugada, Caravaca, Moratalla, Jumilla y Yecla se han quedado cerca de las m\u00edniams de 5 grados, mientras que en el resto de la Regi\u00f3n de Murcia se superan por poco los 10\u00baC, salvo en los municipios de la costa. Son niveles propios de esta \u00e9poca del a\u00f1o, pero el fr\u00edo de verdad a\u00fan est\u00e1 por llegar.<\/p>\n<p>Los d\u00edas con m\u00e1s fr\u00edo<\/p>\n<p class=\"v-p\">Aemet lanz\u00f3 este lunes una nota informativa para avisar de que llega un \u00abepisodio de tiempo invernal, ya que \u00aba partir del mi\u00e9rcoles penetrar\u00e1 en la Pen\u00ednsula una <a href=\"https:\/\/www.laverdad.es\/murcia\/vuelven-lluvias-region-murcia-fin-semana-masa-20251024180303-nt.html\" title=\"www.laverdad.es\" data-voc-vtm-id=\"in-text-traffic\" data-mrf-link=\"www.laverdad.es\" rel=\"nofollow noopener\" target=\"_blank\">masa de aire de origen \u00e1rtico<\/a> que dar\u00e1 lugar a un acusado descenso t\u00e9rmico generalizado y nevadas que afectar\u00e1n principalmente al tercio norte peninsular\u00bb.<\/p>\n<p>Las m\u00ednimas de esta semana<\/p>\n<ul class=\"v-u\">\n<li class=\"v-u__l\">\n<p class=\"v-p\">\nCartagena<br \/>\n9 grados\n<\/p>\n<\/li>\n<li class=\"v-u__l\">\n<p class=\"v-p\">\nMurcia<br \/>\n7\n<\/p>\n<\/li>\n<li class=\"v-u__l\">\n<p class=\"v-p\">\nMolina<br \/>\n6\n<\/p>\n<\/li>\n<li class=\"v-u__l\">\n<p class=\"v-p\">\nCieza y Lorca<br \/>\n4\n<\/p>\n<\/li>\n<li class=\"v-u__l\">\n<p class=\"v-p\">\nCaravaca<br \/>\n1\n<\/p>\n<\/li>\n<li class=\"v-u__l\">\n<p class=\"v-p\">\nJumilla<br \/>\n-1\n<\/p>\n<\/li>\n<\/ul>\n<p class=\"v-p\">Desde el m\u00edercoles, las m\u00ednimas caer\u00e1n por debajo de los 5 grados en el Altiplano y el Noroeste. El fr\u00edo alcanzar\u00e1 su punto \u00e1lgido en la Regi\u00f3n de Murcia a partir del jueves, cuando las m\u00e1ximas de 20 grados no se superar\u00e1n en ning\u00fan punto de la geograf\u00eda murciana. Y el viernes ser\u00e1n a\u00fan m\u00e1s bajas: de 15 grados en Murcia, Molina de Segura, Lorca y la costa. En el Altiplano y el Noroeste, ni siquiera llegar\u00e1n a los 10 grados.<\/p>\n<p class=\"v-p\">Habr\u00e1 que abrigarse durante todo el d\u00eda, pero sobre todo por la noche. Las m\u00ednimas ser\u00e1n inferiores a 10 grados en todos los municipios durante la noche del jueves y del viernes. Las m\u00e1s bajas se esperan en Jumilla: hasta 1 grados bajo cero en las primeras horas del viernes. En otra localidades como Yecla, Caravaca, Ceheg\u00edn y Moratalla estar\u00e1n entre 0 y 1 grado.<\/p>\n<p>Reporta un error<\/p>\n<p><script async src=\"https:\/\/platform.twitter.com\/widgets.js\" charset=\"utf-8\"><\/script><\/p>\n","protected":false},"excerpt":{"rendered":"Lunes, 17 de noviembre 2025, 18:31 | Actualizado 18:43h. Se ha hecho de rogar pero, casi dos meses&hellip;\n","protected":false},"author":2,"featured_media":241976,"comment_status":"","ping_status":"","sticky":false,"template":"","format":"standard","meta":{"footnotes":""},"categories":[8],"tags":[2980,4647,1618,7994,7569,17,18,3145,25,24,13,14,16249,11,30139,19,20,5012,9752,1478,9,10,15,16,6192,23,6195,12,21,22],"class_list":{"0":"post-241975","1":"post","2":"type-post","3":"status-publish","4":"format-standard","5":"has-post-thumbnail","7":"category-espana","8":"tag-aemet","9":"tag-aire","10":"tag-artico","11":"tag-avisa","12":"tag-bajo","13":"tag-breaking-news","14":"tag-breakingnews","15":"tag-cero","16":"tag-es","17":"tag-espana","18":"tag-featured-news","19":"tag-featurednews","20":"tag-frio","21":"tag-headlines","22":"tag-invernal","23":"tag-latest-news","24":"tag-latestnews","25":"tag-llega","26":"tag-masa","27":"tag-murcia","28":"tag-news","29":"tag-noticias","30":"tag-noticias-destacadas","31":"tag-noticiasdestacadas","32":"tag-region","33":"tag-spain","34":"tag-temperaturas","35":"tag-titulares","36":"tag-ultimas-noticias","37":"tag-ultimasnoticias"},"share_on_mastodon":{"url":"https:\/\/pubeurope.com\/@es\/115568372869450304","error":""},"_links":{"self":[{"href":"https:\/\/www.europesays.com\/es\/wp-json\/wp\/v2\/posts\/241975","targetHints":{"allow":["GET"]}}],"collection":[{"href":"https:\/\/www.europesays.com\/es\/wp-json\/wp\/v2\/posts"}],"about":[{"href":"https:\/\/www.europesays.com\/es\/wp-json\/wp\/v2\/types\/post"}],"author":[{"embeddable":true,"href":"https:\/\/www.europesays.com\/es\/wp-json\/wp\/v2\/users\/2"}],"replies":[{"embeddable":true,"href":"https:\/\/www.europesays.com\/es\/wp-json\/wp\/v2\/comments?post=241975"}],"version-history":[{"count":0,"href":"https:\/\/www.europesays.com\/es\/wp-json\/wp\/v2\/posts\/241975\/revisions"}],"wp:featuredmedia":[{"embeddable":true,"href":"https:\/\/www.europesays.com\/es\/wp-json\/wp\/v2\/media\/241976"}],"wp:attachment":[{"href":"https:\/\/www.europesays.com\/es\/wp-json\/wp\/v2\/media?parent=241975"}],"wp:term":[{"taxonomy":"category","embeddable":true,"href":"https:\/\/www.europesays.com\/es\/wp-json\/wp\/v2\/categories?post=241975"},{"taxonomy":"post_tag","embeddable":true,"href":"https:\/\/www.europesays.com\/es\/wp-json\/wp\/v2\/tags?post=241975"}],"curies":[{"name":"wp","href":"https:\/\/api.w.org\/{rel}","templated":true}]}}