{"id":241979,"date":"2025-11-18T02:41:12","date_gmt":"2025-11-18T02:41:12","guid":{"rendered":"https:\/\/www.europesays.com\/es\/241979\/"},"modified":"2025-11-18T02:41:12","modified_gmt":"2025-11-18T02:41:12","slug":"republica-checa-el-rival-de-espana-en-cuartos-de-copa-davis-jugadores-y-su-ranking-atp","status":"publish","type":"post","link":"https:\/\/www.europesays.com\/es\/241979\/","title":{"rendered":"Rep\u00fablica Checa, el rival de Espa\u00f1a en cuartos de Copa Davis: jugadores y su ranking ATP"},"content":{"rendered":"<p class=\"\">A expensas de conocer <a href=\"https:\/\/as.com\/tenis\/copa_davis\/en-vilo-por-alcaraz-f202511-n\/\" target=\"_self\" rel=\"nofollow noopener\" title=\"https:\/\/as.com\/tenis\/copa_davis\/en-vilo-por-alcaraz-f202511-n\/\">si Carlitos Alcaraz podr\u00e1 formar parte de la Final a ocho de la Copa Davis<\/a> en el <b>BolognaFiere<\/b>, lo que s\u00ed sabe el combinado espa\u00f1ol dirigido por David Ferrer <b>es el bloque de tenistas que componen la selecci\u00f3n checa<\/b>. Sin duda la gran tapada <a href=\"https:\/\/as.com\/tenis\/copa_davis\/zverev-jugue-contra-nadal-en-una-plaza-de-toros-esa-es-para-mi-la-verdadera-copa-davis-f202511-n\/\" target=\"_self\" rel=\"nofollow noopener\" title=\"https:\/\/as.com\/tenis\/copa_davis\/zverev-jugue-contra-nadal-en-una-plaza-de-toros-esa-es-para-mi-la-verdadera-copa-davis-f202511-n\/\">de una prestigiosa competici\u00f3n que ha sido objeto de cr\u00edticas durante las ATP Finals<\/a>.<\/p>\n<p class=\"\">La Rep\u00fablica Checa estar\u00e1 dirigida por <b>Tom\u00e1s Berdych<\/b>, quien lleg\u00f3 a ocupar la cuarta plaza del ranking ATP y <b>logr\u00f3 derrotar a los integrantes del <\/b><b>Big Three<\/b> durante su etapa como tenista. En concreto, seis veces a <b>Roger Federer<\/b>, cuatro a <b>Rafael Nadal<\/b> y tres a <b>Novak Djokovic<\/b>. <\/p>\n<p class=\"\">Tambi\u00e9n fue part\u00edcipe de la conquista de <b>dos de las tres ensaladeras que tiene la selecci\u00f3n checa en sus vitrinas<\/b>: las ediciones de 2012 y 2013, que permitieron romper una sequ\u00eda de 42 a\u00f1os sin que la Davis viajara al pa\u00eds de Europa central (la primera fue en 1980).<\/p>\n<p class=\"\">Adem\u00e1s de contar con memoria de \u00e9xito en el banco, los checos estar\u00e1n liderados por <b>Jiri Lehecka y Jakub Mensik<\/b>, que ocupan las plazas 17\u00ba y 19\u00ba del <a href=\"https:\/\/as.com\/resultados\/tenis\/ranking-atp_mundial_individuales\/\" target=\"_self\" rel=\"nofollow noopener\" title=\"https:\/\/as.com\/resultados\/tenis\/ranking-atp_mundial_individuales\/\">ranking ATP<\/a> respectivamente. El primero ha firmado una temporada m\u00e1s que notable <b>levantando el t\u00edtulo del ATP 250 de Brisbane<\/b>, siendo <b>subcampe\u00f3n del ATP 250 de Bruselas y Queen\u2019s<\/b>, alcanzando <b>los cuartos de final del US Open<\/b> <b>y manteni\u00e9ndose invicto en los <\/b><b>qualifiers<\/b>, donde venci\u00f3 a Taylor Fritz. Por su parte, <b>Mensik<\/b> ha roto todos los esquemas este 2025 pese a su corta edad (20 a\u00f1os) <a href=\"https:\/\/as.com\/tenis\/mensik-conquista-miami-y-frustra-el-titulo-numero-100-de-djokovic-n\/\" target=\"_self\" rel=\"nofollow noopener\" title=\"https:\/\/as.com\/tenis\/mensik-conquista-miami-y-frustra-el-titulo-numero-100-de-djokovic-n\/\">tras alzarse con el Masters 1.000 de Miami venciendo a Nole<\/a>. Un gran proyecto de jugador <a href=\"https:\/\/as.com\/tenis\/masters_1000\/mensik-el-infravalorado-de-su-generacion-cuando-ganas-todos-los-medios-se-interesan-por-ti-n\/\" target=\"_self\" rel=\"nofollow noopener\" title=\"https:\/\/as.com\/tenis\/masters_1000\/mensik-el-infravalorado-de-su-generacion-cuando-ganas-todos-los-medios-se-interesan-por-ti-n\/\">al que entrevist\u00f3 AS hace unos meses<\/a>.<\/p>\n<p class=\"\">Pero los checos tienen vida m\u00e1s all\u00e1 de Lehecka y Mensik. Y es que <b>el tercero en liza es Tom\u00e1s Machac<\/b>, n\u00famero 32 del mundo, que este a\u00f1o <b>se hizo con su primer t\u00edtulo ATP<\/b> <a href=\"https:\/\/as.com\/tenis\/mas_tenis\/machac-acaba-con-el-sueno-de-davidovich-y-gana-en-acapulco-n\/\" target=\"_self\" rel=\"nofollow noopener\" title=\"https:\/\/as.com\/tenis\/mas_tenis\/machac-acaba-con-el-sueno-de-davidovich-y-gana-en-acapulco-n\/\">al vencer en Acapulco al espa\u00f1ol Alejandro Davidovich<\/a>. Pese a que no es un reconocido doblista, compiti\u00f3 en esta modalidad en los qualifiers junto a Mensik y en verano lleg\u00f3 a alcanzar los cuartos de final del US Open, por lo que es una opci\u00f3n para Berdych. Eso s\u00ed, el experto en este apartado es <b>Adam Pavlasek<\/b> (53\u00ba en el ranking de dobles), que ha logrado <b>cinco t\u00edtulos<\/b> y alcanzado <b>dos cuartos de final en Grand Slams<\/b>.<\/p>\n<p class=\"\">El conjunto lo completar\u00e1 <b>Vit Kopriva<\/b>, que esta primavera logr\u00f3 colarse en el top 100 mundial. <b>Es el que menos partidos ha disputado en la Copa Davis<\/b> (dos, con un balance de 1-1) de todo el equipo, por lo que ser\u00e1 dif\u00edcil verlo en alguna alineaci\u00f3n durante estas Finales a ocho.<\/p>\n<p class=\"\">La selecci\u00f3n checa<b> ser\u00e1 una gran piedra en el camino de Espa\u00f1a hacia su s\u00e9ptima ensaladera<\/b>. <a href=\"https:\/\/as.com\/tenis\/copa_davis\/finales-copa-davis-2025-cruces-equipos-jugadores-y-capitanes-f202511-n\/\" target=\"_self\" rel=\"nofollow noopener\" title=\"https:\/\/as.com\/tenis\/copa_davis\/finales-copa-davis-2025-cruces-equipos-jugadores-y-capitanes-f202511-n\/\">El enfrentamiento de cuartos de final se producir\u00e1 este pr\u00f3ximo jueves 20 de noviembre<\/a> y el vencedor se enfrentar\u00e1 en semifinales <b>ante el ganador del Argentina-Alemania<\/b>.<\/p>\n<p>Noticias relacionadas<a href=\"https:\/\/as.com\/tenis\/copa_davis\/en-vilo-por-alcaraz-f202511-n\/\" class=\"s_m_w _rt-16x9\" title=\"El murciano se somete este lunes a pruebas m\u00e9dicas para valorar sus molestias en el isquio y Espa\u00f1a cancela la rueda de prensa\" data-tb-link=\"\" rel=\"nofollow noopener\" target=\"_blank\"><img decoding=\"async\" src=\"https:\/\/www.europesays.com\/es\/wp-content\/uploads\/2025\/11\/DCH6MTBL4FO4ZNUJMMPZCE6O64.jpg\" alt=\"En vilo por Alcaraz\" class=\"\" height=\"9\" width=\"16\"   loading=\"lazy\" data-tb-thumbnail=\"\"\/><\/a><a href=\"https:\/\/as.com\/tenis\/copa_davis\/zverev-jugue-contra-nadal-en-una-plaza-de-toros-esa-es-para-mi-la-verdadera-copa-davis-f202511-n\/\" class=\"s_m_w _rt-16x9\" title=\"El alem\u00e1n se ha unido a las cr\u00edticas de Sinner y Alcaraz sobre la Davis. \u201cLa voy a jugar solo porque mis compa\u00f1eros de equipo me lo pidieron\u201d, ha afirmado.\" data-tb-link=\"\" rel=\"nofollow noopener\" target=\"_blank\"><img decoding=\"async\" src=\"https:\/\/www.europesays.com\/es\/wp-content\/uploads\/2025\/11\/1763433672_710_SOWHJ7WUINMJFLFUI6QREPKEEM.jpg\" alt=\"Zverev: \u201cJugu\u00e9 contra Nadal en una plaza de toros; esa es la verdadera Copa Davis\u201d\" class=\"\" height=\"9\" width=\"16\"   loading=\"lazy\" data-tb-thumbnail=\"\"\/><\/a><\/p>\n<p class=\"\"><b>\u00a1Tus opiniones importan!<\/b> Comenta en los art\u00edculos y suscr\u00edbete gratis a nuestra <a href=\"https:\/\/asfan.as.com\/newsletters\/\" rel=\"nofollow noopener\" title=\"https:\/\/asfan.as.com\/newsletters\/\" target=\"_blank\">newsletter<\/a> y a las alertas informativas en la <a href=\"https:\/\/as.com\/aplicacion-de-as-n\/\" rel=\"nofollow noopener\" title=\"https:\/\/as.com\/aplicacion-de-as-n\/\" target=\"_blank\">App<\/a> o el canal de <a href=\"https:\/\/www.whatsapp.com\/channel\/0029VaAasdA7j6g745nz9M10\" rel=\"nofollow noopener\" title=\"https:\/\/www.whatsapp.com\/channel\/0029VaAasdA7j6g745nz9M10\" target=\"_blank\">WhatsApp<\/a>.<\/p>\n<p class=\"\">\u00bfBuscas licenciar contenido? Haz clic <a href=\"https:\/\/profesional.elpais.com\/soluciones-sindicacion?utm_medium=interno&amp;utm_source=crosslinking&amp;utm_campaign=sindicacion_as_pie_articulos\" rel=\"nofollow noopener\" title=\"https:\/\/profesional.elpais.com\/soluciones-sindicacion?utm_medium=interno&amp;utm_source=crosslinking&amp;utm_campaign=sindicacion_as_pie_articulos\" target=\"_blank\">aqu\u00ed<\/a><\/p>\n","protected":false},"excerpt":{"rendered":"A expensas de conocer si Carlitos Alcaraz podr\u00e1 formar parte de la Final a ocho de la Copa&hellip;\n","protected":false},"author":2,"featured_media":241980,"comment_status":"","ping_status":"","sticky":false,"template":"","format":"standard","meta":{"footnotes":""},"categories":[274],"tags":[168,25,24,23,167,327,326],"class_list":{"0":"post-241979","1":"post","2":"type-post","3":"status-publish","4":"format-standard","5":"has-post-thumbnail","7":"category-tenis","8":"tag-deportes","9":"tag-es","10":"tag-espana","11":"tag-spain","12":"tag-sports","13":"tag-tenis","14":"tag-tennis"},"share_on_mastodon":{"url":"https:\/\/pubeurope.com\/@es\/115568396486857814","error":""},"_links":{"self":[{"href":"https:\/\/www.europesays.com\/es\/wp-json\/wp\/v2\/posts\/241979","targetHints":{"allow":["GET"]}}],"collection":[{"href":"https:\/\/www.europesays.com\/es\/wp-json\/wp\/v2\/posts"}],"about":[{"href":"https:\/\/www.europesays.com\/es\/wp-json\/wp\/v2\/types\/post"}],"author":[{"embeddable":true,"href":"https:\/\/www.europesays.com\/es\/wp-json\/wp\/v2\/users\/2"}],"replies":[{"embeddable":true,"href":"https:\/\/www.europesays.com\/es\/wp-json\/wp\/v2\/comments?post=241979"}],"version-history":[{"count":0,"href":"https:\/\/www.europesays.com\/es\/wp-json\/wp\/v2\/posts\/241979\/revisions"}],"wp:featuredmedia":[{"embeddable":true,"href":"https:\/\/www.europesays.com\/es\/wp-json\/wp\/v2\/media\/241980"}],"wp:attachment":[{"href":"https:\/\/www.europesays.com\/es\/wp-json\/wp\/v2\/media?parent=241979"}],"wp:term":[{"taxonomy":"category","embeddable":true,"href":"https:\/\/www.europesays.com\/es\/wp-json\/wp\/v2\/categories?post=241979"},{"taxonomy":"post_tag","embeddable":true,"href":"https:\/\/www.europesays.com\/es\/wp-json\/wp\/v2\/tags?post=241979"}],"curies":[{"name":"wp","href":"https:\/\/api.w.org\/{rel}","templated":true}]}}